{"id":855,"date":"2017-02-08T14:32:37","date_gmt":"2017-02-08T13:32:37","guid":{"rendered":"http:\/\/nowa.moja-gazeta.info\/?p=855"},"modified":"2017-02-09T09:28:35","modified_gmt":"2017-02-09T08:28:35","slug":"sprawdz-kto-jest-twoim-dzielnicowym-w-powiecie-zary","status":"publish","type":"post","link":"https:\/\/moja24.pl\/index.php\/2017\/02\/08\/sprawdz-kto-jest-twoim-dzielnicowym-w-powiecie-zary\/","title":{"rendered":"Sprawd\u017a kto jest twoim dzielnicowym"},"content":{"rendered":"<p><u>Dzielnica nr 1 <\/u><\/p>\n<p><img loading=\"lazy\" decoding=\"async\" class=\"alignleft size-medium wp-image-857\" src=\"http:\/\/nowa.moja-gazeta.info\/wp-content\/uploads\/2017\/02\/sier\u017c.-Bartosz-G\u00f3rski-d-nr-1-300x200.jpg\" alt=\"\" width=\"300\" height=\"200\" srcset=\"https:\/\/moja24.pl\/wp-content\/uploads\/2017\/02\/sier\u017c.-Bartosz-G\u00f3rski-d-nr-1-300x200.jpg 300w, https:\/\/moja24.pl\/wp-content\/uploads\/2017\/02\/sier\u017c.-Bartosz-G\u00f3rski-d-nr-1-768x513.jpg 768w, https:\/\/moja24.pl\/wp-content\/uploads\/2017\/02\/sier\u017c.-Bartosz-G\u00f3rski-d-nr-1-1024x683.jpg 1024w, https:\/\/moja24.pl\/wp-content\/uploads\/2017\/02\/sier\u017c.-Bartosz-G\u00f3rski-d-nr-1-696x464.jpg 696w, https:\/\/moja24.pl\/wp-content\/uploads\/2017\/02\/sier\u017c.-Bartosz-G\u00f3rski-d-nr-1-1068x713.jpg 1068w, https:\/\/moja24.pl\/wp-content\/uploads\/2017\/02\/sier\u017c.-Bartosz-G\u00f3rski-d-nr-1-629x420.jpg 629w\" sizes=\"auto, (max-width: 300px) 100vw, 300px\" \/>\u00a0sier\u017c. Bartosz G\u00f3rski<\/p>\n<p>tel. kom. 519534570, e-mail: dzielnicowy.zary1@go.policja.gov.pl<\/p>\n<p>Ulice: Brata Alberta, Broniewskiego, Bukowa, Cegielniana, Dygasi\u0144skiego, Fabryczna, Gabrieli Zapolskiej, Huculska, Hutnicza, Irysowa, Kalinowa, Kaszubska, Katowicka nr 2, Kolejowa, Komuny Paryskiej, Le\u015bna, M\u0142ynarska, Okrzei, Opalowa, Polna, Po\u0142udniowa, P\u00f3\u0142nocna, Rataja, R\u00f3\u017cana, S\u0142oneczna, Szkolna, Szmaragdowa, \u015arednia, Towarowa, Tunelowa, Turkusowa, Witosa,\u00a0 Zgorzelecka, \u00a0\u0179r\u00f3dlana.<\/p>\n<p><u>Dzielnica nr 2<\/u><\/p>\n<p><img loading=\"lazy\" decoding=\"async\" class=\"alignleft size-medium wp-image-858\" src=\"http:\/\/nowa.moja-gazeta.info\/wp-content\/uploads\/2017\/02\/st.post-Zbigniew-Kolada-d-nr2-300x200.jpg\" alt=\"\" width=\"300\" height=\"200\" srcset=\"https:\/\/moja24.pl\/wp-content\/uploads\/2017\/02\/st.post-Zbigniew-Kolada-d-nr2-300x200.jpg 300w, https:\/\/moja24.pl\/wp-content\/uploads\/2017\/02\/st.post-Zbigniew-Kolada-d-nr2-768x513.jpg 768w, https:\/\/moja24.pl\/wp-content\/uploads\/2017\/02\/st.post-Zbigniew-Kolada-d-nr2-1024x683.jpg 1024w, https:\/\/moja24.pl\/wp-content\/uploads\/2017\/02\/st.post-Zbigniew-Kolada-d-nr2-696x464.jpg 696w, https:\/\/moja24.pl\/wp-content\/uploads\/2017\/02\/st.post-Zbigniew-Kolada-d-nr2-1068x713.jpg 1068w, https:\/\/moja24.pl\/wp-content\/uploads\/2017\/02\/st.post-Zbigniew-Kolada-d-nr2-629x420.jpg 629w\" sizes=\"auto, (max-width: 300px) 100vw, 300px\" \/>st.post. Zbiegniew Kolada<\/p>\n<p>tel. kom. 519534571, e-mail: <a href=\"mailto:dzielnicowy.zary2@go.policja.gov.pl\">dzielnicowy.zary2@go.policja.gov.pl<\/a><\/p>\n<p>Ulice: Baczy\u0144skiego Kamila, Bia\u0142ostocka, Che\u0142mska, Cz\u0119stochowska, G\u0142ogowska, G\u00f3rno\u015bl\u0105ska, Gnie\u017anie\u0144ska, Kasprzaka, Katowicka bez nr 2, Kielecka, Krakowska, Lubelska, M\u0119czennik\u00f3w O\u015bwi\u0119cimskich, Radomska, Rzeszowska, Serbska, Szarych Szereg\u00f3w, Trasa\u00a0 XXX- lecia, Zamojska, Zwyci\u0119zc\u00f3w.<\/p>\n<p>&nbsp;<\/p>\n<p><u>Dzielnica nr 3<\/u><\/p>\n<p><img loading=\"lazy\" decoding=\"async\" class=\"alignleft size-medium wp-image-859\" src=\"http:\/\/nowa.moja-gazeta.info\/wp-content\/uploads\/2017\/02\/sier\u017c.szt_.-Dariusz-Karbowski-d-nr-3-300x200.jpg\" alt=\"\" width=\"300\" height=\"200\" srcset=\"https:\/\/moja24.pl\/wp-content\/uploads\/2017\/02\/sier\u017c.szt_.-Dariusz-Karbowski-d-nr-3-300x200.jpg 300w, https:\/\/moja24.pl\/wp-content\/uploads\/2017\/02\/sier\u017c.szt_.-Dariusz-Karbowski-d-nr-3-768x513.jpg 768w, https:\/\/moja24.pl\/wp-content\/uploads\/2017\/02\/sier\u017c.szt_.-Dariusz-Karbowski-d-nr-3-1024x683.jpg 1024w, https:\/\/moja24.pl\/wp-content\/uploads\/2017\/02\/sier\u017c.szt_.-Dariusz-Karbowski-d-nr-3-696x464.jpg 696w, https:\/\/moja24.pl\/wp-content\/uploads\/2017\/02\/sier\u017c.szt_.-Dariusz-Karbowski-d-nr-3-1068x713.jpg 1068w, https:\/\/moja24.pl\/wp-content\/uploads\/2017\/02\/sier\u017c.szt_.-Dariusz-Karbowski-d-nr-3-629x420.jpg 629w\" sizes=\"auto, (max-width: 300px) 100vw, 300px\" \/>sier\u017c. szt. Dariusz Karbowski<\/p>\n<p>tel. kom. 519534573, e-mail: <a href=\"mailto:dzielnicowy.zary3@go.policja.gov.pl\">dzielnicowy.zary3@go.policja.gov.pl<\/a><\/p>\n<p>Ulice:Artylerzyst\u00f3w, Broni Pancernej, Browarna, Buczka, Chrobrego Boles\u0142awa, Cicha, D\u0142ugosza, Jagie\u0142\u0142y, Kaczy Rynek, K\u0105pielowa, Ko\u015bcielna, Ksi\u0105\u017c\u0119ca, Legionist\u00f3w, Mieszka I, My\u015bliwska, Ogrodowa, Osadnik\u00f3w Wojskowych, Plac Pionier\u00f3w Ziemi \u017barskiej, Plac Przyja\u017ani, Plac Zamkowy, Platter Emilii, Pocztowa, Podchor\u0105\u017cych, Podwale do \u017bymierskiego, Prze\u0142adunkowa,\u00a0 Ratuszowa, Rynek, U\u0142a\u0144ska, Wroc\u0142awska.<\/p>\n<p><u>Dzielnica nr 4<\/u><\/p>\n<p><img loading=\"lazy\" decoding=\"async\" class=\"alignleft size-medium wp-image-860\" src=\"http:\/\/nowa.moja-gazeta.info\/wp-content\/uploads\/2017\/02\/sier\u017c.-\u017baneta-Migas-d-nr4-300x200.jpg\" alt=\"\" width=\"300\" height=\"200\" srcset=\"https:\/\/moja24.pl\/wp-content\/uploads\/2017\/02\/sier\u017c.-\u017baneta-Migas-d-nr4-300x200.jpg 300w, https:\/\/moja24.pl\/wp-content\/uploads\/2017\/02\/sier\u017c.-\u017baneta-Migas-d-nr4-768x513.jpg 768w, https:\/\/moja24.pl\/wp-content\/uploads\/2017\/02\/sier\u017c.-\u017baneta-Migas-d-nr4-1024x683.jpg 1024w, https:\/\/moja24.pl\/wp-content\/uploads\/2017\/02\/sier\u017c.-\u017baneta-Migas-d-nr4-696x464.jpg 696w, https:\/\/moja24.pl\/wp-content\/uploads\/2017\/02\/sier\u017c.-\u017baneta-Migas-d-nr4-1068x713.jpg 1068w, https:\/\/moja24.pl\/wp-content\/uploads\/2017\/02\/sier\u017c.-\u017baneta-Migas-d-nr4-629x420.jpg 629w\" sizes=\"auto, (max-width: 300px) 100vw, 300px\" \/>sier\u017c. \u017baneta Migas<\/p>\n<ol>\n<li>519-534-575, e-mail: <a href=\"mailto:dzielnicowy.zary4@go.policja.gov.pl\">dzielnicowy.zary4@go.policja.gov.pl<\/a><\/li>\n<\/ol>\n<p>&nbsp;<\/p>\n<p>Ulice:17 lutego, Kazimierza Wielkiego, Kr\u00f3tka, Kurpi\u0144skiego, Nowowiejskiego, Paderewskiego, Szymanowskiego, Telemanna, Wieniawskiego.<\/p>\n<p><u>Dzielnica nr 5<\/u><\/p>\n<p><img loading=\"lazy\" decoding=\"async\" class=\"alignleft size-medium wp-image-861\" src=\"http:\/\/nowa.moja-gazeta.info\/wp-content\/uploads\/2017\/02\/ml.-asp.-Marcin-Jele\u0144-d-nr5-300x200.jpg\" alt=\"\" width=\"300\" height=\"200\" srcset=\"https:\/\/moja24.pl\/wp-content\/uploads\/2017\/02\/ml.-asp.-Marcin-Jele\u0144-d-nr5-300x200.jpg 300w, https:\/\/moja24.pl\/wp-content\/uploads\/2017\/02\/ml.-asp.-Marcin-Jele\u0144-d-nr5-768x513.jpg 768w, https:\/\/moja24.pl\/wp-content\/uploads\/2017\/02\/ml.-asp.-Marcin-Jele\u0144-d-nr5-1024x683.jpg 1024w, https:\/\/moja24.pl\/wp-content\/uploads\/2017\/02\/ml.-asp.-Marcin-Jele\u0144-d-nr5-696x464.jpg 696w, https:\/\/moja24.pl\/wp-content\/uploads\/2017\/02\/ml.-asp.-Marcin-Jele\u0144-d-nr5-1068x713.jpg 1068w, https:\/\/moja24.pl\/wp-content\/uploads\/2017\/02\/ml.-asp.-Marcin-Jele\u0144-d-nr5-629x420.jpg 629w\" sizes=\"auto, (max-width: 300px) 100vw, 300px\" \/>M\u0142.asp. Marcin Jele\u0144<\/p>\n<p>tel. kom. 519534576, e-mail: <a href=\"mailto:dzielnicowy.zary5@go.policja.gov.p\">dzielnicowy.zary5@go.policja.gov.p<\/a><\/p>\n<p>Ulice: Asnyka, Batorego, Brzoskwiniowa, Budowlanych, Chopina, Czere\u015bniowa, Czerwonego Krzy\u017ca, Drzyma\u0142y, G\u0142owackiego Bartosza, Gospodarcza, Handlowa, Jagiello\u0144ska, Jakubicy, Kili\u0144skiego J., Ko\u0142\u0142\u0105taja, Konarskiego, Lotnik\u00f3w, Ludowa, Lutos\u0142awskiego, Malinowa, Marcinkowskiego, Moniuszki, Morelowa, Niemcewicza, Orkana, Orzechowa, Piastowska, Plac Inwalid\u00f3w, Plac Konstytucji 3 Maja, Przemys\u0142owa, Rejtana, Robotnicza, Skarbowa od Zielonog\u00f3rskiej do Kili\u0144skiego, Sowi\u0144skiego, Staszica, Strzelc\u00f3w, \u015alusarskiego, Transportowa, Wapienna, Wi\u015bniowa, Zak\u0142adowa, Zielonog\u00f3rska, \u017babikowska.<\/p>\n<p><u>Dzielnica nr 6<\/u><\/p>\n<p><img loading=\"lazy\" decoding=\"async\" class=\"alignleft size-medium wp-image-863\" src=\"http:\/\/nowa.moja-gazeta.info\/wp-content\/uploads\/2017\/02\/st.asp_.-Honoriusz-Silwanowicz-300x200.jpg\" alt=\"\" width=\"300\" height=\"200\" srcset=\"https:\/\/moja24.pl\/wp-content\/uploads\/2017\/02\/st.asp_.-Honoriusz-Silwanowicz-300x200.jpg 300w, https:\/\/moja24.pl\/wp-content\/uploads\/2017\/02\/st.asp_.-Honoriusz-Silwanowicz-768x513.jpg 768w, https:\/\/moja24.pl\/wp-content\/uploads\/2017\/02\/st.asp_.-Honoriusz-Silwanowicz-1024x683.jpg 1024w, https:\/\/moja24.pl\/wp-content\/uploads\/2017\/02\/st.asp_.-Honoriusz-Silwanowicz-696x464.jpg 696w, https:\/\/moja24.pl\/wp-content\/uploads\/2017\/02\/st.asp_.-Honoriusz-Silwanowicz-1068x713.jpg 1068w, https:\/\/moja24.pl\/wp-content\/uploads\/2017\/02\/st.asp_.-Honoriusz-Silwanowicz-629x420.jpg 629w\" sizes=\"auto, (max-width: 300px) 100vw, 300px\" \/>st.asp. Honoriusz Silwanowicz<\/p>\n<p>tel. kom. 519 534 568<\/p>\n<p>e-mail:dzielnicowy.zary6@go.policja.gov.pl<\/p>\n<p>Ulice:11 Listopada, Aleja Jana Paw\u0142a II do parku, Aleja Wojska Polskiego do przejazdu, Bema, J\u00f3zefa, Bociania, Bohater\u00f3w Getta, Ch\u0142opickiego, Che\u0142mo\u0144skiego, Daszy\u0144skiego, D\u0105browskiego, \u00a0Doma\u0144skiego, Fredry, Jask\u00f3\u0142cza, J\u0119czmienna, Kalinowskiego O.R, Konopnickiej Marii, Kopernika, Kossaka, Krasi\u0144skiego, Kraszewskiego, Kuku\u0142cza, Kwiatowa, \u0141okietka, Malczewskiego, Matejki, Mickiewicza, Mi\u0142a, Nadrzeczna, Na\u0142kowskiej, Obro\u0144c\u00f3w, Owsiana, Partyzant\u00f3w, Pileckiego Rondo, Plac Kardyna\u0142a Wyszy\u0144skiego, Plac \u0141u\u017cycki, Plac Wolno\u015bci, Podwale od \u017bymierskiego, Rolnicza, Spokojna, Strusia, Zakopia\u0144ska.<\/p>\n<p>&nbsp;<\/p>\n<p><u>Dzielnica nr 7<\/u><\/p>\n<p><img loading=\"lazy\" decoding=\"async\" class=\"alignleft size-medium wp-image-864\" src=\"http:\/\/nowa.moja-gazeta.info\/wp-content\/uploads\/2017\/02\/st.sier\u017c.-Monika-W\u0105sowicz-199x300.jpg\" alt=\"\" width=\"199\" height=\"300\" srcset=\"https:\/\/moja24.pl\/wp-content\/uploads\/2017\/02\/st.sier\u017c.-Monika-W\u0105sowicz-199x300.jpg 199w, https:\/\/moja24.pl\/wp-content\/uploads\/2017\/02\/st.sier\u017c.-Monika-W\u0105sowicz-768x1156.jpg 768w, https:\/\/moja24.pl\/wp-content\/uploads\/2017\/02\/st.sier\u017c.-Monika-W\u0105sowicz-680x1024.jpg 680w, https:\/\/moja24.pl\/wp-content\/uploads\/2017\/02\/st.sier\u017c.-Monika-W\u0105sowicz-696x1048.jpg 696w, https:\/\/moja24.pl\/wp-content\/uploads\/2017\/02\/st.sier\u017c.-Monika-W\u0105sowicz-1068x1608.jpg 1068w, https:\/\/moja24.pl\/wp-content\/uploads\/2017\/02\/st.sier\u017c.-Monika-W\u0105sowicz-279x420.jpg 279w\" sizes=\"auto, (max-width: 199px) 100vw, 199px\" \/>sier\u017c. Monika W\u0105sowicz<\/p>\n<p>tel.kom. 519 534 248<\/p>\n<p>e-mail: dzielnicowy.zary7@go.policja.gov.pl<\/p>\n<p>Ulice:Akacjowa, Aleja Wojska Polskiego od przejazdu, Armii Krajowej, Batalion\u00f3w Ch\u0142opskich, Bieszczadzka, Bittnera, Botaniczna, Broniewskiego, Brzozowa, Czecha , D\u0119bowa, Dworcowa, Dziewina, Grunwaldzka, Izerska, Karkonoska, Karpacka, Klonowa, Krucza, Kujawska, Kurpiowska, Kusoci\u0144skiego, Lelewela Jakuba, Letniskowa, Leszczy\u0144ska, Lubuska, \u0141\u0105kowa, Malinowskiego, Ma\u0142opolska, Marszowska, Marusarz\u00f3wny Hanki, Mazowiecka, Mazurska, Modrzewiowa, Na wzg\u00f3rzu, Niepodleg\u0142o\u015bci, Opolska, Osadnicza, Pieni\u0144ska, Pionier\u00f3w, Podhala\u0144ska, Podlaska, Pomorska, Powsta\u0144c\u00f3w Wlkp., Pu\u0142askiego, Pytlasi\u0144skiego, Rekreacyjna, Sarnia, Sikorskiego, S\u0142owia\u0144ska, Smoczyka, Sosnowa, Spacerowa, Sportowa, Stamma, Stra\u017cacka, Sudecka, Szklarska, \u015al\u0105ska, \u015awi\u0119tokrzyska, Tatrza\u0144ska, Teligi, Tenisowa, Turystyczna, Warmi\u0144ska, Westerplatte, Wielkopolska, Wile\u0144ska, Wypoczynkowa, Wyzwolenia, Zachodnia , \u017bo\u0142nierska, \u017bwirki i Wigury,.<\/p>\n<p><u>Dzielnica nr 8<\/u><\/p>\n<p><img loading=\"lazy\" decoding=\"async\" class=\"alignleft size-medium wp-image-865\" src=\"http:\/\/nowa.moja-gazeta.info\/wp-content\/uploads\/2017\/02\/m\u0142.asp_.-Krzysztof-Peciuch-300x200.jpg\" alt=\"\" width=\"300\" height=\"200\" srcset=\"https:\/\/moja24.pl\/wp-content\/uploads\/2017\/02\/m\u0142.asp_.-Krzysztof-Peciuch-300x200.jpg 300w, https:\/\/moja24.pl\/wp-content\/uploads\/2017\/02\/m\u0142.asp_.-Krzysztof-Peciuch-768x513.jpg 768w, https:\/\/moja24.pl\/wp-content\/uploads\/2017\/02\/m\u0142.asp_.-Krzysztof-Peciuch-1024x683.jpg 1024w, https:\/\/moja24.pl\/wp-content\/uploads\/2017\/02\/m\u0142.asp_.-Krzysztof-Peciuch-696x464.jpg 696w, https:\/\/moja24.pl\/wp-content\/uploads\/2017\/02\/m\u0142.asp_.-Krzysztof-Peciuch-1068x713.jpg 1068w, https:\/\/moja24.pl\/wp-content\/uploads\/2017\/02\/m\u0142.asp_.-Krzysztof-Peciuch-629x420.jpg 629w\" sizes=\"auto, (max-width: 300px) 100vw, 300px\" \/>m\u0142. asp. Krzysztof Peciuch<\/p>\n<p>tel.kom. 519 534 569<\/p>\n<p>e-mail: dzielnicowy.zary8@go.policja.gov.pl<\/p>\n<p>Miejscowo\u015bci:<\/p>\n<p>Biedrzychowice, Bieni\u00f3w, D\u0105browiec, Dro\u017ck\u00f3w, Grabik, Kad\u0142ubia, Lubanice, Lubomy\u015bl, \u0141ukawy, Marsz\u00f3w, Olszyniec, Surowa, W\u0142ost\u00f3w, Z\u0142otnik.<\/p>\n<p><u>Dzielnica nr 9<\/u><\/p>\n<p><img loading=\"lazy\" decoding=\"async\" class=\"alignleft size-medium wp-image-866\" src=\"http:\/\/nowa.moja-gazeta.info\/wp-content\/uploads\/2017\/02\/sier\u017c.-Bo\u017cena-S\u0142owik-300x200.jpg\" alt=\"\" width=\"300\" height=\"200\" srcset=\"https:\/\/moja24.pl\/wp-content\/uploads\/2017\/02\/sier\u017c.-Bo\u017cena-S\u0142owik-300x200.jpg 300w, https:\/\/moja24.pl\/wp-content\/uploads\/2017\/02\/sier\u017c.-Bo\u017cena-S\u0142owik-768x513.jpg 768w, https:\/\/moja24.pl\/wp-content\/uploads\/2017\/02\/sier\u017c.-Bo\u017cena-S\u0142owik-1024x683.jpg 1024w, https:\/\/moja24.pl\/wp-content\/uploads\/2017\/02\/sier\u017c.-Bo\u017cena-S\u0142owik-696x464.jpg 696w, https:\/\/moja24.pl\/wp-content\/uploads\/2017\/02\/sier\u017c.-Bo\u017cena-S\u0142owik-1068x713.jpg 1068w, https:\/\/moja24.pl\/wp-content\/uploads\/2017\/02\/sier\u017c.-Bo\u017cena-S\u0142owik-629x420.jpg 629w\" sizes=\"auto, (max-width: 300px) 100vw, 300px\" \/>sier\u017c. Bo\u017cena S\u0142owik<\/p>\n<p>tel. kom. 519 534 577<\/p>\n<p>e-mail: dzielnicowy.zary9@go.policja.gov.pl<\/p>\n<p>Miejscowo\u015bci:<\/p>\n<p>Bogumi\u0142\u00f3w, Drozd\u00f3w, Janik\u00f3w, \u0141az, Mi\u0142owice, Mirostowice Dolne, Mirostowice G\u00f3rne, Olbracht\u00f3w, Ro\u015bcice, Rusocice, Sieniawa \u017barska, Siod\u0142o, Stawnik.<\/p>\n<p>&nbsp;<\/p>\n<p><u>Dzielnica nr 10<\/u><\/p>\n<p><img loading=\"lazy\" decoding=\"async\" class=\"alignleft size-medium wp-image-867\" src=\"http:\/\/nowa.moja-gazeta.info\/wp-content\/uploads\/2017\/02\/sier\u017c.szt_.-Marcin-Karpi\u0144ski-300x200.jpg\" alt=\"\" width=\"300\" height=\"200\" srcset=\"https:\/\/moja24.pl\/wp-content\/uploads\/2017\/02\/sier\u017c.szt_.-Marcin-Karpi\u0144ski-300x200.jpg 300w, https:\/\/moja24.pl\/wp-content\/uploads\/2017\/02\/sier\u017c.szt_.-Marcin-Karpi\u0144ski-768x513.jpg 768w, https:\/\/moja24.pl\/wp-content\/uploads\/2017\/02\/sier\u017c.szt_.-Marcin-Karpi\u0144ski-1024x683.jpg 1024w, https:\/\/moja24.pl\/wp-content\/uploads\/2017\/02\/sier\u017c.szt_.-Marcin-Karpi\u0144ski-696x464.jpg 696w, https:\/\/moja24.pl\/wp-content\/uploads\/2017\/02\/sier\u017c.szt_.-Marcin-Karpi\u0144ski-1068x713.jpg 1068w, https:\/\/moja24.pl\/wp-content\/uploads\/2017\/02\/sier\u017c.szt_.-Marcin-Karpi\u0144ski-629x420.jpg 629w\" sizes=\"auto, (max-width: 300px) 100vw, 300px\" \/>sier\u017c. szt. Marcin Karpi\u0144ski<\/p>\n<p>tel. kom. 519 534 574<\/p>\n<p>e-mail: <a href=\"mailto:dzielnicowy.zary10@go.policja.gov.pl\">dzielnicowy.zary10@go.policja.gov.pl<\/a><\/p>\n<p>Gmina Lipinki \u0141u\u017cyckie:Boruszyn, Brzostowa, Cisowa, G\u00f3rka, Grot\u00f3w, Lipinki \u0141u\u017cyckie, Pietrzyk\u00f3w, Piotrowice, Sieciej\u00f3w, Suchleb, Tyliczki, Zaj\u0105czek.<\/p>\n<p><u>Rejon s\u0142u\u017cbowy nr 1<\/u><\/p>\n<p><img loading=\"lazy\" decoding=\"async\" class=\"alignleft size-medium wp-image-871\" src=\"http:\/\/nowa.moja-gazeta.info\/wp-content\/uploads\/2017\/02\/sier\u017c.szt_.-Marcin-Boranowski-225x300.jpg\" alt=\"\" width=\"225\" height=\"300\" srcset=\"https:\/\/moja24.pl\/wp-content\/uploads\/2017\/02\/sier\u017c.szt_.-Marcin-Boranowski-225x300.jpg 225w, https:\/\/moja24.pl\/wp-content\/uploads\/2017\/02\/sier\u017c.szt_.-Marcin-Boranowski-768x1024.jpg 768w, https:\/\/moja24.pl\/wp-content\/uploads\/2017\/02\/sier\u017c.szt_.-Marcin-Boranowski-696x928.jpg 696w, https:\/\/moja24.pl\/wp-content\/uploads\/2017\/02\/sier\u017c.szt_.-Marcin-Boranowski-1068x1424.jpg 1068w, https:\/\/moja24.pl\/wp-content\/uploads\/2017\/02\/sier\u017c.szt_.-Marcin-Boranowski-315x420.jpg 315w\" sizes=\"auto, (max-width: 225px) 100vw, 225px\" \/>sier\u017c. szt. Marcin Boranowski<\/p>\n<p>tel. kontaktowy: 519 534 579<\/p>\n<p>e-mail:dzielnicowy.lubsko1@go.policja.gov.pl<\/p>\n<p>Rejon dzielnicowego obejmuje miasto Lubsko wg ulic: Chopina, Chrobrego, Czwartak\u00f3w, D\u0105browskiego, D\u0119bowa, Emilii Plater, Farbiarska, Gazowa, Gda\u0144ska, Grunwaldzka, Jana Paw\u0142a II, Jasna, Jod\u0142owa, Kana\u0142owa, Konopnickiej, Kopernika, Ko\u015bciuszki, Kosynier\u00f3w, Krakowskie Przedmie\u015bcie, Krasi\u0144skiego, Kr\u00f3tka, Krucza, Letnia, Lucjana Grzei, Mickiewicza, Moniuszki, Nadrzeczna, Niepodleg\u0142o\u015bci, Plac Wolno\u015bci, Paderewskiego, Podmok\u0142a, Pokoju, Pop\u0142awskiego, Pozna\u0144ska, Pu\u0142askiego, Rac\u0142awicka, Reja, Sienkiewicza, Stra\u017cacka, Szpitalna, Tkacka, Warszawska, Winogronowa, Zamkowa, Zieleniecka;<\/p>\n<p>&nbsp;<\/p>\n<p><u>Rejon s\u0142u\u017cbowy nr 2<\/u><\/p>\n<p><img loading=\"lazy\" decoding=\"async\" class=\"alignleft size-medium wp-image-872\" src=\"http:\/\/nowa.moja-gazeta.info\/wp-content\/uploads\/2017\/02\/sier\u017c.-szt.Anna-Pawlakdzieln.-nr-2-Lubsko-225x300.jpg\" alt=\"\" width=\"225\" height=\"300\" srcset=\"https:\/\/moja24.pl\/wp-content\/uploads\/2017\/02\/sier\u017c.-szt.Anna-Pawlakdzieln.-nr-2-Lubsko-225x300.jpg 225w, https:\/\/moja24.pl\/wp-content\/uploads\/2017\/02\/sier\u017c.-szt.Anna-Pawlakdzieln.-nr-2-Lubsko-768x1024.jpg 768w, https:\/\/moja24.pl\/wp-content\/uploads\/2017\/02\/sier\u017c.-szt.Anna-Pawlakdzieln.-nr-2-Lubsko-696x928.jpg 696w, https:\/\/moja24.pl\/wp-content\/uploads\/2017\/02\/sier\u017c.-szt.Anna-Pawlakdzieln.-nr-2-Lubsko-1068x1424.jpg 1068w, https:\/\/moja24.pl\/wp-content\/uploads\/2017\/02\/sier\u017c.-szt.Anna-Pawlakdzieln.-nr-2-Lubsko-315x420.jpg 315w\" sizes=\"auto, (max-width: 225px) 100vw, 225px\" \/>sier\u017c.szt. Anna Pawlak<\/p>\n<p>tel. kontaktowy 519 534 580 lub 68-476 35 16<\/p>\n<p>e-mail dzielnicowy.lubsko2@go.policja.gov.pl<\/p>\n<p>Rejon dzielnicowego obejmuje miasto Lubsko wg ulic:Ba\u015bniowa, Bankowa, Boczna, Bohater\u00f3w, 22-gp lipca, \u00a0Dzia\u0142kowa, Dworzec Towarowy, Fredry, Hubalczyk\u00f3w, Jasie\u0144ska, Kili\u0144skiego, Lipowa, Lubelska, Lubuska, Norwida, Parkowa, Podg\u00f3rna, Plac Vlotho, Powsta\u0144c\u00f3w Wielkopolskich, Reymonta, Skalskiego, Sportowa, Staffa, Sucharskiego, Szkolna, Transportowa, Traugutta, Urocza, Wojska Polskiego, Wyszy\u0144skiego, Zana, Zapolskiej, Z\u0142otka, \u017baga\u0144ska, \u017barska, \u017beromskiego, XX-lecia PRL.<\/p>\n<p>&nbsp;<\/p>\n<p><u>Rejon s\u0142u\u017cbowy nr 3<\/u><\/p>\n<p><img loading=\"lazy\" decoding=\"async\" class=\"alignleft size-medium wp-image-873\" src=\"http:\/\/nowa.moja-gazeta.info\/wp-content\/uploads\/2017\/02\/sier\u017c.szt_.-Bartosz-Kozakiewicz-252x300.jpg\" alt=\"\" width=\"252\" height=\"300\" srcset=\"https:\/\/moja24.pl\/wp-content\/uploads\/2017\/02\/sier\u017c.szt_.-Bartosz-Kozakiewicz-252x300.jpg 252w, https:\/\/moja24.pl\/wp-content\/uploads\/2017\/02\/sier\u017c.szt_.-Bartosz-Kozakiewicz-768x914.jpg 768w, https:\/\/moja24.pl\/wp-content\/uploads\/2017\/02\/sier\u017c.szt_.-Bartosz-Kozakiewicz-861x1024.jpg 861w, https:\/\/moja24.pl\/wp-content\/uploads\/2017\/02\/sier\u017c.szt_.-Bartosz-Kozakiewicz-696x828.jpg 696w, https:\/\/moja24.pl\/wp-content\/uploads\/2017\/02\/sier\u017c.szt_.-Bartosz-Kozakiewicz-1068x1271.jpg 1068w, https:\/\/moja24.pl\/wp-content\/uploads\/2017\/02\/sier\u017c.szt_.-Bartosz-Kozakiewicz-353x420.jpg 353w\" sizes=\"auto, (max-width: 252px) 100vw, 252px\" \/>sier\u017c.szt. Bartosz Kozakiewicz<\/p>\n<p>tel. kontaktowy 519 534 581 lub 68-476 35 18<\/p>\n<p>e-mail:dzielnicowy.lubsko3@go.policja.gov.pl<\/p>\n<p>Rejon obejmuje miasto Lubsko wg ulic: Akacjowa, Artyleryjska, Bociania, Botaniczna, Brzoskwiniowa, Brzozowa, Budowlanych Budziszy\u0144ska, Ceramiczna, Chmielna, Cicha, Czo\u0142gowa, Dojazdowa, Dworcowa, Dworzec Po\u0142udniowy, Geodet\u00f3w, Gliniana, G\u0142owackiego, Grobla, Gronowa, Ho\u017ca, Jagodowa, Jarz\u0119binowa, Jask\u00f3\u0142cza, Ja\u015bminowa, Kasztanowa, Kochanowskiego, Kielecka, Klonowa, Kolejowa, Korczaka, Kosmonaut\u00f3w, Kre\u015blarzy, Kr\u0119ta, Krzywa, Kwiatowa, Letniskowa, Le\u015bna, Lisia, Lotnicza, \u0141ab\u0119dzia, \u0141\u0105kowa, \u0141anowa, \u0141u\u017cycka, Ma\u0142a, M\u0142odzie\u017cowa, Modra, Morelowa, Nowa, Ogrodowa, Orzechowa, Piaskowa, Piastowska, Piwna, Polna, Pomiarowych, Pomorska, Przechodnia, Przemys\u0142owa, Ptasia, Radosna, Raka, Rajska, Robotnicza, Rolnicza, \u015al\u0105ska, S\u0142owackiego, S\u0142owia\u0144ska, S\u0142owicza, Stolarska, Strzelecka, Sybirak\u00f3w, Tenisowa, 1-go Maja, 3-go Maja, Walki M\u0142odych, Weso\u0142a, Wilcza, Wincentego Witosa, Winna, Wiosny Lud\u00f3w, Wi\u015bniowa, W\u0142\u00f3kniarzy, Wronia Wsp\u00f3lna, Zielona, Z\u0142ota, \u017babia, \u017belazna, \u017burawia;<\/p>\n<p><u>Rejon s\u0142u\u017cbowy nr 4<\/u><\/p>\n<p><img loading=\"lazy\" decoding=\"async\" class=\"alignleft size-medium wp-image-874\" src=\"http:\/\/nowa.moja-gazeta.info\/wp-content\/uploads\/2017\/02\/asp.-Krzysztof-Basznica-225x300.jpg\" alt=\"\" width=\"225\" height=\"300\" srcset=\"https:\/\/moja24.pl\/wp-content\/uploads\/2017\/02\/asp.-Krzysztof-Basznica-225x300.jpg 225w, https:\/\/moja24.pl\/wp-content\/uploads\/2017\/02\/asp.-Krzysztof-Basznica-768x1024.jpg 768w, https:\/\/moja24.pl\/wp-content\/uploads\/2017\/02\/asp.-Krzysztof-Basznica-696x928.jpg 696w, https:\/\/moja24.pl\/wp-content\/uploads\/2017\/02\/asp.-Krzysztof-Basznica-1068x1424.jpg 1068w, https:\/\/moja24.pl\/wp-content\/uploads\/2017\/02\/asp.-Krzysztof-Basznica-315x420.jpg 315w\" sizes=\"auto, (max-width: 225px) 100vw, 225px\" \/>asp. Krzysztof Basznica<\/p>\n<p>tel. kontaktowy 519 534 578 lub 68-476 35 17<\/p>\n<p>e-mail: dzielnicowy.lubsko4@go.policja.gov.pl<\/p>\n<p>Rejon dzielnicowego obejmuje miejscowo\u015bci: Bia\u0142k\u00f3w, B\u0142otna, Che\u0142m \u017barski, Chocicz, Chocimek, D\u0105browa, D\u0142u\u017cek, Kol. D\u0142u\u017cek, Gareja, Gozdno,\u00a0 G\u00f3rzyn, Grabk\u00f3w, Janowice, Ka\u0142ek, Lutol, Ma\u0142owice (Malwice), Mierk\u00f3w, Nowiniec, Osiek, Mokra, Raszyn, Stara Woda, Tarn\u00f3w, Tuchola \u017barska, Tymienice, Zi\u0119bik\u00f3w;<\/p>\n<p><u>DZIELNICOWI POSTERUNEK POLICJI W TRZEBIELU:<\/u><\/p>\n<p><u>Rejon s\u0142u\u017cbowy nr1<\/u><\/p>\n<p><img loading=\"lazy\" decoding=\"async\" class=\"alignleft size-medium wp-image-876\" src=\"http:\/\/nowa.moja-gazeta.info\/wp-content\/uploads\/2017\/02\/m\u0142.asp_.-Piotr-Grze\u015bkowiak-PP-Trzebiel-225x300.jpg\" alt=\"\" width=\"225\" height=\"300\" srcset=\"https:\/\/moja24.pl\/wp-content\/uploads\/2017\/02\/m\u0142.asp_.-Piotr-Grze\u015bkowiak-PP-Trzebiel-225x300.jpg 225w, https:\/\/moja24.pl\/wp-content\/uploads\/2017\/02\/m\u0142.asp_.-Piotr-Grze\u015bkowiak-PP-Trzebiel-768x1024.jpg 768w, https:\/\/moja24.pl\/wp-content\/uploads\/2017\/02\/m\u0142.asp_.-Piotr-Grze\u015bkowiak-PP-Trzebiel-696x928.jpg 696w, https:\/\/moja24.pl\/wp-content\/uploads\/2017\/02\/m\u0142.asp_.-Piotr-Grze\u015bkowiak-PP-Trzebiel-1068x1424.jpg 1068w, https:\/\/moja24.pl\/wp-content\/uploads\/2017\/02\/m\u0142.asp_.-Piotr-Grze\u015bkowiak-PP-Trzebiel-315x420.jpg 315w\" sizes=\"auto, (max-width: 225px) 100vw, 225px\" \/> m\u0142.asp. Piotr Grze\u015bkowiak<\/p>\n<p>tel.kontaktowy\u00a0 68-375 42 11 ,\u00a0 519 534 586<\/p>\n<p>e-mail:dzielnicowy.trzebiel1@go.policja.gov.pl<\/p>\n<p>Rejon dzielnicowego obejmuje miejscowo\u015bci:<\/p>\n<p>Trzebiel, Ka\u0142ki, Olszyna, Bukowina, Siedlec, Kamienica, Buczyny, Gniewoszyce, Niwica, \u0141uk\u00f3w, Mieszk\u00f3w, Bogacz\u00f3w, Jasion\u00f3w, J\u0119drzychowice, J\u0119drzychowiczki,Strzeszowice, Chudzowice, Kr\u00f3l\u00f3w<\/p>\n<p><u>Rejon s\u0142u\u017cbowy nr 2<\/u><\/p>\n<p><img loading=\"lazy\" decoding=\"async\" class=\"alignleft size-medium wp-image-877\" src=\"http:\/\/nowa.moja-gazeta.info\/wp-content\/uploads\/2017\/02\/m\u0142.asp_.-Tomasz-Abrahamowski-PP-Trzebiel-225x300.jpg\" alt=\"\" width=\"225\" height=\"300\" srcset=\"https:\/\/moja24.pl\/wp-content\/uploads\/2017\/02\/m\u0142.asp_.-Tomasz-Abrahamowski-PP-Trzebiel-225x300.jpg 225w, https:\/\/moja24.pl\/wp-content\/uploads\/2017\/02\/m\u0142.asp_.-Tomasz-Abrahamowski-PP-Trzebiel-768x1024.jpg 768w, https:\/\/moja24.pl\/wp-content\/uploads\/2017\/02\/m\u0142.asp_.-Tomasz-Abrahamowski-PP-Trzebiel-696x928.jpg 696w, https:\/\/moja24.pl\/wp-content\/uploads\/2017\/02\/m\u0142.asp_.-Tomasz-Abrahamowski-PP-Trzebiel-1068x1424.jpg 1068w, https:\/\/moja24.pl\/wp-content\/uploads\/2017\/02\/m\u0142.asp_.-Tomasz-Abrahamowski-PP-Trzebiel-315x420.jpg 315w\" sizes=\"auto, (max-width: 225px) 100vw, 225px\" \/>\u00a0 m\u0142. asp. Tomasz Abrahamowski<\/p>\n<p>tel. kontaktowy : 68-375 42 11,\u00a0 519 534 587<\/p>\n<p>e-mail:dzielnicowy.trzebiel2@go.policja.gov.pl<\/p>\n<p>Rejon dzielnicowego obejmuje miejscowo\u015bci:<\/p>\n<p>Tuplice, Cielm\u00f3w, Jag\u0142owice, Che\u0142mica, Rytwiny, D\u0119binka, \u0141azy, Czerna, Chlebice, Matuszowie, Grab\u00f3w, Drzeni\u00f3w, Nowa Rola,\u00a0\u00a0\u00a0\u00a0 \u015awibinki, Gr\u0119zawa<\/p>\n<p><u>DZIELNICOWY POSTERUNEK POLICJI W PRZEWOZIE:<\/u><\/p>\n<p><u>Rejon s\u0142u\u017cbowy nr 1<\/u><\/p>\n<p><img loading=\"lazy\" decoding=\"async\" class=\"alignleft size-medium wp-image-878\" src=\"http:\/\/nowa.moja-gazeta.info\/wp-content\/uploads\/2017\/02\/sier\u017c.szt_.-Adrian-Skwarek-PP-Przew\u00f3z-216x300.jpg\" alt=\"\" width=\"216\" height=\"300\" srcset=\"https:\/\/moja24.pl\/wp-content\/uploads\/2017\/02\/sier\u017c.szt_.-Adrian-Skwarek-PP-Przew\u00f3z-216x300.jpg 216w, https:\/\/moja24.pl\/wp-content\/uploads\/2017\/02\/sier\u017c.szt_.-Adrian-Skwarek-PP-Przew\u00f3z-768x1068.jpg 768w, https:\/\/moja24.pl\/wp-content\/uploads\/2017\/02\/sier\u017c.szt_.-Adrian-Skwarek-PP-Przew\u00f3z-736x1024.jpg 736w, https:\/\/moja24.pl\/wp-content\/uploads\/2017\/02\/sier\u017c.szt_.-Adrian-Skwarek-PP-Przew\u00f3z-696x968.jpg 696w, https:\/\/moja24.pl\/wp-content\/uploads\/2017\/02\/sier\u017c.szt_.-Adrian-Skwarek-PP-Przew\u00f3z-1068x1486.jpg 1068w, https:\/\/moja24.pl\/wp-content\/uploads\/2017\/02\/sier\u017c.szt_.-Adrian-Skwarek-PP-Przew\u00f3z-302x420.jpg 302w, https:\/\/moja24.pl\/wp-content\/uploads\/2017\/02\/sier\u017c.szt_.-Adrian-Skwarek-PP-Przew\u00f3z.jpg 1959w\" sizes=\"auto, (max-width: 216px) 100vw, 216px\" \/>sier\u017c.szt. Adrian Skwarek<\/p>\n<p>tel. 68-476 23 79 lub 519-534-588<\/p>\n<p>e-mail:dzielnicowy.przewoz@go.policja.gov.pl<\/p>\n<p>Rejon dzielnicowego obejmuje Gmin\u0119 Przew\u00f3z wg miejscowo\u015bci:<\/p>\n<p>Przew\u00f3z, Bucze, D\u0105browa \u0141u\u017cycka, Lipna, Mielno, Piotr\u00f3w, Sanice, Sobolice, Strasz\u00f3w, W\u0142och\u00f3w, Potok, Jamno, Dobrzy\u0144, Dobroch\u00f3w.<\/p>\n<p><u>DZIELNICOWY POSTERUNEK POLICJI W \u0141\u0118KNICY:<\/u><\/p>\n<p><u>Rejon s\u0142u\u017cbowy nr 1<\/u><\/p>\n<p><img loading=\"lazy\" decoding=\"async\" class=\"alignleft size-medium wp-image-880\" src=\"http:\/\/nowa.moja-gazeta.info\/wp-content\/uploads\/2017\/02\/m\u0142.asp_.-Tomasz-Ja\u0144ski-PP-\u0141\u0119knica-200x300.jpg\" alt=\"\" width=\"200\" height=\"300\" srcset=\"https:\/\/moja24.pl\/wp-content\/uploads\/2017\/02\/m\u0142.asp_.-Tomasz-Ja\u0144ski-PP-\u0141\u0119knica-200x300.jpg 200w, https:\/\/moja24.pl\/wp-content\/uploads\/2017\/02\/m\u0142.asp_.-Tomasz-Ja\u0144ski-PP-\u0141\u0119knica-768x1152.jpg 768w, https:\/\/moja24.pl\/wp-content\/uploads\/2017\/02\/m\u0142.asp_.-Tomasz-Ja\u0144ski-PP-\u0141\u0119knica-683x1024.jpg 683w, https:\/\/moja24.pl\/wp-content\/uploads\/2017\/02\/m\u0142.asp_.-Tomasz-Ja\u0144ski-PP-\u0141\u0119knica-696x1044.jpg 696w, https:\/\/moja24.pl\/wp-content\/uploads\/2017\/02\/m\u0142.asp_.-Tomasz-Ja\u0144ski-PP-\u0141\u0119knica-1068x1602.jpg 1068w, https:\/\/moja24.pl\/wp-content\/uploads\/2017\/02\/m\u0142.asp_.-Tomasz-Ja\u0144ski-PP-\u0141\u0119knica-280x420.jpg 280w\" sizes=\"auto, (max-width: 200px) 100vw, 200px\" \/>m\u0142. asp. Tomasz Ja\u0144ski<\/p>\n<p>tel. kontaktowy: 68-3624811 lub 519-534-585<\/p>\n<p>e-mail: dzielnicowy.leknica@go.policja.gov.pl<\/p>\n<p>Rejon dzielnicowego obejmuje Miasto \u0141\u0119knica oraz cz\u0119\u015b\u0107 Gminy Trzebiel wg miejscowo\u015bci:<\/p>\n<p>\u017barki Wielkie,\u00a0 \u017barki Ma\u0142e, Chwaliszowice Marcin\u00f3w, W\u0142ostowice, Czaple, Wierzbi\u0119cin Kars\u00f3wka, Przewo\u017aniki, Nowe Czaple, Bronowice, Pustk\u00f3w, Stare Czaple, Siemiradz.<\/p>\n<p><u>DZIELNICOWI POSTERUNEK POLICJI W JASIENIU :<\/u><\/p>\n<p><u>Rejon s\u0142u\u017cbowy nr 5<\/u><\/p>\n<p><img loading=\"lazy\" decoding=\"async\" class=\"alignleft size-medium wp-image-881\" src=\"http:\/\/nowa.moja-gazeta.info\/wp-content\/uploads\/2017\/02\/st.sier\u017c.-\u0141ukasz-Szewczyk-PP-Jasie\u0144-225x300.jpg\" alt=\"\" width=\"225\" height=\"300\" srcset=\"https:\/\/moja24.pl\/wp-content\/uploads\/2017\/02\/st.sier\u017c.-\u0141ukasz-Szewczyk-PP-Jasie\u0144-225x300.jpg 225w, https:\/\/moja24.pl\/wp-content\/uploads\/2017\/02\/st.sier\u017c.-\u0141ukasz-Szewczyk-PP-Jasie\u0144-768x1024.jpg 768w, https:\/\/moja24.pl\/wp-content\/uploads\/2017\/02\/st.sier\u017c.-\u0141ukasz-Szewczyk-PP-Jasie\u0144-696x928.jpg 696w, https:\/\/moja24.pl\/wp-content\/uploads\/2017\/02\/st.sier\u017c.-\u0141ukasz-Szewczyk-PP-Jasie\u0144-1068x1424.jpg 1068w, https:\/\/moja24.pl\/wp-content\/uploads\/2017\/02\/st.sier\u017c.-\u0141ukasz-Szewczyk-PP-Jasie\u0144-315x420.jpg 315w\" sizes=\"auto, (max-width: 225px) 100vw, 225px\" \/>st.sier\u017c. \u0141ukasz Szewczyk<\/p>\n<p>tel. 519-534-583 lub 68-476-35-47<\/p>\n<p>e-mail: dzielnicowy.jasien1@go.policja.gov.pl<\/p>\n<p>Rejon dzielnicowego obejmuj\u0105cy miasto Jasie\u0144 wg ulic:<\/p>\n<p>Agrestowa, Akacjowa, Bociana, Boczna, Cicha, Cmentarna, Czere\u015bniowa, Energetyczna, Geodet\u00f3w, Graniczna, Konopnickiej, Ko\u015bcielna, Ko\u015bciuszki nr parzyste), Lipowa, Lubska, Ma\u0142a, Mickiewicza, Mareckiego, Modra, Pi\u0105tkowskiego, I Armii, Plac Armii Krajowej, Plac Wolno\u015bci, Podmok\u0142a, Rogali, Sienkiewicza, Sportowa, \u015awierczewskiego, (nr nieparzyste), Tartaczna, Tokarska, W\u0105ska, XX-lecia( nr nieparzyste) , Zielna, \u017barska (nr parzyste) \u017burawia, \u017bwirowa oraz miejscowo\u015bci Bronice, Golin, Jab\u0142onie, Jarosz\u00f3w, Jasionna, Jurzyn, Lipsk \u017barski, Lisia G\u00f3ra, \u015awibna, Zieleniec.<\/p>\n<p><u>Rejon s\u0142u\u017cbowy nr 6<\/u><\/p>\n<p><img loading=\"lazy\" decoding=\"async\" class=\"alignleft size-medium wp-image-882\" src=\"http:\/\/nowa.moja-gazeta.info\/wp-content\/uploads\/2017\/02\/sier\u017c.-Agnieszka-Moczyd\u0142owska-PP-Jasie\u0144-225x300.jpg\" alt=\"\" width=\"225\" height=\"300\" srcset=\"https:\/\/moja24.pl\/wp-content\/uploads\/2017\/02\/sier\u017c.-Agnieszka-Moczyd\u0142owska-PP-Jasie\u0144-225x300.jpg 225w, https:\/\/moja24.pl\/wp-content\/uploads\/2017\/02\/sier\u017c.-Agnieszka-Moczyd\u0142owska-PP-Jasie\u0144.jpg 306w\" sizes=\"auto, (max-width: 225px) 100vw, 225px\" \/>sier\u017c. Agnieszka Moczyd\u0142owska<\/p>\n<p>tel. 519 534 582 lub 68-476 35 47<\/p>\n<p>e-mail:dzielnicowy.jasien2@go.policja.gov.pl<\/p>\n<p>Rejon dzielnicowego obejmuj\u0105cy miasto Jasie\u0144 wg ulic:<\/p>\n<p>XX-lecia( nr parzyste) , Buczka, Budowlanych, Cegielniana, D\u0119bowa, Jask\u00f3\u0142cza, Jasna, Kana\u0142owa, Kolejowa, Konstytucji 3-go Maja, Ko\u015bciuszki ( nr nieparzyste), Lisia, M\u0142ynarska, Obro\u0144c\u00f3w, Ogrodowa, Okrzei, parkowa, Piwna, Podg\u00f3rna, Polna, Powsta\u0144c\u00f3w Warszawskich, Przemys\u0142owa, ptasia, Rzeczna, Saneczkowa, Sowia, Spokojna, \u015awierczewskiego (nr parzyste), Tenisowa, Wary\u0144skiego, Wodna, \u017barska (nr nieparzyste) \u017beromskiego oraz miejscowo\u015bci: Bieszk\u00f3w, Budziech\u00f3w, Guz\u00f3w, Mirkowice, Roztoki, Wicina, Zab\u0142ocie.<\/p>\n<p><u>DZIELNICOWI POSTERUNEK POLICJI W BRODACH:<\/u><\/p>\n<p><u><img loading=\"lazy\" decoding=\"async\" class=\"alignleft size-full wp-image-883\" src=\"http:\/\/nowa.moja-gazeta.info\/wp-content\/uploads\/2017\/02\/st.asp_.-Mariusz-\u017bukowski-PP-Brody.jpg\" alt=\"\" width=\"178\" height=\"227\" \/>asp. Mariusz \u017bukowski<\/u><\/p>\n<p>tel. kontaktow: 519534584 lub 68- 476 35 36<\/p>\n<p>e-mail: dzielnicowy.brody@go.policja.gov.pl<\/p>\n<p>Rejon dzielnicowego obejmuj\u0105cy gmin\u0119 Brody wg miejscowo\u015bci:<\/p>\n<p>Biecz, Brody, Bro\u017cek, Daty\u0144, Grodziszcze, Ja\u0142owice, Janiszowice, Jasienica, Jeziory Dolne, Jeziory Wysokie, Ko\u0142o, Kumia\u0142towice, Lasek, Marianka, Nab\u0142otno, Prosz\u00f3w, Suchod\u00f3\u0142, Wierzchno, Zasieki, \u017bytni M\u0142yn.<\/p>\n<p><em>foto. KPP \u017bary<\/em><\/p>\n<p>&nbsp;<\/p>\n<p>&nbsp;<\/p>\n<p>&nbsp;<\/p>\n<p>&nbsp;<\/p>\n<p>&nbsp;<\/p>\n<p>&nbsp;<\/p>\n<p>&nbsp;<\/p>\n","protected":false},"excerpt":{"rendered":"<p>Dzielnica nr 1 \u00a0sier\u017c. Bartosz G\u00f3rski tel. kom. 519534570, e-mail: dzielnicowy.zary1@go.policja.gov.pl Ulice: Brata Alberta, Broniewskiego, Bukowa, Cegielniana, Dygasi\u0144skiego, Fabryczna, Gabrieli Zapolskiej, Huculska, Hutnicza, Irysowa, Kalinowa, Kaszubska, Katowicka nr 2, Kolejowa, Komuny Paryskiej, Le\u015bna, M\u0142ynarska, Okrzei, Opalowa, Polna, Po\u0142udniowa, P\u00f3\u0142nocna, Rataja, R\u00f3\u017cana, S\u0142oneczna, Szkolna, Szmaragdowa, \u015arednia, Towarowa, Tunelowa, Turkusowa, Witosa,\u00a0 Zgorzelecka, \u00a0\u0179r\u00f3dlana. Dzielnica nr 2 st.post. [&hellip;]<\/p>\n","protected":false},"author":2,"featured_media":884,"comment_status":"open","ping_status":"open","sticky":false,"template":"","format":"standard","meta":{"_monsterinsights_skip_tracking":false,"_monsterinsights_sitenote_active":false,"_monsterinsights_sitenote_note":"","_monsterinsights_sitenote_category":0,"footnotes":""},"categories":[20],"tags":[31,35,34,36,33,37,32],"class_list":["post-855","post","type-post","status-publish","format-standard","has-post-thumbnail","hentry","category-informacje","tag-dzielnicowi-zary","tag-policja-jasien","tag-policja-lubsko","tag-policja-trzebiel","tag-policja-zary","tag-posterunki-policji","tag-powiat-zarski"],"_links":{"self":[{"href":"https:\/\/moja24.pl\/index.php\/wp-json\/wp\/v2\/posts\/855","targetHints":{"allow":["GET"]}}],"collection":[{"href":"https:\/\/moja24.pl\/index.php\/wp-json\/wp\/v2\/posts"}],"about":[{"href":"https:\/\/moja24.pl\/index.php\/wp-json\/wp\/v2\/types\/post"}],"author":[{"embeddable":true,"href":"https:\/\/moja24.pl\/index.php\/wp-json\/wp\/v2\/users\/2"}],"replies":[{"embeddable":true,"href":"https:\/\/moja24.pl\/index.php\/wp-json\/wp\/v2\/comments?post=855"}],"version-history":[{"count":10,"href":"https:\/\/moja24.pl\/index.php\/wp-json\/wp\/v2\/posts\/855\/revisions"}],"predecessor-version":[{"id":887,"href":"https:\/\/moja24.pl\/index.php\/wp-json\/wp\/v2\/posts\/855\/revisions\/887"}],"wp:featuredmedia":[{"embeddable":true,"href":"https:\/\/moja24.pl\/index.php\/wp-json\/wp\/v2\/media\/884"}],"wp:attachment":[{"href":"https:\/\/moja24.pl\/index.php\/wp-json\/wp\/v2\/media?parent=855"}],"wp:term":[{"taxonomy":"category","embeddable":true,"href":"https:\/\/moja24.pl\/index.php\/wp-json\/wp\/v2\/categories?post=855"},{"taxonomy":"post_tag","embeddable":true,"href":"https:\/\/moja24.pl\/index.php\/wp-json\/wp\/v2\/tags?post=855"}],"curies":[{"name":"wp","href":"https:\/\/api.w.org\/{rel}","templated":true}]}}