{"id":888,"date":"2017-02-09T15:00:13","date_gmt":"2017-02-09T14:00:13","guid":{"rendered":"http:\/\/nowa.moja-gazeta.info\/?p=888"},"modified":"2017-02-09T14:46:14","modified_gmt":"2017-02-09T13:46:14","slug":"dwa-miliony-na-zagospodarowanie-parku","status":"publish","type":"post","link":"https:\/\/moja24.pl\/index.php\/2017\/02\/09\/dwa-miliony-na-zagospodarowanie-parku\/","title":{"rendered":"Dwa miliony na zagospodarowanie parku"},"content":{"rendered":"<p><span id=\"tekst\"><strong>Przez lata zapomniany i zaniedbany. Teraz ma szans\u0119 sta\u0107 si\u0119 ulubionym miejscem wypoczynku nie tylko mieszka\u0144c\u00f3w najwi\u0119kszego osiedla w mie\u015bcie.<\/strong> <\/span><\/p>\n<p><span id=\"tekst\">Park przy ul. Paderewskiego ma zyska\u0107 now\u0105 jako\u015b\u0107.<\/span> To dzi\u0119ki mieszka\u0144com i ich g\u0142osom oddanym na projekt zawarty w bud\u017cecie obywatelskim, w tym roku b\u0119dzie mo\u017cna wyda\u0107 na ten cel 800 tys. z\u0142otych. Ale to nie wszystko. Urz\u0119dnicy miejscy postanowili za\u0142atwi\u0107 temat kompleksowo i do\u0142o\u017cy\u0107 w przysz\u0142ym roku jeszcze ponad milion.<\/p>\n<p>Dzi\u0119ki temu ca\u0142y teren zostanie zagospodarowany. Obecnie na jego obrze\u017cach funkcjonuje przedszkole, strzelnica, pizzeria, jest r\u00f3wnie\u017c Orlik oraz korty tenisowe. Niestety, ale w \u015brodku, od lat straszy trawiasta pustynia.<\/p>\n<p><b>Rekreacja, zabawa i odpoczynek<\/b><\/p>\n<p>Dzieci uciesz\u0105 si\u0119 z dw\u00f3ch plac\u00f3w zabaw &#8211; b\u0119dzie co\u015b zar\u00f3wno dla tych m\u0142odszych, jak i starszych. Na miejscu dawnego boiska do pla\u017cowej pi\u0142ki no\u017cnej ustawione zostan\u0105 urz\u0105dzenia do \u0107wicze\u0144 &#8211; si\u0142ownia plenerowa i tzw. street workout, a tu\u017c obok plac do gry w bule. W po\u0142udniowo-zachodniej cz\u0119\u015bci parku wybudowany zostanie tor rolkowy. Tu\u017c obok powstanie pumptrack, czyli tor treningowy z ciasnymi zakr\u0119tami i muldami, przeznaczony do jazdy rowerem. Spor\u0105 cz\u0119\u015b\u0107 terenu zajmie strefa &#8222;cicha&#8221;. Jak sama nazwa wskazuje, miejsce to ma s\u0142u\u017cy\u0107 szukaj\u0105cym spokoju i odpoczynku na \u0142awkach w\u015br\u00f3d ro\u015blinno\u015bci lub przy stolikach do gry w szachy.<\/p>\n<p><b>Strzelnica bez ha\u0142asu<\/b><\/p>\n<p>Wykonawca rob\u00f3t wy\u0142oniony zostanie w przetargu.<\/p>\n<p>&#8211; Po wybraniu najlepszej oferty przekonamy si\u0119, jaki b\u0119dzie koszt inwestycji &#8211; m\u00f3wi wiceburmistrz Olaf Napi\u00f3rkowski. &#8211; Mamy nadziej\u0119, \u017ce wi\u0119ksza cz\u0119\u015b\u0107 prac zostanie wykonana ju\u017c w tym roku.<\/p>\n<p>Przy okazji istniej\u0105ca od lat strzelnica zostanie wyremontowana i dostosowana do odpowiednich standard\u00f3w. B\u0119dzie tam mo\u017cliwo\u015b\u0107 korzystania wy\u0142\u0105cznie z broni sportowej, poniewa\u017c mieszka\u0144cy narzekali na ha\u0142as, na przyk\u0142ad z broni my\u015bliwskiej.<\/p>\n<p>&#8211; Na ten cel zarezerwowali\u015bmy w tym roku kwot\u0119 60 tys. z\u0142otych &#8211; dodaje wiceburmistrz Napi\u00f3rkowski.<\/p>\n<p><em>Andrzej Buczy\u0144ski<\/em><\/p>\n<p>&nbsp;<\/p>\n","protected":false},"excerpt":{"rendered":"<p>Przez lata zapomniany i zaniedbany. Teraz ma szans\u0119 sta\u0107 si\u0119 ulubionym miejscem wypoczynku nie tylko mieszka\u0144c\u00f3w najwi\u0119kszego osiedla w mie\u015bcie. Park przy ul. Paderewskiego ma zyska\u0107 now\u0105 jako\u015b\u0107. To dzi\u0119ki mieszka\u0144com i ich g\u0142osom oddanym na projekt zawarty w bud\u017cecie obywatelskim, w tym roku b\u0119dzie mo\u017cna wyda\u0107 na ten cel 800 tys. z\u0142otych. Ale to [&hellip;]<\/p>\n","protected":false},"author":2,"featured_media":890,"comment_status":"open","ping_status":"open","sticky":false,"template":"","format":"standard","meta":{"_monsterinsights_skip_tracking":false,"_monsterinsights_sitenote_active":false,"_monsterinsights_sitenote_note":"","_monsterinsights_sitenote_category":0,"footnotes":""},"categories":[20],"tags":[90,91,74,89,67,87,88,68,73,66],"class_list":["post-888","post","type-post","status-publish","format-standard","has-post-thumbnail","hentry","category-informacje","tag-burmiastrz-miasta-zary","tag-danuta-madej-zary","tag-informacje-zary","tag-inwestycje-zary","tag-miasto-zary","tag-olaf-napiorkowski","tag-park-na-czerwonego-krzyza-w-zarach","tag-urzad-miasta-zary","tag-wiadomosci-zary","tag-zary"],"_links":{"self":[{"href":"https:\/\/moja24.pl\/index.php\/wp-json\/wp\/v2\/posts\/888","targetHints":{"allow":["GET"]}}],"collection":[{"href":"https:\/\/moja24.pl\/index.php\/wp-json\/wp\/v2\/posts"}],"about":[{"href":"https:\/\/moja24.pl\/index.php\/wp-json\/wp\/v2\/types\/post"}],"author":[{"embeddable":true,"href":"https:\/\/moja24.pl\/index.php\/wp-json\/wp\/v2\/users\/2"}],"replies":[{"embeddable":true,"href":"https:\/\/moja24.pl\/index.php\/wp-json\/wp\/v2\/comments?post=888"}],"version-history":[{"count":2,"href":"https:\/\/moja24.pl\/index.php\/wp-json\/wp\/v2\/posts\/888\/revisions"}],"predecessor-version":[{"id":891,"href":"https:\/\/moja24.pl\/index.php\/wp-json\/wp\/v2\/posts\/888\/revisions\/891"}],"wp:featuredmedia":[{"embeddable":true,"href":"https:\/\/moja24.pl\/index.php\/wp-json\/wp\/v2\/media\/890"}],"wp:attachment":[{"href":"https:\/\/moja24.pl\/index.php\/wp-json\/wp\/v2\/media?parent=888"}],"wp:term":[{"taxonomy":"category","embeddable":true,"href":"https:\/\/moja24.pl\/index.php\/wp-json\/wp\/v2\/categories?post=888"},{"taxonomy":"post_tag","embeddable":true,"href":"https:\/\/moja24.pl\/index.php\/wp-json\/wp\/v2\/tags?post=888"}],"curies":[{"name":"wp","href":"https:\/\/api.w.org\/{rel}","templated":true}]}}