{"id":916,"date":"2017-02-11T10:21:15","date_gmt":"2017-02-11T09:21:15","guid":{"rendered":"http:\/\/nowa.moja-gazeta.info\/?p=916"},"modified":"2017-02-09T20:26:09","modified_gmt":"2017-02-09T19:26:09","slug":"slub-w-wymarzonym-miejscu","status":"publish","type":"post","link":"https:\/\/moja24.pl\/index.php\/2017\/02\/11\/slub-w-wymarzonym-miejscu\/","title":{"rendered":"\u015alub w wymarzonym miejscu"},"content":{"rendered":"<p><span id=\"tekst\"><strong>Jeszcze do niedawna ceremonia \u015blubna mog\u0142a odby\u0107 si\u0119 tylko w urz\u0119dzie, b\u0105d\u017a te\u017c w ko\u015bciele. Jednak zwi\u0105zek ma\u0142\u017ce\u0144ski mo\u017cna zawrze\u0107 prawie wsz\u0119dzie.<\/strong><br \/>\n<\/span><\/p>\n<p>Planujesz ten dzie\u0144 i chcesz by by\u0142 wyj\u0105tkowy i niezapomniany? Mo\u017ce wi\u0119c ceremoni\u0119 za\u015blubin zorganizowa\u0107 w pi\u0119knym zamku? Mo\u017ce z szumem morskich fal w tle? Albo w przydomowym ogrodzie? Pomys\u0142\u00f3w mo\u017ce by\u0107 naprawd\u0119 wiele.<\/p>\n<p>Prawo przewiduje dwa przypadki, w kt\u00f3rych \u015blub udzielany jest przez kierownika urz\u0119du stanu cywilnego poza urz\u0119dem. Pierwszy podyktowany jest stanem zdrowia. Mo\u017ce dotyczy\u0107 na przyk\u0142ad osoby niepe\u0142nosprawnej, kt\u00f3ra z r\u00f3\u017cnych przyczyn nie jest w stanie porusza\u0107 si\u0119 swobodnie. Drugi przypadek, to \u015blub na \u017cyczenie w miejscu wybranym przez przysz\u0142ych nowo\u017ce\u0144c\u00f3w. \u017beby jednak mog\u0142o doj\u015b\u0107 do takiej ceremonii, urz\u0119dnicy najpierw sprawdz\u0105, czy zaproponowane miejsce spe\u0142nia pewne, okre\u015blone przepisami wymagania.<\/p>\n<p><b>Urz\u0119dnik oceni<\/b><\/p>\n<p>Je\u015bli planujemy ceremoni\u0119 w plenerze, musimy zadba\u0107 o odpowiednie miejsce, tak aby \u00a0go\u015bcie nie musieli chocia\u017cby sta\u0107 po kostki w b\u0142ocie. Powinno te\u017c by\u0107 jakie\u015b zadaszenie chroni\u0105ce od ewentualnego deszczu. Warto pomy\u015ble\u0107 o nag\u0142o\u015bnieniu.<\/p>\n<p>&#8211; Przede wszystkim takie miejsce powinno by\u0107 godne, odpowiednie do powagi uroczysto\u015bci &#8211; m\u00f3wi Gra\u017cyna Jasi\u0144ska, kierownik Urz\u0119du Stanu Cywilnego w \u017barach. &#8211; Powinno by\u0107 bardziej atrakcyjne ni\u017c sala, kt\u00f3r\u0105 dysponuje urz\u0105d, albo zwi\u0105zane emocjonalnie z \u017cyciem os\u00f3b, kt\u00f3re chc\u0105 wzi\u0105\u0107 \u015blub. Nie mo\u017ce to by\u0107 zrobione byle jak i byle gdzie, na przyk\u0142ad w obskurnej restauracji, mi\u0119dzy stolikami z konsumpcj\u0105 &#8211; dodaje.<\/p>\n<p><b>Jak znale\u017a\u0107 swoje miejsce<\/b><\/p>\n<p>Zawieranie zwi\u0105zk\u00f3w ma\u0142\u017ce\u0144skich poza urz\u0119dem nie jest zbyt popularne. W ubieg\u0142ym roku w \u017barach odby\u0142o si\u0119 jedynie pi\u0119\u0107 takich ceremonii.<\/p>\n<p>Obecnie wi\u0119kszo\u015b\u0107 \u015blub\u00f3w udzielanych jest w ko\u015bciele. Od kiedy nie ma ju\u017c potrzeby dublowania za\u015blubin, wiele os\u00f3b wierz\u0105cych decyduje si\u0119 tylko i wy\u0142\u0105cznie na ko\u015bci\u00f3\u0142. To oko\u0142o 55 procent wszystkich zawieranych zwi\u0105zk\u00f3w ma\u0142\u017ce\u0144skich. Niemniej jednak, s\u0105 te\u017c osoby niewierz\u0105ce, wyznawcy innych religii, a tak\u017ce ci, kt\u00f3rzy po raz kolejny zawieraj\u0105 zwi\u0105zek ma\u0142\u017ce\u0144ski i nie posiadaj\u0105 tak zwanego rozwodu ko\u015bcielnego. S\u0105 niejako skazani na urz\u0105d, b\u0105d\u017a te\u017c wybrane przez siebie miejsce poza urz\u0119dem.<\/p>\n<p><b>\u015alub gdzie\u015b w Polsce<\/b><\/p>\n<p>Trzeba te\u017c wzi\u0105\u0107 pod uwag\u0119, \u017ce mi\u0142o\u015bnicy g\u00f3r ch\u0119tnie wzi\u0119liby \u015blub gdzie\u015b w\u015br\u00f3d szczyt\u00f3w. Kochaj\u0105cy jeziora, czy morze, b\u0119d\u0105 szuka\u0107 takich w\u0142a\u015bnie miejsc. By\u0107 mo\u017ce w najbli\u017cszej okolicy nie znajdziemy miejsc spe\u0142niaj\u0105cych nasze wymagania. Ale nic nie stoi na przeszkodzie, by znale\u017a\u0107 je gdzie\u015b dalej. Nie ma bowiem obowi\u0105zku zawierania zwi\u0105zk\u00f3w ma\u0142\u017ce\u0144skich w miejscu zamieszkania.<\/p>\n<p>Co nale\u017cy w takiej sytuacji zrobi\u0107? Wystarczy uda\u0107 si\u0119 do dowolnego urz\u0119du stanu cywilnego w Polsce i tam za\u0142atwi\u0107 wszelkie formalno\u015bci. Trzeba jedynie liczy\u0107 si\u0119 z dodatkowym wydatkiem &#8211; urz\u0119dnik udzieli \u015blubu w wybranym przez nas i zaakceptowanym miejscu, ale b\u0119dzie to kosztowa\u0107 dodatkowe 1000 z\u0142otych. Do tego dolicza si\u0119 op\u0142at\u0119 skarbow\u0105 za sporz\u0105dzenie aktu ma\u0142\u017ce\u0144stwa w wysoko\u015bci 84 z\u0142otych, ale to akurat dotyczy wszystkich nowo\u017ce\u0144c\u00f3w.<\/p>\n<p><b>Powaga wydarzenia<\/b><\/p>\n<p>Nie tylko miejsce ma znaczenie. Elegancki ubi\u00f3r podkre\u015bla, jak wa\u017cna jest to uroczysto\u015b\u0107 dla os\u00f3b bior\u0105cych w niej udzia\u0142. Nawet filmowy Kazimierz Pawlak na widok dopiero co zakupionego garnituru Zenka, narzeczonego jego wnuczki Ani, zapyta\u0142 &#8211; a dro\u017cszych nie by\u0142o?<\/p>\n<p>\u015alub urz\u0119dowy podlega pewnym regu\u0142om i pewne formy musz\u0105 by\u0107 zachowane.<\/p>\n<p>&#8211; Oczywi\u015bcie, tekst kierownika USC mo\u017ce ulec zmianie, bo inaczej m\u00f3wi si\u0119 do os\u00f3b starszych, a inaczej do bardzo m\u0142odych, dopiero rozpoczynaj\u0105cych doros\u0142e \u017cycie &#8211; t\u0142umaczy\u00a0 Gra\u017cyna Jasi\u0144ska. &#8211; Zdarza\u0142o si\u0119 wprawdzie, \u017ce pan m\u0142ody przyszed\u0142 na uroczysto\u015b\u0107 bez marynarki, ale na szcz\u0119\u015bcie w ca\u0142ej mojej karierze nie mia\u0142am przypadku, \u017ceby kto\u015b przyszed\u0142 na sw\u00f3j \u015blub w dresie, a tego zawsze si\u0119 bardzo obawia\u0142am &#8211; dodaje z u\u015bmiechem.<\/p>\n<p id=\"tekst\" align=\"right\"><i>Andrzej Buczy\u0144ski<\/i><\/p>\n","protected":false},"excerpt":{"rendered":"<p>Jeszcze do niedawna ceremonia \u015blubna mog\u0142a odby\u0107 si\u0119 tylko w urz\u0119dzie, b\u0105d\u017a te\u017c w ko\u015bciele. Jednak zwi\u0105zek ma\u0142\u017ce\u0144ski mo\u017cna zawrze\u0107 prawie wsz\u0119dzie. Planujesz ten dzie\u0144 i chcesz by by\u0142 wyj\u0105tkowy i niezapomniany? Mo\u017ce wi\u0119c ceremoni\u0119 za\u015blubin zorganizowa\u0107 w pi\u0119knym zamku? Mo\u017ce z szumem morskich fal w tle? Albo w przydomowym ogrodzie? Pomys\u0142\u00f3w mo\u017ce by\u0107 naprawd\u0119 [&hellip;]<\/p>\n","protected":false},"author":2,"featured_media":919,"comment_status":"open","ping_status":"open","sticky":false,"template":"","format":"standard","meta":{"_monsterinsights_skip_tracking":false,"_monsterinsights_sitenote_active":false,"_monsterinsights_sitenote_note":"","_monsterinsights_sitenote_category":0,"footnotes":""},"categories":[20],"tags":[103,67,101,64,68,102],"class_list":["post-916","post","type-post","status-publish","format-standard","has-post-thumbnail","hentry","category-informacje","tag-dzien-swietego-walentego","tag-miasto-zary","tag-slub","tag-urzad-miasta-lubsko","tag-urzad-miasta-zary","tag-wesele"],"_links":{"self":[{"href":"https:\/\/moja24.pl\/index.php\/wp-json\/wp\/v2\/posts\/916","targetHints":{"allow":["GET"]}}],"collection":[{"href":"https:\/\/moja24.pl\/index.php\/wp-json\/wp\/v2\/posts"}],"about":[{"href":"https:\/\/moja24.pl\/index.php\/wp-json\/wp\/v2\/types\/post"}],"author":[{"embeddable":true,"href":"https:\/\/moja24.pl\/index.php\/wp-json\/wp\/v2\/users\/2"}],"replies":[{"embeddable":true,"href":"https:\/\/moja24.pl\/index.php\/wp-json\/wp\/v2\/comments?post=916"}],"version-history":[{"count":1,"href":"https:\/\/moja24.pl\/index.php\/wp-json\/wp\/v2\/posts\/916\/revisions"}],"predecessor-version":[{"id":917,"href":"https:\/\/moja24.pl\/index.php\/wp-json\/wp\/v2\/posts\/916\/revisions\/917"}],"wp:featuredmedia":[{"embeddable":true,"href":"https:\/\/moja24.pl\/index.php\/wp-json\/wp\/v2\/media\/919"}],"wp:attachment":[{"href":"https:\/\/moja24.pl\/index.php\/wp-json\/wp\/v2\/media?parent=916"}],"wp:term":[{"taxonomy":"category","embeddable":true,"href":"https:\/\/moja24.pl\/index.php\/wp-json\/wp\/v2\/categories?post=916"},{"taxonomy":"post_tag","embeddable":true,"href":"https:\/\/moja24.pl\/index.php\/wp-json\/wp\/v2\/tags?post=916"}],"curies":[{"name":"wp","href":"https:\/\/api.w.org\/{rel}","templated":true}]}}