{"id":966,"count":3,"description":"","link":"https:\/\/moja24.pl\/index.php\/tag\/swieto-niepodleglosci-w-zarach\/","name":"\u015awi\u0119to Niepodleg\u0142o\u015bci w \u017barach","slug":"swieto-niepodleglosci-w-zarach","taxonomy":"post_tag","meta":[],"_links":{"self":[{"href":"https:\/\/moja24.pl\/index.php\/wp-json\/wp\/v2\/tags\/966","targetHints":{"allow":["GET"]}}],"collection":[{"href":"https:\/\/moja24.pl\/index.php\/wp-json\/wp\/v2\/tags"}],"about":[{"href":"https:\/\/moja24.pl\/index.php\/wp-json\/wp\/v2\/taxonomies\/post_tag"}],"wp:post_type":[{"href":"https:\/\/moja24.pl\/index.php\/wp-json\/wp\/v2\/posts?tags=966"}],"curies":[{"name":"wp","href":"https:\/\/api.w.org\/{rel}","templated":true}]}}